{"id":1219,"date":"2024-12-09T09:13:48","date_gmt":"2024-12-09T08:13:48","guid":{"rendered":"https:\/\/www.sortir06.fr\/actualites\/?p=1219"},"modified":"2024-12-09T09:15:16","modified_gmt":"2024-12-09T08:15:16","slug":"edition-2025-du-marathon-des-alpes-maritimes-nice-cannes","status":"publish","type":"post","link":"https:\/\/www.sortir06.fr\/actualites\/sport\/edition-2025-du-marathon-des-alpes-maritimes-nice-cannes\/","title":{"rendered":"\u00c9dition 2025 du Marathon des Alpes-maritimes Nice-Cannes"},"content":{"rendered":"\t\t<div data-elementor-type=\"wp-post\" data-elementor-id=\"1219\" class=\"elementor elementor-1219\" data-elementor-post-type=\"post\">\n\t\t\t\t<div class=\"elementor-element elementor-element-27665e7 e-flex e-con-boxed e-con e-parent\" data-id=\"27665e7\" data-element_type=\"container\">\n\t\t\t\t\t<div class=\"e-con-inner\">\n\t\t\t\t<div class=\"elementor-element elementor-element-3f262fd elementor-widget elementor-widget-text-editor\" data-id=\"3f262fd\" data-element_type=\"widget\" data-widget_type=\"text-editor.default\">\n\t\t\t\t<div class=\"elementor-widget-container\">\n\t\t\t<style>\/*! elementor - v3.23.0 - 05-08-2024 *\/\n.elementor-widget-text-editor.elementor-drop-cap-view-stacked .elementor-drop-cap{background-color:#69727d;color:#fff}.elementor-widget-text-editor.elementor-drop-cap-view-framed .elementor-drop-cap{color:#69727d;border:3px solid;background-color:transparent}.elementor-widget-text-editor:not(.elementor-drop-cap-view-default) .elementor-drop-cap{margin-top:8px}.elementor-widget-text-editor:not(.elementor-drop-cap-view-default) .elementor-drop-cap-letter{width:1em;height:1em}.elementor-widget-text-editor .elementor-drop-cap{float:left;text-align:center;line-height:1;font-size:50px}.elementor-widget-text-editor .elementor-drop-cap-letter{display:inline-block}<\/style>\t\t\t\t<p>Le plus grand marathon de France apr\u00e8s paris vous donne rendez-vous le dimanche 9 novembre 2025<br \/>De Nice \u00e0 Cannes, venez vivre le dimanche 9 novembre 2025 une exp\u00e9rience 5 \u00e9toiles en d\u00e9couvrant les paysages somptueux des Alpes-Maritimes et go\u00fbter au \u00ab\u00a0French Riviera art de vivre\u00a0\u00bb ! Comme pr\u00e8s de 190 562 coureurs inscrits depuis sa cr\u00e9ation en 2008 et avec plus de 94 nations repr\u00e9sent\u00e9es au d\u00e9part sur l&rsquo;ensemble des distances propos\u00e9es, le Marathon des Alpes-Maritimes Nice-Cannes s\u00e9duit chaque ann\u00e9e par la beaut\u00e9 de ses paysages ses milliers de concurrents venus des quatre coins du monde.<\/p><p>En 2024, 18 000 coureurs \u00e9taient pr\u00e9sents au d\u00e9part dont pr\u00e8s de 31 % de concurrents internationaux ! Pr\u00e8s de 50 % d&rsquo;entre eux avaient choisi le Marathon des Alpes-Maritimes Nice-Cannes pour r\u00e9aliser leur premier marathon !<\/p><p>Comme eux, venez profiter le temps d&rsquo;un week-end touristique et sportif, de la mer, des palmiers et de l&rsquo;\u00e9t\u00e9 indien sur la Riviera !<\/p><p>Soyez au rendez-vous le dimanche 9 novembre prochain !<\/p><p><a href=\"https:\/\/www.marathon06.com\/2025\/\" target=\"_blank\" rel=\"noopener\">https:\/\/www.marathon06.com\/2025\/<\/a><\/p>\t\t\t\t\t\t<\/div>\n\t\t\t\t<\/div>\n\t\t\t\t\t<\/div>\n\t\t\t\t<\/div>\n\t\t<div class=\"elementor-element elementor-element-6c292d2 e-flex e-con-boxed e-con e-parent\" data-id=\"6c292d2\" data-element_type=\"container\">\n\t\t\t\t\t<div class=\"e-con-inner\">\n\t\t\t\t<div class=\"elementor-element elementor-element-a36de60 elementor-widget elementor-widget-image\" data-id=\"a36de60\" data-element_type=\"widget\" data-widget_type=\"image.default\">\n\t\t\t\t<div class=\"elementor-widget-container\">\n\t\t\t<style>\/*! elementor - v3.23.0 - 05-08-2024 *\/\n.elementor-widget-image{text-align:center}.elementor-widget-image a{display:inline-block}.elementor-widget-image a img[src$=\".svg\"]{width:48px}.elementor-widget-image img{vertical-align:middle;display:inline-block}<\/style>\t\t\t\t\t\t\t\t\t\t<img fetchpriority=\"high\" decoding=\"async\" width=\"1024\" height=\"768\" src=\"https:\/\/www.sortir06.fr\/actualites\/wp-content\/uploads\/2024\/12\/marathon-alpes-maritimes-1024x768.webp\" class=\"attachment-large size-large wp-image-1220\" alt=\"\u00c9dition 2025 du Marathon des Alpes-maritimes Nice-Cannes\" srcset=\"https:\/\/www.sortir06.fr\/actualites\/wp-content\/uploads\/2024\/12\/marathon-alpes-maritimes-1024x768.webp 1024w, https:\/\/www.sortir06.fr\/actualites\/wp-content\/uploads\/2024\/12\/marathon-alpes-maritimes-300x225.webp 300w, https:\/\/www.sortir06.fr\/actualites\/wp-content\/uploads\/2024\/12\/marathon-alpes-maritimes-768x576.webp 768w, https:\/\/www.sortir06.fr\/actualites\/wp-content\/uploads\/2024\/12\/marathon-alpes-maritimes.webp 1200w\" sizes=\"(max-width: 1024px) 100vw, 1024px\" \/>\t\t\t\t\t\t\t\t\t\t\t\t\t<\/div>\n\t\t\t\t<\/div>\n\t\t\t\t\t<\/div>\n\t\t\t\t<\/div>\n\t\t\t\t<\/div>\n\t\t\n\n<div class=\"kk-star-ratings kksr-auto kksr-align-center kksr-valign-bottom\"\n    data-payload='{&quot;align&quot;:&quot;center&quot;,&quot;id&quot;:&quot;1219&quot;,&quot;slug&quot;:&quot;default&quot;,&quot;valign&quot;:&quot;bottom&quot;,&quot;ignore&quot;:&quot;&quot;,&quot;reference&quot;:&quot;auto&quot;,&quot;class&quot;:&quot;&quot;,&quot;count&quot;:&quot;0&quot;,&quot;legendonly&quot;:&quot;&quot;,&quot;readonly&quot;:&quot;&quot;,&quot;score&quot;:&quot;0&quot;,&quot;starsonly&quot;:&quot;&quot;,&quot;best&quot;:&quot;5&quot;,&quot;gap&quot;:&quot;5&quot;,&quot;greet&quot;:&quot;Vous aimez ?&quot;,&quot;legend&quot;:&quot;0\\\/5 - (0 vote)&quot;,&quot;size&quot;:&quot;24&quot;,&quot;title&quot;:&quot;\u00c9dition 2025 du Marathon des Alpes-maritimes Nice-Cannes&quot;,&quot;width&quot;:&quot;0&quot;,&quot;_legend&quot;:&quot;{score}\\\/{best} - ({count} {votes})&quot;,&quot;font_factor&quot;:&quot;1.25&quot;}'>\n            \n<div class=\"kksr-stars\">\n    \n<div class=\"kksr-stars-inactive\">\n            <div class=\"kksr-star\" data-star=\"1\" style=\"padding-right: 5px\">\n            \n\n<div class=\"kksr-icon\" style=\"width: 24px; height: 24px;\"><\/div>\n        <\/div>\n            <div class=\"kksr-star\" data-star=\"2\" style=\"padding-right: 5px\">\n            \n\n<div class=\"kksr-icon\" style=\"width: 24px; height: 24px;\"><\/div>\n        <\/div>\n            <div class=\"kksr-star\" data-star=\"3\" style=\"padding-right: 5px\">\n            \n\n<div class=\"kksr-icon\" style=\"width: 24px; height: 24px;\"><\/div>\n        <\/div>\n            <div class=\"kksr-star\" data-star=\"4\" style=\"padding-right: 5px\">\n            \n\n<div class=\"kksr-icon\" style=\"width: 24px; height: 24px;\"><\/div>\n        <\/div>\n            <div class=\"kksr-star\" data-star=\"5\" style=\"padding-right: 5px\">\n            \n\n<div class=\"kksr-icon\" style=\"width: 24px; height: 24px;\"><\/div>\n        <\/div>\n    <\/div>\n    \n<div class=\"kksr-stars-active\" style=\"width: 0px;\">\n            <div class=\"kksr-star\" style=\"padding-right: 5px\">\n            \n\n<div class=\"kksr-icon\" style=\"width: 24px; height: 24px;\"><\/div>\n        <\/div>\n            <div class=\"kksr-star\" style=\"padding-right: 5px\">\n            \n\n<div class=\"kksr-icon\" style=\"width: 24px; height: 24px;\"><\/div>\n        <\/div>\n            <div class=\"kksr-star\" style=\"padding-right: 5px\">\n            \n\n<div class=\"kksr-icon\" style=\"width: 24px; height: 24px;\"><\/div>\n        <\/div>\n            <div class=\"kksr-star\" style=\"padding-right: 5px\">\n            \n\n<div class=\"kksr-icon\" style=\"width: 24px; height: 24px;\"><\/div>\n        <\/div>\n            <div class=\"kksr-star\" style=\"padding-right: 5px\">\n            \n\n<div class=\"kksr-icon\" style=\"width: 24px; height: 24px;\"><\/div>\n        <\/div>\n    <\/div>\n<\/div>\n                \n\n<div class=\"kksr-legend\" style=\"font-size: 19.2px;\">\n            <span class=\"kksr-muted\">Vous aimez ?<\/span>\n    <\/div>\n    <\/div>\n","protected":false},"excerpt":{"rendered":"<p>Le plus grand marathon de France apr\u00e8s paris vous donne rendez-vous le dimanche 9 novembre 2025De Nice \u00e0 Cannes, venez [&hellip;]<\/p>\n","protected":false},"author":1,"featured_media":1220,"comment_status":"closed","ping_status":"closed","sticky":false,"template":"","format":"standard","meta":{"site-sidebar-layout":"default","site-content-layout":"","ast-site-content-layout":"","site-content-style":"default","site-sidebar-style":"default","ast-global-header-display":"","ast-banner-title-visibility":"","ast-main-header-display":"","ast-hfb-above-header-display":"","ast-hfb-below-header-display":"","ast-hfb-mobile-header-display":"","site-post-title":"","ast-breadcrumbs-content":"","ast-featured-img":"","footer-sml-layout":"","theme-transparent-header-meta":"","adv-header-id-meta":"","stick-header-meta":"","header-above-stick-meta":"","header-main-stick-meta":"","header-below-stick-meta":"","astra-migrate-meta-layouts":"default","ast-page-background-enabled":"default","ast-page-background-meta":{"desktop":{"background-color":"var(--ast-global-color-4)","background-image":"","background-repeat":"repeat","background-position":"center center","background-size":"auto","background-attachment":"scroll","background-type":"","background-media":"","overlay-type":"","overlay-color":"","overlay-opacity":"","overlay-gradient":""},"tablet":{"background-color":"","background-image":"","background-repeat":"repeat","background-position":"center center","background-size":"auto","background-attachment":"scroll","background-type":"","background-media":"","overlay-type":"","overlay-color":"","overlay-opacity":"","overlay-gradient":""},"mobile":{"background-color":"","background-image":"","background-repeat":"repeat","background-position":"center center","background-size":"auto","background-attachment":"scroll","background-type":"","background-media":"","overlay-type":"","overlay-color":"","overlay-opacity":"","overlay-gradient":""}},"ast-content-background-meta":{"desktop":{"background-color":"var(--ast-global-color-5)","background-image":"","background-repeat":"repeat","background-position":"center center","background-size":"auto","background-attachment":"scroll","background-type":"","background-media":"","overlay-type":"","overlay-color":"","overlay-opacity":"","overlay-gradient":""},"tablet":{"background-color":"var(--ast-global-color-5)","background-image":"","background-repeat":"repeat","background-position":"center center","background-size":"auto","background-attachment":"scroll","background-type":"","background-media":"","overlay-type":"","overlay-color":"","overlay-opacity":"","overlay-gradient":""},"mobile":{"background-color":"var(--ast-global-color-5)","background-image":"","background-repeat":"repeat","background-position":"center center","background-size":"auto","background-attachment":"scroll","background-type":"","background-media":"","overlay-type":"","overlay-color":"","overlay-opacity":"","overlay-gradient":""}},"footnotes":""},"categories":[169],"tags":[29,101],"class_list":["post-1219","post","type-post","status-publish","format-standard","has-post-thumbnail","hentry","category-sport","tag-cannes","tag-nice"],"yoast_head":"<!-- This site is optimized with the Yoast SEO plugin v23.2 - https:\/\/yoast.com\/wordpress\/plugins\/seo\/ -->\n<title>\u00c9dition 2025 du Marathon des Alpes-maritimes Nice-Cannes<\/title>\n<meta name=\"robots\" content=\"index, follow, max-snippet:-1, max-image-preview:large, max-video-preview:-1\" \/>\n<link rel=\"canonical\" href=\"https:\/\/www.sortir06.fr\/actualites\/sport\/edition-2025-du-marathon-des-alpes-maritimes-nice-cannes\/\" \/>\n<meta property=\"og:locale\" content=\"fr_FR\" \/>\n<meta property=\"og:type\" content=\"article\" \/>\n<meta property=\"og:title\" content=\"\u00c9dition 2025 du Marathon des Alpes-maritimes Nice-Cannes\" \/>\n<meta property=\"og:description\" content=\"Le plus grand marathon de France apr\u00e8s paris vous donne rendez-vous le dimanche 9 novembre 2025De Nice \u00e0 Cannes, venez [&hellip;]\" \/>\n<meta property=\"og:url\" content=\"https:\/\/www.sortir06.fr\/actualites\/sport\/edition-2025-du-marathon-des-alpes-maritimes-nice-cannes\/\" \/>\n<meta property=\"og:site_name\" content=\"Actualit\u00e9s du 06 \/ Infos Presse\" \/>\n<meta property=\"article:published_time\" content=\"2024-12-09T08:13:48+00:00\" \/>\n<meta property=\"article:modified_time\" content=\"2024-12-09T08:15:16+00:00\" \/>\n<meta property=\"og:image\" content=\"https:\/\/www.sortir06.fr\/actualites\/wp-content\/uploads\/2024\/12\/marathon-alpes-maritimes.webp\" \/>\n\t<meta property=\"og:image:width\" content=\"1200\" \/>\n\t<meta property=\"og:image:height\" content=\"900\" \/>\n\t<meta property=\"og:image:type\" content=\"image\/webp\" \/>\n<meta name=\"author\" content=\"Melissa Musson\" \/>\n<meta name=\"twitter:card\" content=\"summary_large_image\" \/>\n<meta name=\"twitter:label1\" content=\"\u00c9crit par\" \/>\n\t<meta name=\"twitter:data1\" content=\"Melissa Musson\" \/>\n\t<meta name=\"twitter:label2\" content=\"Dur\u00e9e de lecture estim\u00e9e\" \/>\n\t<meta name=\"twitter:data2\" content=\"2 minutes\" \/>\n<script type=\"application\/ld+json\" class=\"yoast-schema-graph\">{\"@context\":\"https:\/\/schema.org\",\"@graph\":[{\"@type\":\"Article\",\"@id\":\"https:\/\/www.sortir06.fr\/actualites\/sport\/edition-2025-du-marathon-des-alpes-maritimes-nice-cannes\/#article\",\"isPartOf\":{\"@id\":\"https:\/\/www.sortir06.fr\/actualites\/sport\/edition-2025-du-marathon-des-alpes-maritimes-nice-cannes\/\"},\"author\":{\"name\":\"Melissa Musson\",\"@id\":\"https:\/\/www.sortir06.fr\/actualites\/#\/schema\/person\/d1da1901725ffa2aebaf8209035b2308\"},\"headline\":\"\u00c9dition 2025 du Marathon des Alpes-maritimes Nice-Cannes\",\"datePublished\":\"2024-12-09T08:13:48+00:00\",\"dateModified\":\"2024-12-09T08:15:16+00:00\",\"mainEntityOfPage\":{\"@id\":\"https:\/\/www.sortir06.fr\/actualites\/sport\/edition-2025-du-marathon-des-alpes-maritimes-nice-cannes\/\"},\"wordCount\":172,\"publisher\":{\"@id\":\"https:\/\/www.sortir06.fr\/actualites\/#organization\"},\"image\":{\"@id\":\"https:\/\/www.sortir06.fr\/actualites\/sport\/edition-2025-du-marathon-des-alpes-maritimes-nice-cannes\/#primaryimage\"},\"thumbnailUrl\":\"https:\/\/www.sortir06.fr\/actualites\/wp-content\/uploads\/2024\/12\/marathon-alpes-maritimes.webp\",\"keywords\":[\"Cannes\",\"Nice\"],\"articleSection\":[\"Sport\"],\"inLanguage\":\"fr-FR\"},{\"@type\":\"WebPage\",\"@id\":\"https:\/\/www.sortir06.fr\/actualites\/sport\/edition-2025-du-marathon-des-alpes-maritimes-nice-cannes\/\",\"url\":\"https:\/\/www.sortir06.fr\/actualites\/sport\/edition-2025-du-marathon-des-alpes-maritimes-nice-cannes\/\",\"name\":\"\u00c9dition 2025 du Marathon des Alpes-maritimes Nice-Cannes\",\"isPartOf\":{\"@id\":\"https:\/\/www.sortir06.fr\/actualites\/#website\"},\"primaryImageOfPage\":{\"@id\":\"https:\/\/www.sortir06.fr\/actualites\/sport\/edition-2025-du-marathon-des-alpes-maritimes-nice-cannes\/#primaryimage\"},\"image\":{\"@id\":\"https:\/\/www.sortir06.fr\/actualites\/sport\/edition-2025-du-marathon-des-alpes-maritimes-nice-cannes\/#primaryimage\"},\"thumbnailUrl\":\"https:\/\/www.sortir06.fr\/actualites\/wp-content\/uploads\/2024\/12\/marathon-alpes-maritimes.webp\",\"datePublished\":\"2024-12-09T08:13:48+00:00\",\"dateModified\":\"2024-12-09T08:15:16+00:00\",\"breadcrumb\":{\"@id\":\"https:\/\/www.sortir06.fr\/actualites\/sport\/edition-2025-du-marathon-des-alpes-maritimes-nice-cannes\/#breadcrumb\"},\"inLanguage\":\"fr-FR\",\"potentialAction\":[{\"@type\":\"ReadAction\",\"target\":[\"https:\/\/www.sortir06.fr\/actualites\/sport\/edition-2025-du-marathon-des-alpes-maritimes-nice-cannes\/\"]}]},{\"@type\":\"ImageObject\",\"inLanguage\":\"fr-FR\",\"@id\":\"https:\/\/www.sortir06.fr\/actualites\/sport\/edition-2025-du-marathon-des-alpes-maritimes-nice-cannes\/#primaryimage\",\"url\":\"https:\/\/www.sortir06.fr\/actualites\/wp-content\/uploads\/2024\/12\/marathon-alpes-maritimes.webp\",\"contentUrl\":\"https:\/\/www.sortir06.fr\/actualites\/wp-content\/uploads\/2024\/12\/marathon-alpes-maritimes.webp\",\"width\":1200,\"height\":900,\"caption\":\"\u00c9dition 2025 du Marathon des Alpes-maritimes Nice-Cannes\"},{\"@type\":\"BreadcrumbList\",\"@id\":\"https:\/\/www.sortir06.fr\/actualites\/sport\/edition-2025-du-marathon-des-alpes-maritimes-nice-cannes\/#breadcrumb\",\"itemListElement\":[{\"@type\":\"ListItem\",\"position\":1,\"name\":\"Accueil\",\"item\":\"https:\/\/www.sortir06.fr\/actualites\/\"},{\"@type\":\"ListItem\",\"position\":2,\"name\":\"\u00c9dition 2025 du Marathon des Alpes-maritimes Nice-Cannes\"}]},{\"@type\":\"WebSite\",\"@id\":\"https:\/\/www.sortir06.fr\/actualites\/#website\",\"url\":\"https:\/\/www.sortir06.fr\/actualites\/\",\"name\":\"Actualit\u00e9s C\u00f4te d\\\"Azur (06)\",\"description\":\"\",\"publisher\":{\"@id\":\"https:\/\/www.sortir06.fr\/actualites\/#organization\"},\"alternateName\":\"Retrouvez toutes les infos presse et news du d\u00e9partement des Alpes Maritimes\",\"potentialAction\":[{\"@type\":\"SearchAction\",\"target\":{\"@type\":\"EntryPoint\",\"urlTemplate\":\"https:\/\/www.sortir06.fr\/actualites\/?s={search_term_string}\"},\"query-input\":\"required name=search_term_string\"}],\"inLanguage\":\"fr-FR\"},{\"@type\":\"Organization\",\"@id\":\"https:\/\/www.sortir06.fr\/actualites\/#organization\",\"name\":\"Sortir 06 Actualit\u00e9s\",\"url\":\"https:\/\/www.sortir06.fr\/actualites\/\",\"logo\":{\"@type\":\"ImageObject\",\"inLanguage\":\"fr-FR\",\"@id\":\"https:\/\/www.sortir06.fr\/actualites\/#\/schema\/logo\/image\/\",\"url\":\"https:\/\/www.sortir06.fr\/actualites\/wp-content\/uploads\/2024\/08\/sortir06actualites-1.webp\",\"contentUrl\":\"https:\/\/www.sortir06.fr\/actualites\/wp-content\/uploads\/2024\/08\/sortir06actualites-1.webp\",\"width\":1200,\"height\":375,\"caption\":\"Sortir 06 Actualit\u00e9s\"},\"image\":{\"@id\":\"https:\/\/www.sortir06.fr\/actualites\/#\/schema\/logo\/image\/\"}},{\"@type\":\"Person\",\"@id\":\"https:\/\/www.sortir06.fr\/actualites\/#\/schema\/person\/d1da1901725ffa2aebaf8209035b2308\",\"name\":\"Melissa Musson\",\"sameAs\":[\"https:\/\/www.sortir06.fr\/actualites\"],\"url\":\"https:\/\/www.sortir06.fr\/actualites\/author\/admins06actu\/\"}]}<\/script>\n<!-- \/ Yoast SEO plugin. -->","yoast_head_json":{"title":"\u00c9dition 2025 du Marathon des Alpes-maritimes Nice-Cannes","robots":{"index":"index","follow":"follow","max-snippet":"max-snippet:-1","max-image-preview":"max-image-preview:large","max-video-preview":"max-video-preview:-1"},"canonical":"https:\/\/www.sortir06.fr\/actualites\/sport\/edition-2025-du-marathon-des-alpes-maritimes-nice-cannes\/","og_locale":"fr_FR","og_type":"article","og_title":"\u00c9dition 2025 du Marathon des Alpes-maritimes Nice-Cannes","og_description":"Le plus grand marathon de France apr\u00e8s paris vous donne rendez-vous le dimanche 9 novembre 2025De Nice \u00e0 Cannes, venez [&hellip;]","og_url":"https:\/\/www.sortir06.fr\/actualites\/sport\/edition-2025-du-marathon-des-alpes-maritimes-nice-cannes\/","og_site_name":"Actualit\u00e9s du 06 \/ Infos Presse","article_published_time":"2024-12-09T08:13:48+00:00","article_modified_time":"2024-12-09T08:15:16+00:00","og_image":[{"width":1200,"height":900,"url":"https:\/\/www.sortir06.fr\/actualites\/wp-content\/uploads\/2024\/12\/marathon-alpes-maritimes.webp","type":"image\/webp"}],"author":"Melissa Musson","twitter_card":"summary_large_image","twitter_misc":{"\u00c9crit par":"Melissa Musson","Dur\u00e9e de lecture estim\u00e9e":"2 minutes"},"schema":{"@context":"https:\/\/schema.org","@graph":[{"@type":"Article","@id":"https:\/\/www.sortir06.fr\/actualites\/sport\/edition-2025-du-marathon-des-alpes-maritimes-nice-cannes\/#article","isPartOf":{"@id":"https:\/\/www.sortir06.fr\/actualites\/sport\/edition-2025-du-marathon-des-alpes-maritimes-nice-cannes\/"},"author":{"name":"Melissa Musson","@id":"https:\/\/www.sortir06.fr\/actualites\/#\/schema\/person\/d1da1901725ffa2aebaf8209035b2308"},"headline":"\u00c9dition 2025 du Marathon des Alpes-maritimes Nice-Cannes","datePublished":"2024-12-09T08:13:48+00:00","dateModified":"2024-12-09T08:15:16+00:00","mainEntityOfPage":{"@id":"https:\/\/www.sortir06.fr\/actualites\/sport\/edition-2025-du-marathon-des-alpes-maritimes-nice-cannes\/"},"wordCount":172,"publisher":{"@id":"https:\/\/www.sortir06.fr\/actualites\/#organization"},"image":{"@id":"https:\/\/www.sortir06.fr\/actualites\/sport\/edition-2025-du-marathon-des-alpes-maritimes-nice-cannes\/#primaryimage"},"thumbnailUrl":"https:\/\/www.sortir06.fr\/actualites\/wp-content\/uploads\/2024\/12\/marathon-alpes-maritimes.webp","keywords":["Cannes","Nice"],"articleSection":["Sport"],"inLanguage":"fr-FR"},{"@type":"WebPage","@id":"https:\/\/www.sortir06.fr\/actualites\/sport\/edition-2025-du-marathon-des-alpes-maritimes-nice-cannes\/","url":"https:\/\/www.sortir06.fr\/actualites\/sport\/edition-2025-du-marathon-des-alpes-maritimes-nice-cannes\/","name":"\u00c9dition 2025 du Marathon des Alpes-maritimes Nice-Cannes","isPartOf":{"@id":"https:\/\/www.sortir06.fr\/actualites\/#website"},"primaryImageOfPage":{"@id":"https:\/\/www.sortir06.fr\/actualites\/sport\/edition-2025-du-marathon-des-alpes-maritimes-nice-cannes\/#primaryimage"},"image":{"@id":"https:\/\/www.sortir06.fr\/actualites\/sport\/edition-2025-du-marathon-des-alpes-maritimes-nice-cannes\/#primaryimage"},"thumbnailUrl":"https:\/\/www.sortir06.fr\/actualites\/wp-content\/uploads\/2024\/12\/marathon-alpes-maritimes.webp","datePublished":"2024-12-09T08:13:48+00:00","dateModified":"2024-12-09T08:15:16+00:00","breadcrumb":{"@id":"https:\/\/www.sortir06.fr\/actualites\/sport\/edition-2025-du-marathon-des-alpes-maritimes-nice-cannes\/#breadcrumb"},"inLanguage":"fr-FR","potentialAction":[{"@type":"ReadAction","target":["https:\/\/www.sortir06.fr\/actualites\/sport\/edition-2025-du-marathon-des-alpes-maritimes-nice-cannes\/"]}]},{"@type":"ImageObject","inLanguage":"fr-FR","@id":"https:\/\/www.sortir06.fr\/actualites\/sport\/edition-2025-du-marathon-des-alpes-maritimes-nice-cannes\/#primaryimage","url":"https:\/\/www.sortir06.fr\/actualites\/wp-content\/uploads\/2024\/12\/marathon-alpes-maritimes.webp","contentUrl":"https:\/\/www.sortir06.fr\/actualites\/wp-content\/uploads\/2024\/12\/marathon-alpes-maritimes.webp","width":1200,"height":900,"caption":"\u00c9dition 2025 du Marathon des Alpes-maritimes Nice-Cannes"},{"@type":"BreadcrumbList","@id":"https:\/\/www.sortir06.fr\/actualites\/sport\/edition-2025-du-marathon-des-alpes-maritimes-nice-cannes\/#breadcrumb","itemListElement":[{"@type":"ListItem","position":1,"name":"Accueil","item":"https:\/\/www.sortir06.fr\/actualites\/"},{"@type":"ListItem","position":2,"name":"\u00c9dition 2025 du Marathon des Alpes-maritimes Nice-Cannes"}]},{"@type":"WebSite","@id":"https:\/\/www.sortir06.fr\/actualites\/#website","url":"https:\/\/www.sortir06.fr\/actualites\/","name":"Actualit\u00e9s C\u00f4te d\"Azur (06)","description":"","publisher":{"@id":"https:\/\/www.sortir06.fr\/actualites\/#organization"},"alternateName":"Retrouvez toutes les infos presse et news du d\u00e9partement des Alpes Maritimes","potentialAction":[{"@type":"SearchAction","target":{"@type":"EntryPoint","urlTemplate":"https:\/\/www.sortir06.fr\/actualites\/?s={search_term_string}"},"query-input":"required name=search_term_string"}],"inLanguage":"fr-FR"},{"@type":"Organization","@id":"https:\/\/www.sortir06.fr\/actualites\/#organization","name":"Sortir 06 Actualit\u00e9s","url":"https:\/\/www.sortir06.fr\/actualites\/","logo":{"@type":"ImageObject","inLanguage":"fr-FR","@id":"https:\/\/www.sortir06.fr\/actualites\/#\/schema\/logo\/image\/","url":"https:\/\/www.sortir06.fr\/actualites\/wp-content\/uploads\/2024\/08\/sortir06actualites-1.webp","contentUrl":"https:\/\/www.sortir06.fr\/actualites\/wp-content\/uploads\/2024\/08\/sortir06actualites-1.webp","width":1200,"height":375,"caption":"Sortir 06 Actualit\u00e9s"},"image":{"@id":"https:\/\/www.sortir06.fr\/actualites\/#\/schema\/logo\/image\/"}},{"@type":"Person","@id":"https:\/\/www.sortir06.fr\/actualites\/#\/schema\/person\/d1da1901725ffa2aebaf8209035b2308","name":"Melissa Musson","sameAs":["https:\/\/www.sortir06.fr\/actualites"],"url":"https:\/\/www.sortir06.fr\/actualites\/author\/admins06actu\/"}]}},"_links":{"self":[{"href":"https:\/\/www.sortir06.fr\/actualites\/wp-json\/wp\/v2\/posts\/1219","targetHints":{"allow":["GET"]}}],"collection":[{"href":"https:\/\/www.sortir06.fr\/actualites\/wp-json\/wp\/v2\/posts"}],"about":[{"href":"https:\/\/www.sortir06.fr\/actualites\/wp-json\/wp\/v2\/types\/post"}],"author":[{"embeddable":true,"href":"https:\/\/www.sortir06.fr\/actualites\/wp-json\/wp\/v2\/users\/1"}],"replies":[{"embeddable":true,"href":"https:\/\/www.sortir06.fr\/actualites\/wp-json\/wp\/v2\/comments?post=1219"}],"version-history":[{"count":4,"href":"https:\/\/www.sortir06.fr\/actualites\/wp-json\/wp\/v2\/posts\/1219\/revisions"}],"predecessor-version":[{"id":1224,"href":"https:\/\/www.sortir06.fr\/actualites\/wp-json\/wp\/v2\/posts\/1219\/revisions\/1224"}],"wp:featuredmedia":[{"embeddable":true,"href":"https:\/\/www.sortir06.fr\/actualites\/wp-json\/wp\/v2\/media\/1220"}],"wp:attachment":[{"href":"https:\/\/www.sortir06.fr\/actualites\/wp-json\/wp\/v2\/media?parent=1219"}],"wp:term":[{"taxonomy":"category","embeddable":true,"href":"https:\/\/www.sortir06.fr\/actualites\/wp-json\/wp\/v2\/categories?post=1219"},{"taxonomy":"post_tag","embeddable":true,"href":"https:\/\/www.sortir06.fr\/actualites\/wp-json\/wp\/v2\/tags?post=1219"}],"curies":[{"name":"wp","href":"https:\/\/api.w.org\/{rel}","templated":true}]}}