{"id":1273,"date":"2025-01-25T21:28:50","date_gmt":"2025-01-25T20:28:50","guid":{"rendered":"https:\/\/www.sortir06.fr\/actualites\/?p=1273"},"modified":"2025-01-25T21:40:13","modified_gmt":"2025-01-25T20:40:13","slug":"la-navette-des-neiges-reprend-du-service-le-11-janvier-2025-toutes-les-infos-pour-profiter-de-la-montagne","status":"publish","type":"post","link":"https:\/\/www.sortir06.fr\/actualites\/vie-locale\/la-navette-des-neiges-reprend-du-service-le-11-janvier-2025-toutes-les-infos-pour-profiter-de-la-montagne\/","title":{"rendered":"La Navette des Neiges reprend du service le 11 janvier 2025 : toutes les infos pour profiter de la montagne !"},"content":{"rendered":"\t\t<div data-elementor-type=\"wp-post\" data-elementor-id=\"1273\" class=\"elementor elementor-1273\" data-elementor-post-type=\"post\">\n\t\t\t\t<div class=\"elementor-element elementor-element-01b69a0 e-flex e-con-boxed e-con e-parent\" data-id=\"01b69a0\" data-element_type=\"container\">\n\t\t\t\t\t<div class=\"e-con-inner\">\n\t\t\t\t<div class=\"elementor-element elementor-element-50319e0 elementor-widget elementor-widget-text-editor\" data-id=\"50319e0\" data-element_type=\"widget\" data-widget_type=\"text-editor.default\">\n\t\t\t\t<div class=\"elementor-widget-container\">\n\t\t\t<style>\/*! elementor - v3.23.0 - 05-08-2024 *\/\n.elementor-widget-text-editor.elementor-drop-cap-view-stacked .elementor-drop-cap{background-color:#69727d;color:#fff}.elementor-widget-text-editor.elementor-drop-cap-view-framed .elementor-drop-cap{color:#69727d;border:3px solid;background-color:transparent}.elementor-widget-text-editor:not(.elementor-drop-cap-view-default) .elementor-drop-cap{margin-top:8px}.elementor-widget-text-editor:not(.elementor-drop-cap-view-default) .elementor-drop-cap-letter{width:1em;height:1em}.elementor-widget-text-editor .elementor-drop-cap{float:left;text-align:center;line-height:1;font-size:50px}.elementor-widget-text-editor .elementor-drop-cap-letter{display:inline-block}<\/style>\t\t\t\t<p>Bonne nouvelle pour les amateurs de sports d\u2019hiver ! La Navette des Neiges d\u2019Envibus sera de retour \u00e0 partir du 11 janvier 2025. Ce service pratique et accessible permettra de relier Antibes \u00e0 la station de ski de Gr\u00e9oli\u00e8res-les-Neiges, offrant une solution id\u00e9ale pour profiter de la montagne sans les tracas li\u00e9s \u00e0 la conduite.<\/p>\t\t\t\t\t\t<\/div>\n\t\t\t\t<\/div>\n\t\t\t\t\t<\/div>\n\t\t\t\t<\/div>\n\t\t<div class=\"elementor-element elementor-element-39daa23 e-flex e-con-boxed e-con e-parent\" data-id=\"39daa23\" data-element_type=\"container\">\n\t\t\t\t\t<div class=\"e-con-inner\">\n\t\t\t\t<div class=\"elementor-element elementor-element-bec6201 elementor-widget elementor-widget-heading\" data-id=\"bec6201\" data-element_type=\"widget\" data-widget_type=\"heading.default\">\n\t\t\t\t<div class=\"elementor-widget-container\">\n\t\t\t<style>\/*! elementor - v3.23.0 - 05-08-2024 *\/\n.elementor-heading-title{padding:0;margin:0;line-height:1}.elementor-widget-heading .elementor-heading-title[class*=elementor-size-]>a{color:inherit;font-size:inherit;line-height:inherit}.elementor-widget-heading .elementor-heading-title.elementor-size-small{font-size:15px}.elementor-widget-heading .elementor-heading-title.elementor-size-medium{font-size:19px}.elementor-widget-heading .elementor-heading-title.elementor-size-large{font-size:29px}.elementor-widget-heading .elementor-heading-title.elementor-size-xl{font-size:39px}.elementor-widget-heading .elementor-heading-title.elementor-size-xxl{font-size:59px}<\/style><h2 class=\"elementor-heading-title elementor-size-default\">Quand et comment profiter de la Navette des Neiges ?<\/h2>\t\t<\/div>\n\t\t\t\t<\/div>\n\t\t\t\t\t<\/div>\n\t\t\t\t<\/div>\n\t\t<div class=\"elementor-element elementor-element-312beee e-flex e-con-boxed e-con e-parent\" data-id=\"312beee\" data-element_type=\"container\">\n\t\t\t\t\t<div class=\"e-con-inner\">\n\t\t\t\t<div class=\"elementor-element elementor-element-9b5db8f elementor-widget elementor-widget-text-editor\" data-id=\"9b5db8f\" data-element_type=\"widget\" data-widget_type=\"text-editor.default\">\n\t\t\t\t<div class=\"elementor-widget-container\">\n\t\t\t\t\t\t\t<p>La Navette des Neiges circulera \u00e0 des dates pr\u00e9cises afin de r\u00e9pondre aux besoins des amateurs de ski. Dans un premier temps, elle sera en service les week-ends, \u00e0 savoir les 11 et 12 janvier, les 18 et 19 janvier, les 25 et 26 janvier, ainsi que le week-end du 1er et 2 f\u00e9vrier 2025.<\/p><p>Pour les vacances scolaires d\u2019hiver, du 8 au 23 f\u00e9vrier 2025 inclus, la navette sera disponible tous les jours, vous offrant ainsi encore plus de flexibilit\u00e9 pour planifier vos sorties \u00e0 la montagne.<\/p>\t\t\t\t\t\t<\/div>\n\t\t\t\t<\/div>\n\t\t\t\t\t<\/div>\n\t\t\t\t<\/div>\n\t\t<div class=\"elementor-element elementor-element-d342201 e-flex e-con-boxed e-con e-parent\" data-id=\"d342201\" data-element_type=\"container\">\n\t\t\t\t\t<div class=\"e-con-inner\">\n\t\t\t\t<div class=\"elementor-element elementor-element-bbffe5e elementor-widget elementor-widget-heading\" data-id=\"bbffe5e\" data-element_type=\"widget\" data-widget_type=\"heading.default\">\n\t\t\t\t<div class=\"elementor-widget-container\">\n\t\t\t<h2 class=\"elementor-heading-title elementor-size-default\">Un acc\u00e8s simple et \u00e9conomique \u00e0 Gr\u00e9oli\u00e8res<\/h2>\t\t<\/div>\n\t\t\t\t<\/div>\n\t\t\t\t\t<\/div>\n\t\t\t\t<\/div>\n\t\t<div class=\"elementor-element elementor-element-fe65c02 e-flex e-con-boxed e-con e-parent\" data-id=\"fe65c02\" data-element_type=\"container\">\n\t\t\t\t\t<div class=\"e-con-inner\">\n\t\t\t\t<div class=\"elementor-element elementor-element-4e2565e elementor-widget elementor-widget-text-editor\" data-id=\"4e2565e\" data-element_type=\"widget\" data-widget_type=\"text-editor.default\">\n\t\t\t\t<div class=\"elementor-widget-container\">\n\t\t\t\t\t\t\t<p>Pour monter \u00e0 bord de la Navette des Neiges, il vous faudra acqu\u00e9rir le Pass Navette des Neiges, un titre de transport accessible via l\u2019application Envibus Ticket. Ce pass co\u00fbte seulement 5 euros pour un aller-retour et couvre un adulte accompagn\u00e9 d\u2019un enfant de moins de 18 ans.<\/p><p>Une fois votre pass en main, vous devrez r\u00e9server votre place en contactant le service d\u00e9di\u00e9 au 04 93 42 40 79. Cette r\u00e9servation est obligatoire pour garantir votre trajet. Pensez donc \u00e0 planifier votre sortie \u00e0 l\u2019avance afin de vous assurer une place \u00e0 bord.<\/p><p>\u00a0<\/p>\t\t\t\t\t\t<\/div>\n\t\t\t\t<\/div>\n\t\t\t\t\t<\/div>\n\t\t\t\t<\/div>\n\t\t<div class=\"elementor-element elementor-element-d4687f6 e-flex e-con-boxed e-con e-parent\" data-id=\"d4687f6\" data-element_type=\"container\">\n\t\t\t\t\t<div class=\"e-con-inner\">\n\t\t\t\t<div class=\"elementor-element elementor-element-5131e5f elementor-widget elementor-widget-heading\" data-id=\"5131e5f\" data-element_type=\"widget\" data-widget_type=\"heading.default\">\n\t\t\t\t<div class=\"elementor-widget-container\">\n\t\t\t<h2 class=\"elementor-heading-title elementor-size-default\">Un itin\u00e9raire pratique pour rejoindre les pistes<\/h2>\t\t<\/div>\n\t\t\t\t<\/div>\n\t\t\t\t\t<\/div>\n\t\t\t\t<\/div>\n\t\t<div class=\"elementor-element elementor-element-a5cf2db e-flex e-con-boxed e-con e-parent\" data-id=\"a5cf2db\" data-element_type=\"container\">\n\t\t\t\t\t<div class=\"e-con-inner\">\n\t\t\t\t<div class=\"elementor-element elementor-element-c01139f elementor-widget elementor-widget-text-editor\" data-id=\"c01139f\" data-element_type=\"widget\" data-widget_type=\"text-editor.default\">\n\t\t\t\t<div class=\"elementor-widget-container\">\n\t\t\t\t\t\t\t<p>La Navette des Neiges propose plusieurs arr\u00eats tout au long de son itin\u00e9raire, facilitant l\u2019acc\u00e8s \u00e0 ses services depuis diff\u00e9rents points de d\u00e9part. Les arr\u00eats desservis incluent le P\u00f4le d&rsquo;\u00c9changes d\u2019Antibes, la Gare Routi\u00e8re de Valbonne Sophia Antipolis, Font Neuve \u00e0 Opio, Ch\u00e2teauneuf Pr\u00e9 du Lac, La Jarrerie \u00e0 Bar-sur-Loup, Bramafan \u00e0 Courmes, Gr\u00e9oli\u00e8res Village, et enfin la station de Gr\u00e9oli\u00e8res-les-Neiges.<\/p><p>Gr\u00e2ce \u00e0 ce trajet optimis\u00e9, vous pourrez rejoindre les pistes sans effort et profiter pleinement de votre journ\u00e9e \u00e0 la montagne.<\/p>\t\t\t\t\t\t<\/div>\n\t\t\t\t<\/div>\n\t\t\t\t\t<\/div>\n\t\t\t\t<\/div>\n\t\t<div class=\"elementor-element elementor-element-7bdd5c0 e-flex e-con-boxed e-con e-parent\" data-id=\"7bdd5c0\" data-element_type=\"container\">\n\t\t\t\t\t<div class=\"e-con-inner\">\n\t\t\t\t<div class=\"elementor-element elementor-element-41c1fa5 elementor-widget elementor-widget-heading\" data-id=\"41c1fa5\" data-element_type=\"widget\" data-widget_type=\"heading.default\">\n\t\t\t\t<div class=\"elementor-widget-container\">\n\t\t\t<h2 class=\"elementor-heading-title elementor-size-default\">Pourquoi choisir la Navette des Neiges ?<\/h2>\t\t<\/div>\n\t\t\t\t<\/div>\n\t\t\t\t\t<\/div>\n\t\t\t\t<\/div>\n\t\t<div class=\"elementor-element elementor-element-a69748c e-flex e-con-boxed e-con e-parent\" data-id=\"a69748c\" data-element_type=\"container\">\n\t\t\t\t\t<div class=\"e-con-inner\">\n\t\t\t\t<div class=\"elementor-element elementor-element-2f0c8c0 elementor-widget elementor-widget-text-editor\" data-id=\"2f0c8c0\" data-element_type=\"widget\" data-widget_type=\"text-editor.default\">\n\t\t\t\t<div class=\"elementor-widget-container\">\n\t\t\t\t\t\t\t<p>En plus d\u2019\u00eatre \u00e9conomique, la Navette des Neiges est une solution pratique et \u00e9cologique pour acc\u00e9der \u00e0 la station de Gr\u00e9oli\u00e8res-les-Neiges. Elle vous \u00e9vite le stress de la conduite sur des routes de montagne ou encore la difficult\u00e9 de trouver un stationnement. Avec un d\u00e9part depuis Antibes et plusieurs points d\u2019acc\u00e8s sur le trajet, ce service est con\u00e7u pour r\u00e9pondre aux besoins des habitants de la r\u00e9gion souhaitant profiter des plaisirs de l\u2019hiver en toute tranquillit\u00e9.<\/p><p>Ne laissez pas passer cette occasion et pr\u00e9parez d\u00e8s maintenant votre escapade enneig\u00e9e. R\u00e9servez votre place pour la Navette des Neiges et laissez-vous transporter vers les sommets !<\/p>\t\t\t\t\t\t<\/div>\n\t\t\t\t<\/div>\n\t\t\t\t\t<\/div>\n\t\t\t\t<\/div>\n\t\t<div class=\"elementor-element elementor-element-96c152d e-flex e-con-boxed e-con e-parent\" data-id=\"96c152d\" data-element_type=\"container\">\n\t\t\t\t\t<div class=\"e-con-inner\">\n\t\t\t\t<div class=\"elementor-element elementor-element-e2fe62a elementor-arrows-position-inside elementor-pagination-position-outside elementor-widget elementor-widget-image-carousel\" data-id=\"e2fe62a\" data-element_type=\"widget\" data-settings=\"{&quot;slides_to_show&quot;:&quot;1&quot;,&quot;navigation&quot;:&quot;both&quot;,&quot;autoplay&quot;:&quot;yes&quot;,&quot;pause_on_hover&quot;:&quot;yes&quot;,&quot;pause_on_interaction&quot;:&quot;yes&quot;,&quot;autoplay_speed&quot;:5000,&quot;infinite&quot;:&quot;yes&quot;,&quot;effect&quot;:&quot;slide&quot;,&quot;speed&quot;:500}\" data-widget_type=\"image-carousel.default\">\n\t\t\t\t<div class=\"elementor-widget-container\">\n\t\t\t<style>\/*! elementor - v3.23.0 - 05-08-2024 *\/\n.elementor-widget-image-carousel .swiper,.elementor-widget-image-carousel .swiper-container{position:static}.elementor-widget-image-carousel .swiper-container .swiper-slide figure,.elementor-widget-image-carousel .swiper .swiper-slide figure{line-height:inherit}.elementor-widget-image-carousel .swiper-slide{text-align:center}.elementor-image-carousel-wrapper:not(.swiper-container-initialized):not(.swiper-initialized) .swiper-slide{max-width:calc(100% \/ var(--e-image-carousel-slides-to-show, 3))}<\/style>\t\t<div class=\"elementor-image-carousel-wrapper swiper\" dir=\"ltr\">\n\t\t\t<div class=\"elementor-image-carousel swiper-wrapper\" aria-live=\"off\">\n\t\t\t\t\t\t\t\t<div class=\"swiper-slide\" role=\"group\" aria-roledescription=\"slide\" aria-label=\"1 sur 8\"><figure class=\"swiper-slide-inner\"><img decoding=\"async\" class=\"swiper-slide-image\" src=\"https:\/\/www.sortir06.fr\/actualites\/wp-content\/uploads\/2025\/01\/navette-neige-greolieres.jpg\" alt=\"La Navette des Neiges reprend du service le 11 janvier 2025 : toutes les infos pour profiter de la montagne !\" \/><\/figure><\/div><div class=\"swiper-slide\" role=\"group\" aria-roledescription=\"slide\" aria-label=\"2 sur 8\"><figure class=\"swiper-slide-inner\"><img decoding=\"async\" class=\"swiper-slide-image\" src=\"https:\/\/www.sortir06.fr\/actualites\/wp-content\/uploads\/2025\/01\/greolieres-01.webp\" alt=\"Navette Gr\u00e9olieres\" \/><\/figure><\/div><div class=\"swiper-slide\" role=\"group\" aria-roledescription=\"slide\" aria-label=\"3 sur 8\"><figure class=\"swiper-slide-inner\"><img decoding=\"async\" class=\"swiper-slide-image\" src=\"https:\/\/www.sortir06.fr\/actualites\/wp-content\/uploads\/2025\/01\/greolieres-02.webp\" alt=\"Navette Gr\u00e9olieres\" \/><\/figure><\/div><div class=\"swiper-slide\" role=\"group\" aria-roledescription=\"slide\" aria-label=\"4 sur 8\"><figure class=\"swiper-slide-inner\"><img decoding=\"async\" class=\"swiper-slide-image\" src=\"https:\/\/www.sortir06.fr\/actualites\/wp-content\/uploads\/2025\/01\/greolieres-03.webp\" alt=\"Navette des neiges pour aller \u00e0 Gr\u00e9olieres\" \/><\/figure><\/div><div class=\"swiper-slide\" role=\"group\" aria-roledescription=\"slide\" aria-label=\"5 sur 8\"><figure class=\"swiper-slide-inner\"><img decoding=\"async\" class=\"swiper-slide-image\" src=\"https:\/\/www.sortir06.fr\/actualites\/wp-content\/uploads\/2025\/01\/greolieres-04.webp\" alt=\"Navette des neiges pour aller \u00e0 Gr\u00e9olieres\" \/><\/figure><\/div><div class=\"swiper-slide\" role=\"group\" aria-roledescription=\"slide\" aria-label=\"6 sur 8\"><figure class=\"swiper-slide-inner\"><img decoding=\"async\" class=\"swiper-slide-image\" src=\"https:\/\/www.sortir06.fr\/actualites\/wp-content\/uploads\/2025\/01\/greolieres-05.webp\" alt=\"Gr\u00e9olieres\" \/><\/figure><\/div><div class=\"swiper-slide\" role=\"group\" aria-roledescription=\"slide\" aria-label=\"7 sur 8\"><figure class=\"swiper-slide-inner\"><img decoding=\"async\" class=\"swiper-slide-image\" src=\"https:\/\/www.sortir06.fr\/actualites\/wp-content\/uploads\/2025\/01\/greolieres-06.webp\" alt=\"Gr\u00e9olieres\" \/><\/figure><\/div><div class=\"swiper-slide\" role=\"group\" aria-roledescription=\"slide\" aria-label=\"8 sur 8\"><figure class=\"swiper-slide-inner\"><img decoding=\"async\" class=\"swiper-slide-image\" src=\"https:\/\/www.sortir06.fr\/actualites\/wp-content\/uploads\/2025\/01\/greolieres-07.webp\" alt=\"Gr\u00e9olieres\" \/><\/figure><\/div>\t\t\t<\/div>\n\t\t\t\t\t\t\t\t\t\t\t\t<div class=\"elementor-swiper-button elementor-swiper-button-prev\" role=\"button\" tabindex=\"0\">\n\t\t\t\t\t\t<svg aria-hidden=\"true\" class=\"e-font-icon-svg e-fas-chevron-circle-left\" viewBox=\"0 0 512 512\" xmlns=\"http:\/\/www.w3.org\/2000\/svg\"><path d=\"M256 504C119 504 8 393 8 256S119 8 256 8s248 111 248 248-111 248-248 248zM142.1 273l135.5 135.5c9.4 9.4 24.6 9.4 33.9 0l17-17c9.4-9.4 9.4-24.6 0-33.9L226.9 256l101.6-101.6c9.4-9.4 9.4-24.6 0-33.9l-17-17c-9.4-9.4-24.6-9.4-33.9 0L142.1 239c-9.4 9.4-9.4 24.6 0 34z\"><\/path><\/svg>\t\t\t\t\t<\/div>\n\t\t\t\t\t<div class=\"elementor-swiper-button elementor-swiper-button-next\" role=\"button\" tabindex=\"0\">\n\t\t\t\t\t\t<svg aria-hidden=\"true\" class=\"e-font-icon-svg e-fas-chevron-circle-right\" viewBox=\"0 0 512 512\" xmlns=\"http:\/\/www.w3.org\/2000\/svg\"><path d=\"M256 8c137 0 248 111 248 248S393 504 256 504 8 393 8 256 119 8 256 8zm113.9 231L234.4 103.5c-9.4-9.4-24.6-9.4-33.9 0l-17 17c-9.4 9.4-9.4 24.6 0 33.9L285.1 256 183.5 357.6c-9.4 9.4-9.4 24.6 0 33.9l17 17c9.4 9.4 24.6 9.4 33.9 0L369.9 273c9.4-9.4 9.4-24.6 0-34z\"><\/path><\/svg>\t\t\t\t\t<\/div>\n\t\t\t\t\n\t\t\t\t\t\t\t\t\t<div class=\"swiper-pagination\"><\/div>\n\t\t\t\t\t\t\t\t\t<\/div>\n\t\t\t\t<\/div>\n\t\t\t\t<\/div>\n\t\t\t\t\t<\/div>\n\t\t\t\t<\/div>\n\t\t\t\t<\/div>\n\t\t\n\n<div class=\"kk-star-ratings kksr-auto kksr-align-center kksr-valign-bottom\"\n    data-payload='{&quot;align&quot;:&quot;center&quot;,&quot;id&quot;:&quot;1273&quot;,&quot;slug&quot;:&quot;default&quot;,&quot;valign&quot;:&quot;bottom&quot;,&quot;ignore&quot;:&quot;&quot;,&quot;reference&quot;:&quot;auto&quot;,&quot;class&quot;:&quot;&quot;,&quot;count&quot;:&quot;3&quot;,&quot;legendonly&quot;:&quot;&quot;,&quot;readonly&quot;:&quot;&quot;,&quot;score&quot;:&quot;2&quot;,&quot;starsonly&quot;:&quot;&quot;,&quot;best&quot;:&quot;5&quot;,&quot;gap&quot;:&quot;5&quot;,&quot;greet&quot;:&quot;Vous aimez ?&quot;,&quot;legend&quot;:&quot;2\\\/5 - (3 votes)&quot;,&quot;size&quot;:&quot;24&quot;,&quot;title&quot;:&quot;La Navette des Neiges reprend du service le 11 janvier 2025 : toutes les infos pour profiter de la montagne !&quot;,&quot;width&quot;:&quot;55.5&quot;,&quot;_legend&quot;:&quot;{score}\\\/{best} - ({count} {votes})&quot;,&quot;font_factor&quot;:&quot;1.25&quot;}'>\n            \n<div class=\"kksr-stars\">\n    \n<div class=\"kksr-stars-inactive\">\n            <div class=\"kksr-star\" data-star=\"1\" style=\"padding-right: 5px\">\n            \n\n<div class=\"kksr-icon\" style=\"width: 24px; height: 24px;\"><\/div>\n        <\/div>\n            <div class=\"kksr-star\" data-star=\"2\" style=\"padding-right: 5px\">\n            \n\n<div class=\"kksr-icon\" style=\"width: 24px; height: 24px;\"><\/div>\n        <\/div>\n            <div class=\"kksr-star\" data-star=\"3\" style=\"padding-right: 5px\">\n            \n\n<div class=\"kksr-icon\" style=\"width: 24px; height: 24px;\"><\/div>\n        <\/div>\n            <div class=\"kksr-star\" data-star=\"4\" style=\"padding-right: 5px\">\n            \n\n<div class=\"kksr-icon\" style=\"width: 24px; height: 24px;\"><\/div>\n        <\/div>\n            <div class=\"kksr-star\" data-star=\"5\" style=\"padding-right: 5px\">\n            \n\n<div class=\"kksr-icon\" style=\"width: 24px; height: 24px;\"><\/div>\n        <\/div>\n    <\/div>\n    \n<div class=\"kksr-stars-active\" style=\"width: 55.5px;\">\n            <div class=\"kksr-star\" style=\"padding-right: 5px\">\n            \n\n<div class=\"kksr-icon\" style=\"width: 24px; height: 24px;\"><\/div>\n        <\/div>\n            <div class=\"kksr-star\" style=\"padding-right: 5px\">\n            \n\n<div class=\"kksr-icon\" style=\"width: 24px; height: 24px;\"><\/div>\n        <\/div>\n            <div class=\"kksr-star\" style=\"padding-right: 5px\">\n            \n\n<div class=\"kksr-icon\" style=\"width: 24px; height: 24px;\"><\/div>\n        <\/div>\n            <div class=\"kksr-star\" style=\"padding-right: 5px\">\n            \n\n<div class=\"kksr-icon\" style=\"width: 24px; height: 24px;\"><\/div>\n        <\/div>\n            <div class=\"kksr-star\" style=\"padding-right: 5px\">\n            \n\n<div class=\"kksr-icon\" style=\"width: 24px; height: 24px;\"><\/div>\n        <\/div>\n    <\/div>\n<\/div>\n                \n\n<div class=\"kksr-legend\" style=\"font-size: 19.2px;\">\n            2\/5 - (3 votes)    <\/div>\n    <\/div>\n","protected":false},"excerpt":{"rendered":"<p>Bonne nouvelle pour les amateurs de sports d\u2019hiver ! La Navette des Neiges d\u2019Envibus sera de retour \u00e0 partir du [&hellip;]<\/p>\n","protected":false},"author":1,"featured_media":1281,"comment_status":"closed","ping_status":"closed","sticky":false,"template":"","format":"standard","meta":{"site-sidebar-layout":"default","site-content-layout":"","ast-site-content-layout":"","site-content-style":"default","site-sidebar-style":"default","ast-global-header-display":"","ast-banner-title-visibility":"","ast-main-header-display":"","ast-hfb-above-header-display":"","ast-hfb-below-header-display":"","ast-hfb-mobile-header-display":"","site-post-title":"","ast-breadcrumbs-content":"","ast-featured-img":"","footer-sml-layout":"","theme-transparent-header-meta":"","adv-header-id-meta":"","stick-header-meta":"","header-above-stick-meta":"","header-main-stick-meta":"","header-below-stick-meta":"","astra-migrate-meta-layouts":"default","ast-page-background-enabled":"default","ast-page-background-meta":{"desktop":{"background-color":"var(--ast-global-color-4)","background-image":"","background-repeat":"repeat","background-position":"center center","background-size":"auto","background-attachment":"scroll","background-type":"","background-media":"","overlay-type":"","overlay-color":"","overlay-opacity":"","overlay-gradient":""},"tablet":{"background-color":"","background-image":"","background-repeat":"repeat","background-position":"center center","background-size":"auto","background-attachment":"scroll","background-type":"","background-media":"","overlay-type":"","overlay-color":"","overlay-opacity":"","overlay-gradient":""},"mobile":{"background-color":"","background-image":"","background-repeat":"repeat","background-position":"center center","background-size":"auto","background-attachment":"scroll","background-type":"","background-media":"","overlay-type":"","overlay-color":"","overlay-opacity":"","overlay-gradient":""}},"ast-content-background-meta":{"desktop":{"background-color":"var(--ast-global-color-5)","background-image":"","background-repeat":"repeat","background-position":"center center","background-size":"auto","background-attachment":"scroll","background-type":"","background-media":"","overlay-type":"","overlay-color":"","overlay-opacity":"","overlay-gradient":""},"tablet":{"background-color":"var(--ast-global-color-5)","background-image":"","background-repeat":"repeat","background-position":"center center","background-size":"auto","background-attachment":"scroll","background-type":"","background-media":"","overlay-type":"","overlay-color":"","overlay-opacity":"","overlay-gradient":""},"mobile":{"background-color":"var(--ast-global-color-5)","background-image":"","background-repeat":"repeat","background-position":"center center","background-size":"auto","background-attachment":"scroll","background-type":"","background-media":"","overlay-type":"","overlay-color":"","overlay-opacity":"","overlay-gradient":""}},"footnotes":""},"categories":[181],"tags":[],"class_list":["post-1273","post","type-post","status-publish","format-standard","has-post-thumbnail","hentry","category-vie-locale"],"yoast_head":"<!-- This site is optimized with the Yoast SEO plugin v23.2 - https:\/\/yoast.com\/wordpress\/plugins\/seo\/ -->\n<title>La Navette des Neiges reprend du service le 11 janvier 2025 : toutes les infos pour profiter de la montagne !<\/title>\n<meta name=\"robots\" content=\"index, follow, max-snippet:-1, max-image-preview:large, max-video-preview:-1\" \/>\n<link rel=\"canonical\" href=\"https:\/\/www.sortir06.fr\/actualites\/vie-locale\/la-navette-des-neiges-reprend-du-service-le-11-janvier-2025-toutes-les-infos-pour-profiter-de-la-montagne\/\" \/>\n<meta property=\"og:locale\" content=\"fr_FR\" \/>\n<meta property=\"og:type\" content=\"article\" \/>\n<meta property=\"og:title\" content=\"La Navette des Neiges reprend du service le 11 janvier 2025 : toutes les infos pour profiter de la montagne !\" \/>\n<meta property=\"og:description\" content=\"Bonne nouvelle pour les amateurs de sports d\u2019hiver ! La Navette des Neiges d\u2019Envibus sera de retour \u00e0 partir du [&hellip;]\" \/>\n<meta property=\"og:url\" content=\"https:\/\/www.sortir06.fr\/actualites\/vie-locale\/la-navette-des-neiges-reprend-du-service-le-11-janvier-2025-toutes-les-infos-pour-profiter-de-la-montagne\/\" \/>\n<meta property=\"og:site_name\" content=\"Actualit\u00e9s du 06 \/ Infos Presse\" \/>\n<meta property=\"article:published_time\" content=\"2025-01-25T20:28:50+00:00\" \/>\n<meta property=\"article:modified_time\" content=\"2025-01-25T20:40:13+00:00\" \/>\n<meta property=\"og:image\" content=\"https:\/\/www.sortir06.fr\/actualites\/wp-content\/uploads\/2025\/01\/navette-neige-greolieres.jpg\" \/>\n\t<meta property=\"og:image:width\" content=\"1200\" \/>\n\t<meta property=\"og:image:height\" content=\"900\" \/>\n\t<meta property=\"og:image:type\" content=\"image\/jpeg\" \/>\n<meta name=\"author\" content=\"Melissa Musson\" \/>\n<meta name=\"twitter:card\" content=\"summary_large_image\" \/>\n<meta name=\"twitter:label1\" content=\"\u00c9crit par\" \/>\n\t<meta name=\"twitter:data1\" content=\"Melissa Musson\" \/>\n\t<meta name=\"twitter:label2\" content=\"Dur\u00e9e de lecture estim\u00e9e\" \/>\n\t<meta name=\"twitter:data2\" content=\"5 minutes\" \/>\n<script type=\"application\/ld+json\" class=\"yoast-schema-graph\">{\"@context\":\"https:\/\/schema.org\",\"@graph\":[{\"@type\":\"Article\",\"@id\":\"https:\/\/www.sortir06.fr\/actualites\/vie-locale\/la-navette-des-neiges-reprend-du-service-le-11-janvier-2025-toutes-les-infos-pour-profiter-de-la-montagne\/#article\",\"isPartOf\":{\"@id\":\"https:\/\/www.sortir06.fr\/actualites\/vie-locale\/la-navette-des-neiges-reprend-du-service-le-11-janvier-2025-toutes-les-infos-pour-profiter-de-la-montagne\/\"},\"author\":{\"name\":\"Melissa Musson\",\"@id\":\"https:\/\/www.sortir06.fr\/actualites\/#\/schema\/person\/d1da1901725ffa2aebaf8209035b2308\"},\"headline\":\"La Navette des Neiges reprend du service le 11 janvier 2025 : toutes les infos pour profiter de la montagne !\",\"datePublished\":\"2025-01-25T20:28:50+00:00\",\"dateModified\":\"2025-01-25T20:40:13+00:00\",\"mainEntityOfPage\":{\"@id\":\"https:\/\/www.sortir06.fr\/actualites\/vie-locale\/la-navette-des-neiges-reprend-du-service-le-11-janvier-2025-toutes-les-infos-pour-profiter-de-la-montagne\/\"},\"wordCount\":485,\"publisher\":{\"@id\":\"https:\/\/www.sortir06.fr\/actualites\/#organization\"},\"image\":{\"@id\":\"https:\/\/www.sortir06.fr\/actualites\/vie-locale\/la-navette-des-neiges-reprend-du-service-le-11-janvier-2025-toutes-les-infos-pour-profiter-de-la-montagne\/#primaryimage\"},\"thumbnailUrl\":\"https:\/\/www.sortir06.fr\/actualites\/wp-content\/uploads\/2025\/01\/navette-neige-greolieres.jpg\",\"articleSection\":[\"Vie Locale\"],\"inLanguage\":\"fr-FR\"},{\"@type\":\"WebPage\",\"@id\":\"https:\/\/www.sortir06.fr\/actualites\/vie-locale\/la-navette-des-neiges-reprend-du-service-le-11-janvier-2025-toutes-les-infos-pour-profiter-de-la-montagne\/\",\"url\":\"https:\/\/www.sortir06.fr\/actualites\/vie-locale\/la-navette-des-neiges-reprend-du-service-le-11-janvier-2025-toutes-les-infos-pour-profiter-de-la-montagne\/\",\"name\":\"La Navette des Neiges reprend du service le 11 janvier 2025 : toutes les infos pour profiter de la montagne !\",\"isPartOf\":{\"@id\":\"https:\/\/www.sortir06.fr\/actualites\/#website\"},\"primaryImageOfPage\":{\"@id\":\"https:\/\/www.sortir06.fr\/actualites\/vie-locale\/la-navette-des-neiges-reprend-du-service-le-11-janvier-2025-toutes-les-infos-pour-profiter-de-la-montagne\/#primaryimage\"},\"image\":{\"@id\":\"https:\/\/www.sortir06.fr\/actualites\/vie-locale\/la-navette-des-neiges-reprend-du-service-le-11-janvier-2025-toutes-les-infos-pour-profiter-de-la-montagne\/#primaryimage\"},\"thumbnailUrl\":\"https:\/\/www.sortir06.fr\/actualites\/wp-content\/uploads\/2025\/01\/navette-neige-greolieres.jpg\",\"datePublished\":\"2025-01-25T20:28:50+00:00\",\"dateModified\":\"2025-01-25T20:40:13+00:00\",\"breadcrumb\":{\"@id\":\"https:\/\/www.sortir06.fr\/actualites\/vie-locale\/la-navette-des-neiges-reprend-du-service-le-11-janvier-2025-toutes-les-infos-pour-profiter-de-la-montagne\/#breadcrumb\"},\"inLanguage\":\"fr-FR\",\"potentialAction\":[{\"@type\":\"ReadAction\",\"target\":[\"https:\/\/www.sortir06.fr\/actualites\/vie-locale\/la-navette-des-neiges-reprend-du-service-le-11-janvier-2025-toutes-les-infos-pour-profiter-de-la-montagne\/\"]}]},{\"@type\":\"ImageObject\",\"inLanguage\":\"fr-FR\",\"@id\":\"https:\/\/www.sortir06.fr\/actualites\/vie-locale\/la-navette-des-neiges-reprend-du-service-le-11-janvier-2025-toutes-les-infos-pour-profiter-de-la-montagne\/#primaryimage\",\"url\":\"https:\/\/www.sortir06.fr\/actualites\/wp-content\/uploads\/2025\/01\/navette-neige-greolieres.jpg\",\"contentUrl\":\"https:\/\/www.sortir06.fr\/actualites\/wp-content\/uploads\/2025\/01\/navette-neige-greolieres.jpg\",\"width\":1200,\"height\":900,\"caption\":\"La Navette des Neiges reprend du service le 11 janvier 2025 : toutes les infos pour profiter de la montagne !\"},{\"@type\":\"BreadcrumbList\",\"@id\":\"https:\/\/www.sortir06.fr\/actualites\/vie-locale\/la-navette-des-neiges-reprend-du-service-le-11-janvier-2025-toutes-les-infos-pour-profiter-de-la-montagne\/#breadcrumb\",\"itemListElement\":[{\"@type\":\"ListItem\",\"position\":1,\"name\":\"Accueil\",\"item\":\"https:\/\/www.sortir06.fr\/actualites\/\"},{\"@type\":\"ListItem\",\"position\":2,\"name\":\"La Navette des Neiges reprend du service le 11 janvier 2025 : toutes les infos pour profiter de la montagne !\"}]},{\"@type\":\"WebSite\",\"@id\":\"https:\/\/www.sortir06.fr\/actualites\/#website\",\"url\":\"https:\/\/www.sortir06.fr\/actualites\/\",\"name\":\"Actualit\u00e9s C\u00f4te d\\\"Azur (06)\",\"description\":\"\",\"publisher\":{\"@id\":\"https:\/\/www.sortir06.fr\/actualites\/#organization\"},\"alternateName\":\"Retrouvez toutes les infos presse et news du d\u00e9partement des Alpes Maritimes\",\"potentialAction\":[{\"@type\":\"SearchAction\",\"target\":{\"@type\":\"EntryPoint\",\"urlTemplate\":\"https:\/\/www.sortir06.fr\/actualites\/?s={search_term_string}\"},\"query-input\":\"required name=search_term_string\"}],\"inLanguage\":\"fr-FR\"},{\"@type\":\"Organization\",\"@id\":\"https:\/\/www.sortir06.fr\/actualites\/#organization\",\"name\":\"Sortir 06 Actualit\u00e9s\",\"url\":\"https:\/\/www.sortir06.fr\/actualites\/\",\"logo\":{\"@type\":\"ImageObject\",\"inLanguage\":\"fr-FR\",\"@id\":\"https:\/\/www.sortir06.fr\/actualites\/#\/schema\/logo\/image\/\",\"url\":\"https:\/\/www.sortir06.fr\/actualites\/wp-content\/uploads\/2024\/08\/sortir06actualites-1.webp\",\"contentUrl\":\"https:\/\/www.sortir06.fr\/actualites\/wp-content\/uploads\/2024\/08\/sortir06actualites-1.webp\",\"width\":1200,\"height\":375,\"caption\":\"Sortir 06 Actualit\u00e9s\"},\"image\":{\"@id\":\"https:\/\/www.sortir06.fr\/actualites\/#\/schema\/logo\/image\/\"}},{\"@type\":\"Person\",\"@id\":\"https:\/\/www.sortir06.fr\/actualites\/#\/schema\/person\/d1da1901725ffa2aebaf8209035b2308\",\"name\":\"Melissa Musson\",\"sameAs\":[\"https:\/\/www.sortir06.fr\/actualites\"],\"url\":\"https:\/\/www.sortir06.fr\/actualites\/author\/admins06actu\/\"}]}<\/script>\n<!-- \/ Yoast SEO plugin. -->","yoast_head_json":{"title":"La Navette des Neiges reprend du service le 11 janvier 2025 : toutes les infos pour profiter de la montagne !","robots":{"index":"index","follow":"follow","max-snippet":"max-snippet:-1","max-image-preview":"max-image-preview:large","max-video-preview":"max-video-preview:-1"},"canonical":"https:\/\/www.sortir06.fr\/actualites\/vie-locale\/la-navette-des-neiges-reprend-du-service-le-11-janvier-2025-toutes-les-infos-pour-profiter-de-la-montagne\/","og_locale":"fr_FR","og_type":"article","og_title":"La Navette des Neiges reprend du service le 11 janvier 2025 : toutes les infos pour profiter de la montagne !","og_description":"Bonne nouvelle pour les amateurs de sports d\u2019hiver ! La Navette des Neiges d\u2019Envibus sera de retour \u00e0 partir du [&hellip;]","og_url":"https:\/\/www.sortir06.fr\/actualites\/vie-locale\/la-navette-des-neiges-reprend-du-service-le-11-janvier-2025-toutes-les-infos-pour-profiter-de-la-montagne\/","og_site_name":"Actualit\u00e9s du 06 \/ Infos Presse","article_published_time":"2025-01-25T20:28:50+00:00","article_modified_time":"2025-01-25T20:40:13+00:00","og_image":[{"width":1200,"height":900,"url":"https:\/\/www.sortir06.fr\/actualites\/wp-content\/uploads\/2025\/01\/navette-neige-greolieres.jpg","type":"image\/jpeg"}],"author":"Melissa Musson","twitter_card":"summary_large_image","twitter_misc":{"\u00c9crit par":"Melissa Musson","Dur\u00e9e de lecture estim\u00e9e":"5 minutes"},"schema":{"@context":"https:\/\/schema.org","@graph":[{"@type":"Article","@id":"https:\/\/www.sortir06.fr\/actualites\/vie-locale\/la-navette-des-neiges-reprend-du-service-le-11-janvier-2025-toutes-les-infos-pour-profiter-de-la-montagne\/#article","isPartOf":{"@id":"https:\/\/www.sortir06.fr\/actualites\/vie-locale\/la-navette-des-neiges-reprend-du-service-le-11-janvier-2025-toutes-les-infos-pour-profiter-de-la-montagne\/"},"author":{"name":"Melissa Musson","@id":"https:\/\/www.sortir06.fr\/actualites\/#\/schema\/person\/d1da1901725ffa2aebaf8209035b2308"},"headline":"La Navette des Neiges reprend du service le 11 janvier 2025 : toutes les infos pour profiter de la montagne !","datePublished":"2025-01-25T20:28:50+00:00","dateModified":"2025-01-25T20:40:13+00:00","mainEntityOfPage":{"@id":"https:\/\/www.sortir06.fr\/actualites\/vie-locale\/la-navette-des-neiges-reprend-du-service-le-11-janvier-2025-toutes-les-infos-pour-profiter-de-la-montagne\/"},"wordCount":485,"publisher":{"@id":"https:\/\/www.sortir06.fr\/actualites\/#organization"},"image":{"@id":"https:\/\/www.sortir06.fr\/actualites\/vie-locale\/la-navette-des-neiges-reprend-du-service-le-11-janvier-2025-toutes-les-infos-pour-profiter-de-la-montagne\/#primaryimage"},"thumbnailUrl":"https:\/\/www.sortir06.fr\/actualites\/wp-content\/uploads\/2025\/01\/navette-neige-greolieres.jpg","articleSection":["Vie Locale"],"inLanguage":"fr-FR"},{"@type":"WebPage","@id":"https:\/\/www.sortir06.fr\/actualites\/vie-locale\/la-navette-des-neiges-reprend-du-service-le-11-janvier-2025-toutes-les-infos-pour-profiter-de-la-montagne\/","url":"https:\/\/www.sortir06.fr\/actualites\/vie-locale\/la-navette-des-neiges-reprend-du-service-le-11-janvier-2025-toutes-les-infos-pour-profiter-de-la-montagne\/","name":"La Navette des Neiges reprend du service le 11 janvier 2025 : toutes les infos pour profiter de la montagne !","isPartOf":{"@id":"https:\/\/www.sortir06.fr\/actualites\/#website"},"primaryImageOfPage":{"@id":"https:\/\/www.sortir06.fr\/actualites\/vie-locale\/la-navette-des-neiges-reprend-du-service-le-11-janvier-2025-toutes-les-infos-pour-profiter-de-la-montagne\/#primaryimage"},"image":{"@id":"https:\/\/www.sortir06.fr\/actualites\/vie-locale\/la-navette-des-neiges-reprend-du-service-le-11-janvier-2025-toutes-les-infos-pour-profiter-de-la-montagne\/#primaryimage"},"thumbnailUrl":"https:\/\/www.sortir06.fr\/actualites\/wp-content\/uploads\/2025\/01\/navette-neige-greolieres.jpg","datePublished":"2025-01-25T20:28:50+00:00","dateModified":"2025-01-25T20:40:13+00:00","breadcrumb":{"@id":"https:\/\/www.sortir06.fr\/actualites\/vie-locale\/la-navette-des-neiges-reprend-du-service-le-11-janvier-2025-toutes-les-infos-pour-profiter-de-la-montagne\/#breadcrumb"},"inLanguage":"fr-FR","potentialAction":[{"@type":"ReadAction","target":["https:\/\/www.sortir06.fr\/actualites\/vie-locale\/la-navette-des-neiges-reprend-du-service-le-11-janvier-2025-toutes-les-infos-pour-profiter-de-la-montagne\/"]}]},{"@type":"ImageObject","inLanguage":"fr-FR","@id":"https:\/\/www.sortir06.fr\/actualites\/vie-locale\/la-navette-des-neiges-reprend-du-service-le-11-janvier-2025-toutes-les-infos-pour-profiter-de-la-montagne\/#primaryimage","url":"https:\/\/www.sortir06.fr\/actualites\/wp-content\/uploads\/2025\/01\/navette-neige-greolieres.jpg","contentUrl":"https:\/\/www.sortir06.fr\/actualites\/wp-content\/uploads\/2025\/01\/navette-neige-greolieres.jpg","width":1200,"height":900,"caption":"La Navette des Neiges reprend du service le 11 janvier 2025 : toutes les infos pour profiter de la montagne !"},{"@type":"BreadcrumbList","@id":"https:\/\/www.sortir06.fr\/actualites\/vie-locale\/la-navette-des-neiges-reprend-du-service-le-11-janvier-2025-toutes-les-infos-pour-profiter-de-la-montagne\/#breadcrumb","itemListElement":[{"@type":"ListItem","position":1,"name":"Accueil","item":"https:\/\/www.sortir06.fr\/actualites\/"},{"@type":"ListItem","position":2,"name":"La Navette des Neiges reprend du service le 11 janvier 2025 : toutes les infos pour profiter de la montagne !"}]},{"@type":"WebSite","@id":"https:\/\/www.sortir06.fr\/actualites\/#website","url":"https:\/\/www.sortir06.fr\/actualites\/","name":"Actualit\u00e9s C\u00f4te d\"Azur (06)","description":"","publisher":{"@id":"https:\/\/www.sortir06.fr\/actualites\/#organization"},"alternateName":"Retrouvez toutes les infos presse et news du d\u00e9partement des Alpes Maritimes","potentialAction":[{"@type":"SearchAction","target":{"@type":"EntryPoint","urlTemplate":"https:\/\/www.sortir06.fr\/actualites\/?s={search_term_string}"},"query-input":"required name=search_term_string"}],"inLanguage":"fr-FR"},{"@type":"Organization","@id":"https:\/\/www.sortir06.fr\/actualites\/#organization","name":"Sortir 06 Actualit\u00e9s","url":"https:\/\/www.sortir06.fr\/actualites\/","logo":{"@type":"ImageObject","inLanguage":"fr-FR","@id":"https:\/\/www.sortir06.fr\/actualites\/#\/schema\/logo\/image\/","url":"https:\/\/www.sortir06.fr\/actualites\/wp-content\/uploads\/2024\/08\/sortir06actualites-1.webp","contentUrl":"https:\/\/www.sortir06.fr\/actualites\/wp-content\/uploads\/2024\/08\/sortir06actualites-1.webp","width":1200,"height":375,"caption":"Sortir 06 Actualit\u00e9s"},"image":{"@id":"https:\/\/www.sortir06.fr\/actualites\/#\/schema\/logo\/image\/"}},{"@type":"Person","@id":"https:\/\/www.sortir06.fr\/actualites\/#\/schema\/person\/d1da1901725ffa2aebaf8209035b2308","name":"Melissa Musson","sameAs":["https:\/\/www.sortir06.fr\/actualites"],"url":"https:\/\/www.sortir06.fr\/actualites\/author\/admins06actu\/"}]}},"_links":{"self":[{"href":"https:\/\/www.sortir06.fr\/actualites\/wp-json\/wp\/v2\/posts\/1273","targetHints":{"allow":["GET"]}}],"collection":[{"href":"https:\/\/www.sortir06.fr\/actualites\/wp-json\/wp\/v2\/posts"}],"about":[{"href":"https:\/\/www.sortir06.fr\/actualites\/wp-json\/wp\/v2\/types\/post"}],"author":[{"embeddable":true,"href":"https:\/\/www.sortir06.fr\/actualites\/wp-json\/wp\/v2\/users\/1"}],"replies":[{"embeddable":true,"href":"https:\/\/www.sortir06.fr\/actualites\/wp-json\/wp\/v2\/comments?post=1273"}],"version-history":[{"count":10,"href":"https:\/\/www.sortir06.fr\/actualites\/wp-json\/wp\/v2\/posts\/1273\/revisions"}],"predecessor-version":[{"id":1292,"href":"https:\/\/www.sortir06.fr\/actualites\/wp-json\/wp\/v2\/posts\/1273\/revisions\/1292"}],"wp:featuredmedia":[{"embeddable":true,"href":"https:\/\/www.sortir06.fr\/actualites\/wp-json\/wp\/v2\/media\/1281"}],"wp:attachment":[{"href":"https:\/\/www.sortir06.fr\/actualites\/wp-json\/wp\/v2\/media?parent=1273"}],"wp:term":[{"taxonomy":"category","embeddable":true,"href":"https:\/\/www.sortir06.fr\/actualites\/wp-json\/wp\/v2\/categories?post=1273"},{"taxonomy":"post_tag","embeddable":true,"href":"https:\/\/www.sortir06.fr\/actualites\/wp-json\/wp\/v2\/tags?post=1273"}],"curies":[{"name":"wp","href":"https:\/\/api.w.org\/{rel}","templated":true}]}}