{"id":1484,"date":"2025-05-18T17:59:05","date_gmt":"2025-05-18T15:59:05","guid":{"rendered":"https:\/\/www.sortir06.fr\/actualites\/?p=1484"},"modified":"2025-05-18T18:00:36","modified_gmt":"2025-05-18T16:00:36","slug":"michel-hazanavicius-laisse-son-empreinte-a-cannes","status":"publish","type":"post","link":"https:\/\/www.sortir06.fr\/actualites\/arts-culture\/michel-hazanavicius-laisse-son-empreinte-a-cannes\/","title":{"rendered":"Michel Hazanavicius laisse son empreinte \u00e0 Cannes"},"content":{"rendered":"\t\t<div data-elementor-type=\"wp-post\" data-elementor-id=\"1484\" class=\"elementor elementor-1484\" data-elementor-post-type=\"post\">\n\t\t\t\t<div class=\"elementor-element elementor-element-3a1d18b e-flex e-con-boxed e-con e-parent\" data-id=\"3a1d18b\" data-element_type=\"container\">\n\t\t\t\t\t<div class=\"e-con-inner\">\n\t\t\t\t<div class=\"elementor-element elementor-element-0feb87f elementor-widget elementor-widget-text-editor\" data-id=\"0feb87f\" data-element_type=\"widget\" data-widget_type=\"text-editor.default\">\n\t\t\t\t<div class=\"elementor-widget-container\">\n\t\t\t<style>\/*! elementor - v3.23.0 - 05-08-2024 *\/\n.elementor-widget-text-editor.elementor-drop-cap-view-stacked .elementor-drop-cap{background-color:#69727d;color:#fff}.elementor-widget-text-editor.elementor-drop-cap-view-framed .elementor-drop-cap{color:#69727d;border:3px solid;background-color:transparent}.elementor-widget-text-editor:not(.elementor-drop-cap-view-default) .elementor-drop-cap{margin-top:8px}.elementor-widget-text-editor:not(.elementor-drop-cap-view-default) .elementor-drop-cap-letter{width:1em;height:1em}.elementor-widget-text-editor .elementor-drop-cap{float:left;text-align:center;line-height:1;font-size:50px}.elementor-widget-text-editor .elementor-drop-cap-letter{display:inline-block}<\/style>\t\t\t\t<p>\u00c0 l\u2019occasion de la 78\u1d49 \u00e9dition du Festival de Cannes, Michel Hazanavicius, r\u00e9alisateur multir\u00e9compens\u00e9 et figure majeure du cin\u00e9ma fran\u00e7ais, a \u00e9t\u00e9 honor\u00e9 lors de la traditionnelle c\u00e9r\u00e9monie de prises d\u2019empreintes.<\/p><p>C\u2019est sur la plage du Majestic, \u00e0 c\u00f4t\u00e9 du Palais des Festivals et des Congr\u00e8s, que le cin\u00e9aste a appos\u00e9 ses mains dans l\u2019argile, sous les flashs des photographes et le soleil de la Croisette. <br \/>Ce moment symbolique, r\u00e9serv\u00e9 aux personnalit\u00e9s qui ont marqu\u00e9 durablement le septi\u00e8me art, inscrit d\u00e9sormais son nom parmi les quelque 400 artistes immortalis\u00e9s sur le prestigieux \u00ab\u00a0Chemin des \u00c9toiles\u00a0\u00bb de Cannes.<\/p><p>Cette distinction vient saluer une \u0153uvre \u00e0 la fois singuli\u00e8re et populaire, port\u00e9e par un regard d\u2019auteur unique. R\u00e9compens\u00e9 aux Oscars pour \u00ab\u00a0The Artist\u00a0\u00bb (2011), film muet en noir et blanc devenu embl\u00e9matique, Michel Hazanavicius s\u2019est \u00e9galement illustr\u00e9 avec des \u0153uvres marquantes telles que \u00ab\u00a0OSS 117\u00a0\u00bb, \u00ab\u00a0Le Redoutable\u00a0\u00bb, ou plus r\u00e9cemment \u00ab\u00a0La Plus Pr\u00e9cieuse des Marchandises\u00a0\u00bb.<\/p>\t\t\t\t\t\t<\/div>\n\t\t\t\t<\/div>\n\t\t\t\t\t<\/div>\n\t\t\t\t<\/div>\n\t\t<div class=\"elementor-element elementor-element-b002d67 e-flex e-con-boxed e-con e-parent\" data-id=\"b002d67\" data-element_type=\"container\">\n\t\t\t\t\t<div class=\"e-con-inner\">\n\t\t\t\t<div class=\"elementor-element elementor-element-8b3d7c4 elementor-widget elementor-widget-image\" data-id=\"8b3d7c4\" data-element_type=\"widget\" data-widget_type=\"image.default\">\n\t\t\t\t<div class=\"elementor-widget-container\">\n\t\t\t<style>\/*! elementor - v3.23.0 - 05-08-2024 *\/\n.elementor-widget-image{text-align:center}.elementor-widget-image a{display:inline-block}.elementor-widget-image a img[src$=\".svg\"]{width:48px}.elementor-widget-image img{vertical-align:middle;display:inline-block}<\/style>\t\t\t\t\t\t\t\t\t\t<img fetchpriority=\"high\" decoding=\"async\" width=\"1024\" height=\"768\" src=\"https:\/\/www.sortir06.fr\/actualites\/wp-content\/uploads\/2025\/05\/hazanavicius-cannes-01-1024x768.webp\" class=\"attachment-large size-large wp-image-1486\" alt=\"Empreinte Michel Hazanavicius Festival Cannes\" srcset=\"https:\/\/www.sortir06.fr\/actualites\/wp-content\/uploads\/2025\/05\/hazanavicius-cannes-01-1024x768.webp 1024w, https:\/\/www.sortir06.fr\/actualites\/wp-content\/uploads\/2025\/05\/hazanavicius-cannes-01-300x225.webp 300w, https:\/\/www.sortir06.fr\/actualites\/wp-content\/uploads\/2025\/05\/hazanavicius-cannes-01-768x576.webp 768w, https:\/\/www.sortir06.fr\/actualites\/wp-content\/uploads\/2025\/05\/hazanavicius-cannes-01.webp 1200w\" sizes=\"(max-width: 1024px) 100vw, 1024px\" \/>\t\t\t\t\t\t\t\t\t\t\t\t\t<\/div>\n\t\t\t\t<\/div>\n\t\t\t\t\t<\/div>\n\t\t\t\t<\/div>\n\t\t\t\t<\/div>\n\t\t\n\n<div class=\"kk-star-ratings kksr-auto kksr-align-center kksr-valign-bottom\"\n    data-payload='{&quot;align&quot;:&quot;center&quot;,&quot;id&quot;:&quot;1484&quot;,&quot;slug&quot;:&quot;default&quot;,&quot;valign&quot;:&quot;bottom&quot;,&quot;ignore&quot;:&quot;&quot;,&quot;reference&quot;:&quot;auto&quot;,&quot;class&quot;:&quot;&quot;,&quot;count&quot;:&quot;2&quot;,&quot;legendonly&quot;:&quot;&quot;,&quot;readonly&quot;:&quot;&quot;,&quot;score&quot;:&quot;5&quot;,&quot;starsonly&quot;:&quot;&quot;,&quot;best&quot;:&quot;5&quot;,&quot;gap&quot;:&quot;5&quot;,&quot;greet&quot;:&quot;Vous aimez ?&quot;,&quot;legend&quot;:&quot;5\\\/5 - (2 votes)&quot;,&quot;size&quot;:&quot;24&quot;,&quot;title&quot;:&quot;Michel Hazanavicius laisse son empreinte \u00e0 Cannes&quot;,&quot;width&quot;:&quot;142.5&quot;,&quot;_legend&quot;:&quot;{score}\\\/{best} - ({count} {votes})&quot;,&quot;font_factor&quot;:&quot;1.25&quot;}'>\n            \n<div class=\"kksr-stars\">\n    \n<div class=\"kksr-stars-inactive\">\n            <div class=\"kksr-star\" data-star=\"1\" style=\"padding-right: 5px\">\n            \n\n<div class=\"kksr-icon\" style=\"width: 24px; height: 24px;\"><\/div>\n        <\/div>\n            <div class=\"kksr-star\" data-star=\"2\" style=\"padding-right: 5px\">\n            \n\n<div class=\"kksr-icon\" style=\"width: 24px; height: 24px;\"><\/div>\n        <\/div>\n            <div class=\"kksr-star\" data-star=\"3\" style=\"padding-right: 5px\">\n            \n\n<div class=\"kksr-icon\" style=\"width: 24px; height: 24px;\"><\/div>\n        <\/div>\n            <div class=\"kksr-star\" data-star=\"4\" style=\"padding-right: 5px\">\n            \n\n<div class=\"kksr-icon\" style=\"width: 24px; height: 24px;\"><\/div>\n        <\/div>\n            <div class=\"kksr-star\" data-star=\"5\" style=\"padding-right: 5px\">\n            \n\n<div class=\"kksr-icon\" style=\"width: 24px; height: 24px;\"><\/div>\n        <\/div>\n    <\/div>\n    \n<div class=\"kksr-stars-active\" style=\"width: 142.5px;\">\n            <div class=\"kksr-star\" style=\"padding-right: 5px\">\n            \n\n<div class=\"kksr-icon\" style=\"width: 24px; height: 24px;\"><\/div>\n        <\/div>\n            <div class=\"kksr-star\" style=\"padding-right: 5px\">\n            \n\n<div class=\"kksr-icon\" style=\"width: 24px; height: 24px;\"><\/div>\n        <\/div>\n            <div class=\"kksr-star\" style=\"padding-right: 5px\">\n            \n\n<div class=\"kksr-icon\" style=\"width: 24px; height: 24px;\"><\/div>\n        <\/div>\n            <div class=\"kksr-star\" style=\"padding-right: 5px\">\n            \n\n<div class=\"kksr-icon\" style=\"width: 24px; height: 24px;\"><\/div>\n        <\/div>\n            <div class=\"kksr-star\" style=\"padding-right: 5px\">\n            \n\n<div class=\"kksr-icon\" style=\"width: 24px; height: 24px;\"><\/div>\n        <\/div>\n    <\/div>\n<\/div>\n                \n\n<div class=\"kksr-legend\" style=\"font-size: 19.2px;\">\n            5\/5 - (2 votes)    <\/div>\n    <\/div>\n","protected":false},"excerpt":{"rendered":"<p>\u00c0 l\u2019occasion de la 78\u1d49 \u00e9dition du Festival de Cannes, Michel Hazanavicius, r\u00e9alisateur multir\u00e9compens\u00e9 et figure majeure du cin\u00e9ma fran\u00e7ais, [&hellip;]<\/p>\n","protected":false},"author":1,"featured_media":1485,"comment_status":"closed","ping_status":"closed","sticky":false,"template":"","format":"standard","meta":{"site-sidebar-layout":"default","site-content-layout":"","ast-site-content-layout":"","site-content-style":"default","site-sidebar-style":"default","ast-global-header-display":"","ast-banner-title-visibility":"","ast-main-header-display":"","ast-hfb-above-header-display":"","ast-hfb-below-header-display":"","ast-hfb-mobile-header-display":"","site-post-title":"","ast-breadcrumbs-content":"","ast-featured-img":"","footer-sml-layout":"","theme-transparent-header-meta":"","adv-header-id-meta":"","stick-header-meta":"","header-above-stick-meta":"","header-main-stick-meta":"","header-below-stick-meta":"","astra-migrate-meta-layouts":"default","ast-page-background-enabled":"default","ast-page-background-meta":{"desktop":{"background-color":"var(--ast-global-color-4)","background-image":"","background-repeat":"repeat","background-position":"center center","background-size":"auto","background-attachment":"scroll","background-type":"","background-media":"","overlay-type":"","overlay-color":"","overlay-opacity":"","overlay-gradient":""},"tablet":{"background-color":"","background-image":"","background-repeat":"repeat","background-position":"center center","background-size":"auto","background-attachment":"scroll","background-type":"","background-media":"","overlay-type":"","overlay-color":"","overlay-opacity":"","overlay-gradient":""},"mobile":{"background-color":"","background-image":"","background-repeat":"repeat","background-position":"center center","background-size":"auto","background-attachment":"scroll","background-type":"","background-media":"","overlay-type":"","overlay-color":"","overlay-opacity":"","overlay-gradient":""}},"ast-content-background-meta":{"desktop":{"background-color":"var(--ast-global-color-5)","background-image":"","background-repeat":"repeat","background-position":"center center","background-size":"auto","background-attachment":"scroll","background-type":"","background-media":"","overlay-type":"","overlay-color":"","overlay-opacity":"","overlay-gradient":""},"tablet":{"background-color":"var(--ast-global-color-5)","background-image":"","background-repeat":"repeat","background-position":"center center","background-size":"auto","background-attachment":"scroll","background-type":"","background-media":"","overlay-type":"","overlay-color":"","overlay-opacity":"","overlay-gradient":""},"mobile":{"background-color":"var(--ast-global-color-5)","background-image":"","background-repeat":"repeat","background-position":"center center","background-size":"auto","background-attachment":"scroll","background-type":"","background-media":"","overlay-type":"","overlay-color":"","overlay-opacity":"","overlay-gradient":""}},"footnotes":""},"categories":[171],"tags":[29],"class_list":["post-1484","post","type-post","status-publish","format-standard","has-post-thumbnail","hentry","category-arts-culture","tag-cannes"],"yoast_head":"<!-- This site is optimized with the Yoast SEO plugin v23.2 - https:\/\/yoast.com\/wordpress\/plugins\/seo\/ -->\n<title>Michel Hazanavicius laisse son empreinte \u00e0 Cannes<\/title>\n<meta name=\"robots\" content=\"index, follow, max-snippet:-1, max-image-preview:large, max-video-preview:-1\" \/>\n<link rel=\"canonical\" href=\"https:\/\/www.sortir06.fr\/actualites\/arts-culture\/michel-hazanavicius-laisse-son-empreinte-a-cannes\/\" \/>\n<meta property=\"og:locale\" content=\"fr_FR\" \/>\n<meta property=\"og:type\" content=\"article\" \/>\n<meta property=\"og:title\" content=\"Michel Hazanavicius laisse son empreinte \u00e0 Cannes\" \/>\n<meta property=\"og:description\" content=\"\u00c0 l\u2019occasion de la 78\u1d49 \u00e9dition du Festival de Cannes, Michel Hazanavicius, r\u00e9alisateur multir\u00e9compens\u00e9 et figure majeure du cin\u00e9ma fran\u00e7ais, [&hellip;]\" \/>\n<meta property=\"og:url\" content=\"https:\/\/www.sortir06.fr\/actualites\/arts-culture\/michel-hazanavicius-laisse-son-empreinte-a-cannes\/\" \/>\n<meta property=\"og:site_name\" content=\"Actualit\u00e9s du 06 \/ Infos Presse\" \/>\n<meta property=\"article:published_time\" content=\"2025-05-18T15:59:05+00:00\" \/>\n<meta property=\"article:modified_time\" content=\"2025-05-18T16:00:36+00:00\" \/>\n<meta property=\"og:image\" content=\"https:\/\/www.sortir06.fr\/actualites\/wp-content\/uploads\/2025\/05\/hazanavicius-cannes-02.webp\" \/>\n\t<meta property=\"og:image:width\" content=\"1200\" \/>\n\t<meta property=\"og:image:height\" content=\"900\" \/>\n\t<meta property=\"og:image:type\" content=\"image\/webp\" \/>\n<meta name=\"author\" content=\"Melissa Musson\" \/>\n<meta name=\"twitter:card\" content=\"summary_large_image\" \/>\n<meta name=\"twitter:label1\" content=\"\u00c9crit par\" \/>\n\t<meta name=\"twitter:data1\" content=\"Melissa Musson\" \/>\n\t<meta name=\"twitter:label2\" content=\"Dur\u00e9e de lecture estim\u00e9e\" \/>\n\t<meta name=\"twitter:data2\" content=\"1 minute\" \/>\n<script type=\"application\/ld+json\" class=\"yoast-schema-graph\">{\"@context\":\"https:\/\/schema.org\",\"@graph\":[{\"@type\":\"Article\",\"@id\":\"https:\/\/www.sortir06.fr\/actualites\/arts-culture\/michel-hazanavicius-laisse-son-empreinte-a-cannes\/#article\",\"isPartOf\":{\"@id\":\"https:\/\/www.sortir06.fr\/actualites\/arts-culture\/michel-hazanavicius-laisse-son-empreinte-a-cannes\/\"},\"author\":{\"name\":\"Melissa Musson\",\"@id\":\"https:\/\/www.sortir06.fr\/actualites\/#\/schema\/person\/d1da1901725ffa2aebaf8209035b2308\"},\"headline\":\"Michel Hazanavicius laisse son empreinte \u00e0 Cannes\",\"datePublished\":\"2025-05-18T15:59:05+00:00\",\"dateModified\":\"2025-05-18T16:00:36+00:00\",\"mainEntityOfPage\":{\"@id\":\"https:\/\/www.sortir06.fr\/actualites\/arts-culture\/michel-hazanavicius-laisse-son-empreinte-a-cannes\/\"},\"wordCount\":178,\"publisher\":{\"@id\":\"https:\/\/www.sortir06.fr\/actualites\/#organization\"},\"image\":{\"@id\":\"https:\/\/www.sortir06.fr\/actualites\/arts-culture\/michel-hazanavicius-laisse-son-empreinte-a-cannes\/#primaryimage\"},\"thumbnailUrl\":\"https:\/\/www.sortir06.fr\/actualites\/wp-content\/uploads\/2025\/05\/hazanavicius-cannes-02.webp\",\"keywords\":[\"Cannes\"],\"articleSection\":[\"Arts &amp; Culture\"],\"inLanguage\":\"fr-FR\"},{\"@type\":\"WebPage\",\"@id\":\"https:\/\/www.sortir06.fr\/actualites\/arts-culture\/michel-hazanavicius-laisse-son-empreinte-a-cannes\/\",\"url\":\"https:\/\/www.sortir06.fr\/actualites\/arts-culture\/michel-hazanavicius-laisse-son-empreinte-a-cannes\/\",\"name\":\"Michel Hazanavicius laisse son empreinte \u00e0 Cannes\",\"isPartOf\":{\"@id\":\"https:\/\/www.sortir06.fr\/actualites\/#website\"},\"primaryImageOfPage\":{\"@id\":\"https:\/\/www.sortir06.fr\/actualites\/arts-culture\/michel-hazanavicius-laisse-son-empreinte-a-cannes\/#primaryimage\"},\"image\":{\"@id\":\"https:\/\/www.sortir06.fr\/actualites\/arts-culture\/michel-hazanavicius-laisse-son-empreinte-a-cannes\/#primaryimage\"},\"thumbnailUrl\":\"https:\/\/www.sortir06.fr\/actualites\/wp-content\/uploads\/2025\/05\/hazanavicius-cannes-02.webp\",\"datePublished\":\"2025-05-18T15:59:05+00:00\",\"dateModified\":\"2025-05-18T16:00:36+00:00\",\"breadcrumb\":{\"@id\":\"https:\/\/www.sortir06.fr\/actualites\/arts-culture\/michel-hazanavicius-laisse-son-empreinte-a-cannes\/#breadcrumb\"},\"inLanguage\":\"fr-FR\",\"potentialAction\":[{\"@type\":\"ReadAction\",\"target\":[\"https:\/\/www.sortir06.fr\/actualites\/arts-culture\/michel-hazanavicius-laisse-son-empreinte-a-cannes\/\"]}]},{\"@type\":\"ImageObject\",\"inLanguage\":\"fr-FR\",\"@id\":\"https:\/\/www.sortir06.fr\/actualites\/arts-culture\/michel-hazanavicius-laisse-son-empreinte-a-cannes\/#primaryimage\",\"url\":\"https:\/\/www.sortir06.fr\/actualites\/wp-content\/uploads\/2025\/05\/hazanavicius-cannes-02.webp\",\"contentUrl\":\"https:\/\/www.sortir06.fr\/actualites\/wp-content\/uploads\/2025\/05\/hazanavicius-cannes-02.webp\",\"width\":1200,\"height\":900,\"caption\":\"Michel Hazanavicius - Festival de Cannes 2025\"},{\"@type\":\"BreadcrumbList\",\"@id\":\"https:\/\/www.sortir06.fr\/actualites\/arts-culture\/michel-hazanavicius-laisse-son-empreinte-a-cannes\/#breadcrumb\",\"itemListElement\":[{\"@type\":\"ListItem\",\"position\":1,\"name\":\"Accueil\",\"item\":\"https:\/\/www.sortir06.fr\/actualites\/\"},{\"@type\":\"ListItem\",\"position\":2,\"name\":\"Michel Hazanavicius laisse son empreinte \u00e0 Cannes\"}]},{\"@type\":\"WebSite\",\"@id\":\"https:\/\/www.sortir06.fr\/actualites\/#website\",\"url\":\"https:\/\/www.sortir06.fr\/actualites\/\",\"name\":\"Actualit\u00e9s C\u00f4te d\\\"Azur (06)\",\"description\":\"\",\"publisher\":{\"@id\":\"https:\/\/www.sortir06.fr\/actualites\/#organization\"},\"alternateName\":\"Retrouvez toutes les infos presse et news du d\u00e9partement des Alpes Maritimes\",\"potentialAction\":[{\"@type\":\"SearchAction\",\"target\":{\"@type\":\"EntryPoint\",\"urlTemplate\":\"https:\/\/www.sortir06.fr\/actualites\/?s={search_term_string}\"},\"query-input\":\"required name=search_term_string\"}],\"inLanguage\":\"fr-FR\"},{\"@type\":\"Organization\",\"@id\":\"https:\/\/www.sortir06.fr\/actualites\/#organization\",\"name\":\"Sortir 06 Actualit\u00e9s\",\"url\":\"https:\/\/www.sortir06.fr\/actualites\/\",\"logo\":{\"@type\":\"ImageObject\",\"inLanguage\":\"fr-FR\",\"@id\":\"https:\/\/www.sortir06.fr\/actualites\/#\/schema\/logo\/image\/\",\"url\":\"https:\/\/www.sortir06.fr\/actualites\/wp-content\/uploads\/2024\/08\/sortir06actualites-1.webp\",\"contentUrl\":\"https:\/\/www.sortir06.fr\/actualites\/wp-content\/uploads\/2024\/08\/sortir06actualites-1.webp\",\"width\":1200,\"height\":375,\"caption\":\"Sortir 06 Actualit\u00e9s\"},\"image\":{\"@id\":\"https:\/\/www.sortir06.fr\/actualites\/#\/schema\/logo\/image\/\"}},{\"@type\":\"Person\",\"@id\":\"https:\/\/www.sortir06.fr\/actualites\/#\/schema\/person\/d1da1901725ffa2aebaf8209035b2308\",\"name\":\"Melissa Musson\",\"sameAs\":[\"https:\/\/www.sortir06.fr\/actualites\"],\"url\":\"https:\/\/www.sortir06.fr\/actualites\/author\/admins06actu\/\"}]}<\/script>\n<!-- \/ Yoast SEO plugin. -->","yoast_head_json":{"title":"Michel Hazanavicius laisse son empreinte \u00e0 Cannes","robots":{"index":"index","follow":"follow","max-snippet":"max-snippet:-1","max-image-preview":"max-image-preview:large","max-video-preview":"max-video-preview:-1"},"canonical":"https:\/\/www.sortir06.fr\/actualites\/arts-culture\/michel-hazanavicius-laisse-son-empreinte-a-cannes\/","og_locale":"fr_FR","og_type":"article","og_title":"Michel Hazanavicius laisse son empreinte \u00e0 Cannes","og_description":"\u00c0 l\u2019occasion de la 78\u1d49 \u00e9dition du Festival de Cannes, Michel Hazanavicius, r\u00e9alisateur multir\u00e9compens\u00e9 et figure majeure du cin\u00e9ma fran\u00e7ais, [&hellip;]","og_url":"https:\/\/www.sortir06.fr\/actualites\/arts-culture\/michel-hazanavicius-laisse-son-empreinte-a-cannes\/","og_site_name":"Actualit\u00e9s du 06 \/ Infos Presse","article_published_time":"2025-05-18T15:59:05+00:00","article_modified_time":"2025-05-18T16:00:36+00:00","og_image":[{"width":1200,"height":900,"url":"https:\/\/www.sortir06.fr\/actualites\/wp-content\/uploads\/2025\/05\/hazanavicius-cannes-02.webp","type":"image\/webp"}],"author":"Melissa Musson","twitter_card":"summary_large_image","twitter_misc":{"\u00c9crit par":"Melissa Musson","Dur\u00e9e de lecture estim\u00e9e":"1 minute"},"schema":{"@context":"https:\/\/schema.org","@graph":[{"@type":"Article","@id":"https:\/\/www.sortir06.fr\/actualites\/arts-culture\/michel-hazanavicius-laisse-son-empreinte-a-cannes\/#article","isPartOf":{"@id":"https:\/\/www.sortir06.fr\/actualites\/arts-culture\/michel-hazanavicius-laisse-son-empreinte-a-cannes\/"},"author":{"name":"Melissa Musson","@id":"https:\/\/www.sortir06.fr\/actualites\/#\/schema\/person\/d1da1901725ffa2aebaf8209035b2308"},"headline":"Michel Hazanavicius laisse son empreinte \u00e0 Cannes","datePublished":"2025-05-18T15:59:05+00:00","dateModified":"2025-05-18T16:00:36+00:00","mainEntityOfPage":{"@id":"https:\/\/www.sortir06.fr\/actualites\/arts-culture\/michel-hazanavicius-laisse-son-empreinte-a-cannes\/"},"wordCount":178,"publisher":{"@id":"https:\/\/www.sortir06.fr\/actualites\/#organization"},"image":{"@id":"https:\/\/www.sortir06.fr\/actualites\/arts-culture\/michel-hazanavicius-laisse-son-empreinte-a-cannes\/#primaryimage"},"thumbnailUrl":"https:\/\/www.sortir06.fr\/actualites\/wp-content\/uploads\/2025\/05\/hazanavicius-cannes-02.webp","keywords":["Cannes"],"articleSection":["Arts &amp; Culture"],"inLanguage":"fr-FR"},{"@type":"WebPage","@id":"https:\/\/www.sortir06.fr\/actualites\/arts-culture\/michel-hazanavicius-laisse-son-empreinte-a-cannes\/","url":"https:\/\/www.sortir06.fr\/actualites\/arts-culture\/michel-hazanavicius-laisse-son-empreinte-a-cannes\/","name":"Michel Hazanavicius laisse son empreinte \u00e0 Cannes","isPartOf":{"@id":"https:\/\/www.sortir06.fr\/actualites\/#website"},"primaryImageOfPage":{"@id":"https:\/\/www.sortir06.fr\/actualites\/arts-culture\/michel-hazanavicius-laisse-son-empreinte-a-cannes\/#primaryimage"},"image":{"@id":"https:\/\/www.sortir06.fr\/actualites\/arts-culture\/michel-hazanavicius-laisse-son-empreinte-a-cannes\/#primaryimage"},"thumbnailUrl":"https:\/\/www.sortir06.fr\/actualites\/wp-content\/uploads\/2025\/05\/hazanavicius-cannes-02.webp","datePublished":"2025-05-18T15:59:05+00:00","dateModified":"2025-05-18T16:00:36+00:00","breadcrumb":{"@id":"https:\/\/www.sortir06.fr\/actualites\/arts-culture\/michel-hazanavicius-laisse-son-empreinte-a-cannes\/#breadcrumb"},"inLanguage":"fr-FR","potentialAction":[{"@type":"ReadAction","target":["https:\/\/www.sortir06.fr\/actualites\/arts-culture\/michel-hazanavicius-laisse-son-empreinte-a-cannes\/"]}]},{"@type":"ImageObject","inLanguage":"fr-FR","@id":"https:\/\/www.sortir06.fr\/actualites\/arts-culture\/michel-hazanavicius-laisse-son-empreinte-a-cannes\/#primaryimage","url":"https:\/\/www.sortir06.fr\/actualites\/wp-content\/uploads\/2025\/05\/hazanavicius-cannes-02.webp","contentUrl":"https:\/\/www.sortir06.fr\/actualites\/wp-content\/uploads\/2025\/05\/hazanavicius-cannes-02.webp","width":1200,"height":900,"caption":"Michel Hazanavicius - Festival de Cannes 2025"},{"@type":"BreadcrumbList","@id":"https:\/\/www.sortir06.fr\/actualites\/arts-culture\/michel-hazanavicius-laisse-son-empreinte-a-cannes\/#breadcrumb","itemListElement":[{"@type":"ListItem","position":1,"name":"Accueil","item":"https:\/\/www.sortir06.fr\/actualites\/"},{"@type":"ListItem","position":2,"name":"Michel Hazanavicius laisse son empreinte \u00e0 Cannes"}]},{"@type":"WebSite","@id":"https:\/\/www.sortir06.fr\/actualites\/#website","url":"https:\/\/www.sortir06.fr\/actualites\/","name":"Actualit\u00e9s C\u00f4te d\"Azur (06)","description":"","publisher":{"@id":"https:\/\/www.sortir06.fr\/actualites\/#organization"},"alternateName":"Retrouvez toutes les infos presse et news du d\u00e9partement des Alpes Maritimes","potentialAction":[{"@type":"SearchAction","target":{"@type":"EntryPoint","urlTemplate":"https:\/\/www.sortir06.fr\/actualites\/?s={search_term_string}"},"query-input":"required name=search_term_string"}],"inLanguage":"fr-FR"},{"@type":"Organization","@id":"https:\/\/www.sortir06.fr\/actualites\/#organization","name":"Sortir 06 Actualit\u00e9s","url":"https:\/\/www.sortir06.fr\/actualites\/","logo":{"@type":"ImageObject","inLanguage":"fr-FR","@id":"https:\/\/www.sortir06.fr\/actualites\/#\/schema\/logo\/image\/","url":"https:\/\/www.sortir06.fr\/actualites\/wp-content\/uploads\/2024\/08\/sortir06actualites-1.webp","contentUrl":"https:\/\/www.sortir06.fr\/actualites\/wp-content\/uploads\/2024\/08\/sortir06actualites-1.webp","width":1200,"height":375,"caption":"Sortir 06 Actualit\u00e9s"},"image":{"@id":"https:\/\/www.sortir06.fr\/actualites\/#\/schema\/logo\/image\/"}},{"@type":"Person","@id":"https:\/\/www.sortir06.fr\/actualites\/#\/schema\/person\/d1da1901725ffa2aebaf8209035b2308","name":"Melissa Musson","sameAs":["https:\/\/www.sortir06.fr\/actualites"],"url":"https:\/\/www.sortir06.fr\/actualites\/author\/admins06actu\/"}]}},"_links":{"self":[{"href":"https:\/\/www.sortir06.fr\/actualites\/wp-json\/wp\/v2\/posts\/1484","targetHints":{"allow":["GET"]}}],"collection":[{"href":"https:\/\/www.sortir06.fr\/actualites\/wp-json\/wp\/v2\/posts"}],"about":[{"href":"https:\/\/www.sortir06.fr\/actualites\/wp-json\/wp\/v2\/types\/post"}],"author":[{"embeddable":true,"href":"https:\/\/www.sortir06.fr\/actualites\/wp-json\/wp\/v2\/users\/1"}],"replies":[{"embeddable":true,"href":"https:\/\/www.sortir06.fr\/actualites\/wp-json\/wp\/v2\/comments?post=1484"}],"version-history":[{"count":7,"href":"https:\/\/www.sortir06.fr\/actualites\/wp-json\/wp\/v2\/posts\/1484\/revisions"}],"predecessor-version":[{"id":1493,"href":"https:\/\/www.sortir06.fr\/actualites\/wp-json\/wp\/v2\/posts\/1484\/revisions\/1493"}],"wp:featuredmedia":[{"embeddable":true,"href":"https:\/\/www.sortir06.fr\/actualites\/wp-json\/wp\/v2\/media\/1485"}],"wp:attachment":[{"href":"https:\/\/www.sortir06.fr\/actualites\/wp-json\/wp\/v2\/media?parent=1484"}],"wp:term":[{"taxonomy":"category","embeddable":true,"href":"https:\/\/www.sortir06.fr\/actualites\/wp-json\/wp\/v2\/categories?post=1484"},{"taxonomy":"post_tag","embeddable":true,"href":"https:\/\/www.sortir06.fr\/actualites\/wp-json\/wp\/v2\/tags?post=1484"}],"curies":[{"name":"wp","href":"https:\/\/api.w.org\/{rel}","templated":true}]}}