{"id":1698,"date":"2025-06-12T08:05:05","date_gmt":"2025-06-12T06:05:05","guid":{"rendered":"https:\/\/www.sortir06.fr\/actualites\/?p=1698"},"modified":"2025-06-12T08:06:23","modified_gmt":"2025-06-12T06:06:23","slug":"trois-sculptures-de-philippe-cramer-investissent-les-jardins-du-chateau-saint-martin-amp-spa-a-vence","status":"publish","type":"post","link":"https:\/\/www.sortir06.fr\/actualites\/arts-culture\/trois-sculptures-de-philippe-cramer-investissent-les-jardins-du-chateau-saint-martin-amp-spa-a-vence\/","title":{"rendered":"Trois sculptures de Philippe Cramer investissent les jardins du Ch\u00e2teau Saint-Martin &amp; Spa \u00e0 Vence"},"content":{"rendered":"\t\t<div data-elementor-type=\"wp-post\" data-elementor-id=\"1698\" class=\"elementor elementor-1698\" data-elementor-post-type=\"post\">\n\t\t\t\t<div class=\"elementor-element elementor-element-7e3cafd e-flex e-con-boxed e-con e-parent\" data-id=\"7e3cafd\" data-element_type=\"container\">\n\t\t\t\t\t<div class=\"e-con-inner\">\n\t\t\t\t<div class=\"elementor-element elementor-element-6a8c53c elementor-widget elementor-widget-text-editor\" data-id=\"6a8c53c\" data-element_type=\"widget\" data-widget_type=\"text-editor.default\">\n\t\t\t\t<div class=\"elementor-widget-container\">\n\t\t\t<style>\/*! elementor - v3.23.0 - 05-08-2024 *\/\n.elementor-widget-text-editor.elementor-drop-cap-view-stacked .elementor-drop-cap{background-color:#69727d;color:#fff}.elementor-widget-text-editor.elementor-drop-cap-view-framed .elementor-drop-cap{color:#69727d;border:3px solid;background-color:transparent}.elementor-widget-text-editor:not(.elementor-drop-cap-view-default) .elementor-drop-cap{margin-top:8px}.elementor-widget-text-editor:not(.elementor-drop-cap-view-default) .elementor-drop-cap-letter{width:1em;height:1em}.elementor-widget-text-editor .elementor-drop-cap{float:left;text-align:center;line-height:1;font-size:50px}.elementor-widget-text-editor .elementor-drop-cap-letter{display:inline-block}<\/style>\t\t\t\t<p>Le Ch\u00e2teau Saint-Martin &amp; Spa, embl\u00e9matique propri\u00e9t\u00e9 Oetker Collection, pr\u00e9sente tout l\u2019\u00e9t\u00e9 2025 (jusqu\u2019au 12 octobre), trois sculptures de Philippe Cramer dans ses jardins m\u00e9diterran\u00e9ens. <br \/>Il s\u2019agit de la premi\u00e8re exposition personnelle en France pour l\u2019artiste genevois. Les \u0153uvres expos\u00e9es \u2013 Aeternus Eternus III, Totemic et Apukalupsis \u2013 y sont install\u00e9es en \u00e9cho \u00e0 la nature environnante, \u00e0 l\u2019architecture du lieu et \u00e0 la cr\u00e9ation contemporaine.<br \/>Elles prolongent les recherches formelles et spirituelles de l\u2019artiste autour de l\u2019arch\u00e9type, du sacr\u00e9 et de l\u2019\u00e9motion. Pens\u00e9es comme des pr\u00e9sences silencieuses et symboliques, elles invitent \u00e0 la contemplation, dans un environnement propice \u00e0 la beaut\u00e9 et \u00e0 l\u2019introspection.<\/p>\t\t\t\t\t\t<\/div>\n\t\t\t\t<\/div>\n\t\t\t\t\t<\/div>\n\t\t\t\t<\/div>\n\t\t<div class=\"elementor-element elementor-element-1325199 e-flex e-con-boxed e-con e-parent\" data-id=\"1325199\" data-element_type=\"container\">\n\t\t\t\t\t<div class=\"e-con-inner\">\n\t\t\t\t<div class=\"elementor-element elementor-element-e5c9444 elementor-widget elementor-widget-heading\" data-id=\"e5c9444\" data-element_type=\"widget\" data-widget_type=\"heading.default\">\n\t\t\t\t<div class=\"elementor-widget-container\">\n\t\t\t<style>\/*! elementor - v3.23.0 - 05-08-2024 *\/\n.elementor-heading-title{padding:0;margin:0;line-height:1}.elementor-widget-heading .elementor-heading-title[class*=elementor-size-]>a{color:inherit;font-size:inherit;line-height:inherit}.elementor-widget-heading .elementor-heading-title.elementor-size-small{font-size:15px}.elementor-widget-heading .elementor-heading-title.elementor-size-medium{font-size:19px}.elementor-widget-heading .elementor-heading-title.elementor-size-large{font-size:29px}.elementor-widget-heading .elementor-heading-title.elementor-size-xl{font-size:39px}.elementor-widget-heading .elementor-heading-title.elementor-size-xxl{font-size:59px}<\/style><h2 class=\"elementor-heading-title elementor-size-default\">Parcours et influences de Philippe Cramer<\/h2>\t\t<\/div>\n\t\t\t\t<\/div>\n\t\t\t\t\t<\/div>\n\t\t\t\t<\/div>\n\t\t<div class=\"elementor-element elementor-element-bb536e3 e-flex e-con-boxed e-con e-parent\" data-id=\"bb536e3\" data-element_type=\"container\">\n\t\t\t\t\t<div class=\"e-con-inner\">\n\t\t\t\t<div class=\"elementor-element elementor-element-d9bc0d3 elementor-widget elementor-widget-text-editor\" data-id=\"d9bc0d3\" data-element_type=\"widget\" data-widget_type=\"text-editor.default\">\n\t\t\t\t<div class=\"elementor-widget-container\">\n\t\t\t\t\t\t\t<p>\u00ab Avec ces sculptures, j\u2019invite le visiteur \u00e0 ralentir, \u00e0 contempler le cycle de la vie, et \u00e0 entrer en r\u00e9sonance avec les mat\u00e9riaux et les symboles. \u00bb<br \/>N\u00e9 aux \u00c9tats-Unis en 1970, Philippe Cramer grandit en Suisse. Il s\u2019inscrit dans une lign\u00e9e artistique marqu\u00e9e par des figures telles que son oncle G\u00e9rald Cramer, collaborateur d\u2019artistes de renom tels que Joan Mir\u00f3, Pablo Picasso, ou encore Marc Chagall et Henri Matisse, et sa grand-m\u00e8re Adrienne Cramer, proche de Jean Tinguely, Niki de Saint Phalle et Meret Oppenheim. S\u2019inspirant de ce riche h\u00e9ritage, il d\u00e9bute sa carri\u00e8re en tant que designer de meubles et de bijoux, cr\u00e9ant des pi\u00e8ces \u00e0 la fois oniriques et pratiques.<br \/>Aujourd\u2019hui, Philippe Cramer cr\u00e9e des \u0153uvres po\u00e9tiques, fusionnant des lignes organiques avec des formes g\u00e9om\u00e9triques et faisant r\u00e9f\u00e9rence \u00e0 l\u2019Antiquit\u00e9, \u00e0 l\u2019art moderne et \u00e0 la nature. Sa vision artistique se distingue par l\u2019utilisation de couleurs audacieuses associ\u00e9es \u00e0 des mat\u00e9riaux naturels. Son amour du bois et de la pierre, sublim\u00e9 par des tons chaleureux et des accents dor\u00e9s, le positionne comme une voix singuli\u00e8re dans le monde de l\u2019art. Il explore la mani\u00e8re dont la forme et la mati\u00e8re peuvent transcender le langage.<br \/>En collaborant avec des artisans m\u00e9ticuleux pour la r\u00e9alisation de ses \u0153uvres, il cr\u00e9e des pi\u00e8ces contemporaines qui rendent hommage au savoir-faire artisanal. Son approche \u00e9tablit un \u00e9quilibre entre l\u2019h\u00e9ritage de la tradition et l\u2019exploration de nouveaux mod\u00e8les, perceptible tant dans les aspects formels de ses \u0153uvres que dans sa philosophie.<br \/>Cette collaboration t\u00e9moigne de l\u2019engagement du Ch\u00e2teau Saint-Martin &amp; Spa \u00e0 faire rayonner l\u2019art contemporain au sein de son domaine, offrant ainsi \u00e0 ses h\u00f4tes la possibilit\u00e9 de vivre des moments uniques au sein de son d\u00e9cor singulier.<\/p><h3>\u0152uvres expos\u00e9es :<\/h3><p><strong>Aeternus Eternus III (2025)<\/strong><br \/>R\u00e9alis\u00e9e en marbre Branco Estremoz, cette assise sculpturale en forme de boucle \u00e9voque le cycle perp\u00e9tuel de la vie et de la mort. Inspir\u00e9e de la cosmogonie \u00e9gyptienne, elle convie le visiteur \u00e0 s\u2019y installer, dans un face-\u00e0-face contemplatif.<br \/>Mat\u00e9riau : Marbre Branco Estremoz<br \/>Dimensions : 180 x 44 x ht.58 cm<br \/>\u00c9ditions : 5 + 2 \u00e9preuves d\u2019artistes (version boucle tournant \u00e0 droite) \/ 5 + 2 \u00e9preuves d\u2019artistes (version boucle tournant \u00e0 gauche).<\/p><p>\u00a0<\/p><p><strong>Aeternus Eternus : Totemic (2025)<\/strong><br \/>Totem en granit Noir Zimbabwe, cette \u0153uvre se dresse comme un seuil reliant l\u2019intime au cosmique. Sa boucle ascendante sugg\u00e9re une permutation continue des formes, dans une exp\u00e9rience physique et sensorielle du temps.<br \/>Mat\u00e9riau : Granit Noir Zimbabwe<br \/>Dimensions : 44 x 44 x ht.180 cm<br \/>\u00c9dition : 5 + 2 \u00e9preuves d\u2019artistes.<\/p><p>\u00a0<\/p><p><strong>Apukalupsis (2024)<\/strong><br \/>En aluminium laqu\u00e9 et feuille d\u2019or, cette sculpture monumentale explore les formes fondamentales (sph\u00e8re, haricot, \u0153uf) et interroge l\u2019\u00e9quilibre fragile de la cr\u00e9ation humaine face aux forces naturelles. L\u2019\u00e9l\u00e9ment dor\u00e9 qui la couronne rend hommage au soleil et \u00e0 la richesse de ses repr\u00e9sentations symboliques \u00e0 travers les civilisations.<br \/>Mat\u00e9riau : Aluminium laqu\u00e9, feuille d\u2019or<br \/>Dimensions : 80 x 87 x ht.192 cm<br \/>\u00c9dition : 3 + 1 prototype en bois laqu\u00e9<\/p>\t\t\t\t\t\t<\/div>\n\t\t\t\t<\/div>\n\t\t\t\t\t<\/div>\n\t\t\t\t<\/div>\n\t\t<div class=\"elementor-element elementor-element-c3d205d e-flex e-con-boxed e-con e-parent\" data-id=\"c3d205d\" data-element_type=\"container\">\n\t\t\t\t\t<div class=\"e-con-inner\">\n\t\t\t\t<div class=\"elementor-element elementor-element-1d4088c elementor-widget elementor-widget-text-editor\" data-id=\"1d4088c\" data-element_type=\"widget\" data-widget_type=\"text-editor.default\">\n\t\t\t\t<div class=\"elementor-widget-container\">\n\t\t\t\t\t\t\t<p><strong>Ch\u00e2teau Saint-Martin &amp; Spa<\/strong><br \/>2490 Avenue des Templiers<br \/>06140 Vence<\/p>\t\t\t\t\t\t<\/div>\n\t\t\t\t<\/div>\n\t\t\t\t\t<\/div>\n\t\t\t\t<\/div>\n\t\t<div class=\"elementor-element elementor-element-2af9b34 e-flex e-con-boxed e-con e-parent\" data-id=\"2af9b34\" data-element_type=\"container\">\n\t\t\t\t\t<div class=\"e-con-inner\">\n\t\t\t\t<div class=\"elementor-element elementor-element-2941eb9 elementor-arrows-position-inside elementor-pagination-position-outside elementor-widget elementor-widget-image-carousel\" data-id=\"2941eb9\" data-element_type=\"widget\" data-settings=\"{&quot;slides_to_show&quot;:&quot;1&quot;,&quot;navigation&quot;:&quot;both&quot;,&quot;autoplay&quot;:&quot;yes&quot;,&quot;pause_on_hover&quot;:&quot;yes&quot;,&quot;pause_on_interaction&quot;:&quot;yes&quot;,&quot;autoplay_speed&quot;:5000,&quot;infinite&quot;:&quot;yes&quot;,&quot;effect&quot;:&quot;slide&quot;,&quot;speed&quot;:500}\" data-widget_type=\"image-carousel.default\">\n\t\t\t\t<div class=\"elementor-widget-container\">\n\t\t\t<style>\/*! elementor - v3.23.0 - 05-08-2024 *\/\n.elementor-widget-image-carousel .swiper,.elementor-widget-image-carousel .swiper-container{position:static}.elementor-widget-image-carousel .swiper-container .swiper-slide figure,.elementor-widget-image-carousel .swiper .swiper-slide figure{line-height:inherit}.elementor-widget-image-carousel .swiper-slide{text-align:center}.elementor-image-carousel-wrapper:not(.swiper-container-initialized):not(.swiper-initialized) .swiper-slide{max-width:calc(100% \/ var(--e-image-carousel-slides-to-show, 3))}<\/style>\t\t<div class=\"elementor-image-carousel-wrapper swiper\" dir=\"ltr\">\n\t\t\t<div class=\"elementor-image-carousel swiper-wrapper\" aria-live=\"off\">\n\t\t\t\t\t\t\t\t<div class=\"swiper-slide\" role=\"group\" aria-roledescription=\"slide\" aria-label=\"1 sur 6\"><figure class=\"swiper-slide-inner\"><img decoding=\"async\" class=\"swiper-slide-image\" src=\"https:\/\/www.sortir06.fr\/actualites\/wp-content\/uploads\/2025\/06\/philippe-cramer-vence-01.webp\" alt=\"Oeuvre de Philippe Cramer au Ch\u00e2teau Saint-Martin &amp; Spa \u00e0 Vence\" \/><figcaption class=\"elementor-image-carousel-caption\">Sculpture de Philippe Cramer \u00a9 Jean-Michel Sordello<\/figcaption><\/figure><\/div><div class=\"swiper-slide\" role=\"group\" aria-roledescription=\"slide\" aria-label=\"2 sur 6\"><figure class=\"swiper-slide-inner\"><img decoding=\"async\" class=\"swiper-slide-image\" src=\"https:\/\/www.sortir06.fr\/actualites\/wp-content\/uploads\/2025\/06\/philippe-cramer-vence-06.webp\" alt=\"Oeuvre de Philippe Cramer au Ch\u00e2teau Saint-Martin &amp; Spa \u00e0 Vence\" \/><figcaption class=\"elementor-image-carousel-caption\">Sculpture de Philippe Cramer \u00a9 Jean-Michel Sordello<\/figcaption><\/figure><\/div><div class=\"swiper-slide\" role=\"group\" aria-roledescription=\"slide\" aria-label=\"3 sur 6\"><figure class=\"swiper-slide-inner\"><img decoding=\"async\" class=\"swiper-slide-image\" src=\"https:\/\/www.sortir06.fr\/actualites\/wp-content\/uploads\/2025\/06\/philippe-cramer-vence-03.webp\" alt=\"Oeuvre de Philippe Cramer au Ch\u00e2teau Saint-Martin &amp; Spa \u00e0 Vence\" \/><figcaption class=\"elementor-image-carousel-caption\">Sculpture de Philippe Cramer \u00a9 Jean-Michel Sordello<\/figcaption><\/figure><\/div><div class=\"swiper-slide\" role=\"group\" aria-roledescription=\"slide\" aria-label=\"4 sur 6\"><figure class=\"swiper-slide-inner\"><img decoding=\"async\" class=\"swiper-slide-image\" src=\"https:\/\/www.sortir06.fr\/actualites\/wp-content\/uploads\/2025\/06\/philippe-cramer-vence-02.webp\" alt=\"Oeuvre de Philippe Cramer au Ch\u00e2teau Saint-Martin &amp; Spa \u00e0 Vence\" \/><figcaption class=\"elementor-image-carousel-caption\">Sculpture de Philippe Cramer \u00a9 Jean-Michel Sordello<\/figcaption><\/figure><\/div><div class=\"swiper-slide\" role=\"group\" aria-roledescription=\"slide\" aria-label=\"5 sur 6\"><figure class=\"swiper-slide-inner\"><img decoding=\"async\" class=\"swiper-slide-image\" src=\"https:\/\/www.sortir06.fr\/actualites\/wp-content\/uploads\/2025\/06\/philippe-cramer-vence-07.webp\" alt=\"Oeuvre de Philippe Cramer au Ch\u00e2teau Saint-Martin &amp; Spa \u00e0 Vence\" \/><figcaption class=\"elementor-image-carousel-caption\">Sculpture de Philippe Cramer \u00a9 Jean-Michel Sordello<\/figcaption><\/figure><\/div><div class=\"swiper-slide\" role=\"group\" aria-roledescription=\"slide\" aria-label=\"6 sur 6\"><figure class=\"swiper-slide-inner\"><img decoding=\"async\" class=\"swiper-slide-image\" src=\"https:\/\/www.sortir06.fr\/actualites\/wp-content\/uploads\/2025\/06\/philippe-cramer-vence-05.webp\" alt=\"Oeuvre de Philippe Cramer au Ch\u00e2teau Saint-Martin &amp; Spa \u00e0 Vence\" \/><figcaption class=\"elementor-image-carousel-caption\">Sculpture de Philippe Cramer \u00a9 Jean-Michel Sordello<\/figcaption><\/figure><\/div>\t\t\t<\/div>\n\t\t\t\t\t\t\t\t\t\t\t\t<div class=\"elementor-swiper-button elementor-swiper-button-prev\" role=\"button\" tabindex=\"0\">\n\t\t\t\t\t\t<svg aria-hidden=\"true\" class=\"e-font-icon-svg e-fas-chevron-circle-left\" viewBox=\"0 0 512 512\" xmlns=\"http:\/\/www.w3.org\/2000\/svg\"><path d=\"M256 504C119 504 8 393 8 256S119 8 256 8s248 111 248 248-111 248-248 248zM142.1 273l135.5 135.5c9.4 9.4 24.6 9.4 33.9 0l17-17c9.4-9.4 9.4-24.6 0-33.9L226.9 256l101.6-101.6c9.4-9.4 9.4-24.6 0-33.9l-17-17c-9.4-9.4-24.6-9.4-33.9 0L142.1 239c-9.4 9.4-9.4 24.6 0 34z\"><\/path><\/svg>\t\t\t\t\t<\/div>\n\t\t\t\t\t<div class=\"elementor-swiper-button elementor-swiper-button-next\" role=\"button\" tabindex=\"0\">\n\t\t\t\t\t\t<svg aria-hidden=\"true\" class=\"e-font-icon-svg e-fas-chevron-circle-right\" viewBox=\"0 0 512 512\" xmlns=\"http:\/\/www.w3.org\/2000\/svg\"><path d=\"M256 8c137 0 248 111 248 248S393 504 256 504 8 393 8 256 119 8 256 8zm113.9 231L234.4 103.5c-9.4-9.4-24.6-9.4-33.9 0l-17 17c-9.4 9.4-9.4 24.6 0 33.9L285.1 256 183.5 357.6c-9.4 9.4-9.4 24.6 0 33.9l17 17c9.4 9.4 24.6 9.4 33.9 0L369.9 273c9.4-9.4 9.4-24.6 0-34z\"><\/path><\/svg>\t\t\t\t\t<\/div>\n\t\t\t\t\n\t\t\t\t\t\t\t\t\t<div class=\"swiper-pagination\"><\/div>\n\t\t\t\t\t\t\t\t\t<\/div>\n\t\t\t\t<\/div>\n\t\t\t\t<\/div>\n\t\t\t\t\t<\/div>\n\t\t\t\t<\/div>\n\t\t\t\t<\/div>\n\t\t\n\n<div class=\"kk-star-ratings kksr-auto kksr-align-center kksr-valign-bottom\"\n    data-payload='{&quot;align&quot;:&quot;center&quot;,&quot;id&quot;:&quot;1698&quot;,&quot;slug&quot;:&quot;default&quot;,&quot;valign&quot;:&quot;bottom&quot;,&quot;ignore&quot;:&quot;&quot;,&quot;reference&quot;:&quot;auto&quot;,&quot;class&quot;:&quot;&quot;,&quot;count&quot;:&quot;2&quot;,&quot;legendonly&quot;:&quot;&quot;,&quot;readonly&quot;:&quot;&quot;,&quot;score&quot;:&quot;4.5&quot;,&quot;starsonly&quot;:&quot;&quot;,&quot;best&quot;:&quot;5&quot;,&quot;gap&quot;:&quot;5&quot;,&quot;greet&quot;:&quot;Vous aimez ?&quot;,&quot;legend&quot;:&quot;4.5\\\/5 - (2 votes)&quot;,&quot;size&quot;:&quot;24&quot;,&quot;title&quot;:&quot;Trois sculptures de Philippe Cramer investissent les jardins du Ch\u00e2teau Saint-Martin \\u0026amp; Spa \u00e0 Vence&quot;,&quot;width&quot;:&quot;128&quot;,&quot;_legend&quot;:&quot;{score}\\\/{best} - ({count} {votes})&quot;,&quot;font_factor&quot;:&quot;1.25&quot;}'>\n            \n<div class=\"kksr-stars\">\n    \n<div class=\"kksr-stars-inactive\">\n            <div class=\"kksr-star\" data-star=\"1\" style=\"padding-right: 5px\">\n            \n\n<div class=\"kksr-icon\" style=\"width: 24px; height: 24px;\"><\/div>\n        <\/div>\n            <div class=\"kksr-star\" data-star=\"2\" style=\"padding-right: 5px\">\n            \n\n<div class=\"kksr-icon\" style=\"width: 24px; height: 24px;\"><\/div>\n        <\/div>\n            <div class=\"kksr-star\" data-star=\"3\" style=\"padding-right: 5px\">\n            \n\n<div class=\"kksr-icon\" style=\"width: 24px; height: 24px;\"><\/div>\n        <\/div>\n            <div class=\"kksr-star\" data-star=\"4\" style=\"padding-right: 5px\">\n            \n\n<div class=\"kksr-icon\" style=\"width: 24px; height: 24px;\"><\/div>\n        <\/div>\n            <div class=\"kksr-star\" data-star=\"5\" style=\"padding-right: 5px\">\n            \n\n<div class=\"kksr-icon\" style=\"width: 24px; height: 24px;\"><\/div>\n        <\/div>\n    <\/div>\n    \n<div class=\"kksr-stars-active\" style=\"width: 128px;\">\n            <div class=\"kksr-star\" style=\"padding-right: 5px\">\n            \n\n<div class=\"kksr-icon\" style=\"width: 24px; height: 24px;\"><\/div>\n        <\/div>\n            <div class=\"kksr-star\" style=\"padding-right: 5px\">\n            \n\n<div class=\"kksr-icon\" style=\"width: 24px; height: 24px;\"><\/div>\n        <\/div>\n            <div class=\"kksr-star\" style=\"padding-right: 5px\">\n            \n\n<div class=\"kksr-icon\" style=\"width: 24px; height: 24px;\"><\/div>\n        <\/div>\n            <div class=\"kksr-star\" style=\"padding-right: 5px\">\n            \n\n<div class=\"kksr-icon\" style=\"width: 24px; height: 24px;\"><\/div>\n        <\/div>\n            <div class=\"kksr-star\" style=\"padding-right: 5px\">\n            \n\n<div class=\"kksr-icon\" style=\"width: 24px; height: 24px;\"><\/div>\n        <\/div>\n    <\/div>\n<\/div>\n                \n\n<div class=\"kksr-legend\" style=\"font-size: 19.2px;\">\n            4.5\/5 - (2 votes)    <\/div>\n    <\/div>\n","protected":false},"excerpt":{"rendered":"<p>Le Ch\u00e2teau Saint-Martin &amp; Spa, embl\u00e9matique propri\u00e9t\u00e9 Oetker Collection, pr\u00e9sente tout l\u2019\u00e9t\u00e9 2025 (jusqu\u2019au 12 octobre), trois sculptures de Philippe [&hellip;]<\/p>\n","protected":false},"author":1,"featured_media":1702,"comment_status":"closed","ping_status":"closed","sticky":false,"template":"","format":"standard","meta":{"site-sidebar-layout":"default","site-content-layout":"","ast-site-content-layout":"","site-content-style":"default","site-sidebar-style":"default","ast-global-header-display":"","ast-banner-title-visibility":"","ast-main-header-display":"","ast-hfb-above-header-display":"","ast-hfb-below-header-display":"","ast-hfb-mobile-header-display":"","site-post-title":"","ast-breadcrumbs-content":"","ast-featured-img":"","footer-sml-layout":"","theme-transparent-header-meta":"","adv-header-id-meta":"","stick-header-meta":"","header-above-stick-meta":"","header-main-stick-meta":"","header-below-stick-meta":"","astra-migrate-meta-layouts":"default","ast-page-background-enabled":"default","ast-page-background-meta":{"desktop":{"background-color":"var(--ast-global-color-4)","background-image":"","background-repeat":"repeat","background-position":"center center","background-size":"auto","background-attachment":"scroll","background-type":"","background-media":"","overlay-type":"","overlay-color":"","overlay-opacity":"","overlay-gradient":""},"tablet":{"background-color":"","background-image":"","background-repeat":"repeat","background-position":"center center","background-size":"auto","background-attachment":"scroll","background-type":"","background-media":"","overlay-type":"","overlay-color":"","overlay-opacity":"","overlay-gradient":""},"mobile":{"background-color":"","background-image":"","background-repeat":"repeat","background-position":"center center","background-size":"auto","background-attachment":"scroll","background-type":"","background-media":"","overlay-type":"","overlay-color":"","overlay-opacity":"","overlay-gradient":""}},"ast-content-background-meta":{"desktop":{"background-color":"var(--ast-global-color-5)","background-image":"","background-repeat":"repeat","background-position":"center center","background-size":"auto","background-attachment":"scroll","background-type":"","background-media":"","overlay-type":"","overlay-color":"","overlay-opacity":"","overlay-gradient":""},"tablet":{"background-color":"var(--ast-global-color-5)","background-image":"","background-repeat":"repeat","background-position":"center center","background-size":"auto","background-attachment":"scroll","background-type":"","background-media":"","overlay-type":"","overlay-color":"","overlay-opacity":"","overlay-gradient":""},"mobile":{"background-color":"var(--ast-global-color-5)","background-image":"","background-repeat":"repeat","background-position":"center center","background-size":"auto","background-attachment":"scroll","background-type":"","background-media":"","overlay-type":"","overlay-color":"","overlay-opacity":"","overlay-gradient":""}},"footnotes":""},"categories":[171],"tags":[162],"class_list":["post-1698","post","type-post","status-publish","format-standard","has-post-thumbnail","hentry","category-arts-culture","tag-vence"],"yoast_head":"<!-- This site is optimized with the Yoast SEO plugin v23.2 - https:\/\/yoast.com\/wordpress\/plugins\/seo\/ -->\n<title>Trois sculptures de Philippe Cramer investissent les jardins du Ch\u00e2teau Saint-Martin &amp; Spa \u00e0 Vence<\/title>\n<meta name=\"robots\" content=\"index, follow, max-snippet:-1, max-image-preview:large, max-video-preview:-1\" \/>\n<link rel=\"canonical\" href=\"https:\/\/www.sortir06.fr\/actualites\/arts-culture\/trois-sculptures-de-philippe-cramer-investissent-les-jardins-du-chateau-saint-martin-amp-spa-a-vence\/\" \/>\n<meta property=\"og:locale\" content=\"fr_FR\" \/>\n<meta property=\"og:type\" content=\"article\" \/>\n<meta property=\"og:title\" content=\"Trois sculptures de Philippe Cramer investissent les jardins du Ch\u00e2teau Saint-Martin &amp; Spa \u00e0 Vence\" \/>\n<meta property=\"og:description\" content=\"Le Ch\u00e2teau Saint-Martin &amp; Spa, embl\u00e9matique propri\u00e9t\u00e9 Oetker Collection, pr\u00e9sente tout l\u2019\u00e9t\u00e9 2025 (jusqu\u2019au 12 octobre), trois sculptures de Philippe [&hellip;]\" \/>\n<meta property=\"og:url\" content=\"https:\/\/www.sortir06.fr\/actualites\/arts-culture\/trois-sculptures-de-philippe-cramer-investissent-les-jardins-du-chateau-saint-martin-amp-spa-a-vence\/\" \/>\n<meta property=\"og:site_name\" content=\"Actualit\u00e9s du 06 \/ Infos Presse\" \/>\n<meta property=\"article:published_time\" content=\"2025-06-12T06:05:05+00:00\" \/>\n<meta property=\"article:modified_time\" content=\"2025-06-12T06:06:23+00:00\" \/>\n<meta property=\"og:image\" content=\"https:\/\/www.sortir06.fr\/actualites\/wp-content\/uploads\/2025\/06\/philippe-cramer-vence-01.webp\" \/>\n\t<meta property=\"og:image:width\" content=\"1200\" \/>\n\t<meta property=\"og:image:height\" content=\"904\" \/>\n\t<meta property=\"og:image:type\" content=\"image\/webp\" \/>\n<meta name=\"author\" content=\"Melissa Musson\" \/>\n<meta name=\"twitter:card\" content=\"summary_large_image\" \/>\n<meta name=\"twitter:label1\" content=\"\u00c9crit par\" \/>\n\t<meta name=\"twitter:data1\" content=\"Melissa Musson\" \/>\n\t<meta name=\"twitter:label2\" content=\"Dur\u00e9e de lecture estim\u00e9e\" \/>\n\t<meta name=\"twitter:data2\" content=\"5 minutes\" \/>\n<script type=\"application\/ld+json\" class=\"yoast-schema-graph\">{\"@context\":\"https:\/\/schema.org\",\"@graph\":[{\"@type\":\"Article\",\"@id\":\"https:\/\/www.sortir06.fr\/actualites\/arts-culture\/trois-sculptures-de-philippe-cramer-investissent-les-jardins-du-chateau-saint-martin-amp-spa-a-vence\/#article\",\"isPartOf\":{\"@id\":\"https:\/\/www.sortir06.fr\/actualites\/arts-culture\/trois-sculptures-de-philippe-cramer-investissent-les-jardins-du-chateau-saint-martin-amp-spa-a-vence\/\"},\"author\":{\"name\":\"Melissa Musson\",\"@id\":\"https:\/\/www.sortir06.fr\/actualites\/#\/schema\/person\/d1da1901725ffa2aebaf8209035b2308\"},\"headline\":\"Trois sculptures de Philippe Cramer investissent les jardins du Ch\u00e2teau Saint-Martin &amp; Spa \u00e0 Vence\",\"datePublished\":\"2025-06-12T06:05:05+00:00\",\"dateModified\":\"2025-06-12T06:06:23+00:00\",\"mainEntityOfPage\":{\"@id\":\"https:\/\/www.sortir06.fr\/actualites\/arts-culture\/trois-sculptures-de-philippe-cramer-investissent-les-jardins-du-chateau-saint-martin-amp-spa-a-vence\/\"},\"wordCount\":700,\"publisher\":{\"@id\":\"https:\/\/www.sortir06.fr\/actualites\/#organization\"},\"image\":{\"@id\":\"https:\/\/www.sortir06.fr\/actualites\/arts-culture\/trois-sculptures-de-philippe-cramer-investissent-les-jardins-du-chateau-saint-martin-amp-spa-a-vence\/#primaryimage\"},\"thumbnailUrl\":\"https:\/\/www.sortir06.fr\/actualites\/wp-content\/uploads\/2025\/06\/philippe-cramer-vence-01.webp\",\"keywords\":[\"Vence\"],\"articleSection\":[\"Arts &amp; Culture\"],\"inLanguage\":\"fr-FR\"},{\"@type\":\"WebPage\",\"@id\":\"https:\/\/www.sortir06.fr\/actualites\/arts-culture\/trois-sculptures-de-philippe-cramer-investissent-les-jardins-du-chateau-saint-martin-amp-spa-a-vence\/\",\"url\":\"https:\/\/www.sortir06.fr\/actualites\/arts-culture\/trois-sculptures-de-philippe-cramer-investissent-les-jardins-du-chateau-saint-martin-amp-spa-a-vence\/\",\"name\":\"Trois sculptures de Philippe Cramer investissent les jardins du Ch\u00e2teau Saint-Martin &amp; Spa \u00e0 Vence\",\"isPartOf\":{\"@id\":\"https:\/\/www.sortir06.fr\/actualites\/#website\"},\"primaryImageOfPage\":{\"@id\":\"https:\/\/www.sortir06.fr\/actualites\/arts-culture\/trois-sculptures-de-philippe-cramer-investissent-les-jardins-du-chateau-saint-martin-amp-spa-a-vence\/#primaryimage\"},\"image\":{\"@id\":\"https:\/\/www.sortir06.fr\/actualites\/arts-culture\/trois-sculptures-de-philippe-cramer-investissent-les-jardins-du-chateau-saint-martin-amp-spa-a-vence\/#primaryimage\"},\"thumbnailUrl\":\"https:\/\/www.sortir06.fr\/actualites\/wp-content\/uploads\/2025\/06\/philippe-cramer-vence-01.webp\",\"datePublished\":\"2025-06-12T06:05:05+00:00\",\"dateModified\":\"2025-06-12T06:06:23+00:00\",\"breadcrumb\":{\"@id\":\"https:\/\/www.sortir06.fr\/actualites\/arts-culture\/trois-sculptures-de-philippe-cramer-investissent-les-jardins-du-chateau-saint-martin-amp-spa-a-vence\/#breadcrumb\"},\"inLanguage\":\"fr-FR\",\"potentialAction\":[{\"@type\":\"ReadAction\",\"target\":[\"https:\/\/www.sortir06.fr\/actualites\/arts-culture\/trois-sculptures-de-philippe-cramer-investissent-les-jardins-du-chateau-saint-martin-amp-spa-a-vence\/\"]}]},{\"@type\":\"ImageObject\",\"inLanguage\":\"fr-FR\",\"@id\":\"https:\/\/www.sortir06.fr\/actualites\/arts-culture\/trois-sculptures-de-philippe-cramer-investissent-les-jardins-du-chateau-saint-martin-amp-spa-a-vence\/#primaryimage\",\"url\":\"https:\/\/www.sortir06.fr\/actualites\/wp-content\/uploads\/2025\/06\/philippe-cramer-vence-01.webp\",\"contentUrl\":\"https:\/\/www.sortir06.fr\/actualites\/wp-content\/uploads\/2025\/06\/philippe-cramer-vence-01.webp\",\"width\":1200,\"height\":904,\"caption\":\"Sculpture de Philippe Cramer \u00a9 Jean-Michel Sordello\"},{\"@type\":\"BreadcrumbList\",\"@id\":\"https:\/\/www.sortir06.fr\/actualites\/arts-culture\/trois-sculptures-de-philippe-cramer-investissent-les-jardins-du-chateau-saint-martin-amp-spa-a-vence\/#breadcrumb\",\"itemListElement\":[{\"@type\":\"ListItem\",\"position\":1,\"name\":\"Accueil\",\"item\":\"https:\/\/www.sortir06.fr\/actualites\/\"},{\"@type\":\"ListItem\",\"position\":2,\"name\":\"Trois sculptures de Philippe Cramer investissent les jardins du Ch\u00e2teau Saint-Martin &amp; Spa \u00e0 Vence\"}]},{\"@type\":\"WebSite\",\"@id\":\"https:\/\/www.sortir06.fr\/actualites\/#website\",\"url\":\"https:\/\/www.sortir06.fr\/actualites\/\",\"name\":\"Actualit\u00e9s C\u00f4te d\\\"Azur (06)\",\"description\":\"\",\"publisher\":{\"@id\":\"https:\/\/www.sortir06.fr\/actualites\/#organization\"},\"alternateName\":\"Retrouvez toutes les infos presse et news du d\u00e9partement des Alpes Maritimes\",\"potentialAction\":[{\"@type\":\"SearchAction\",\"target\":{\"@type\":\"EntryPoint\",\"urlTemplate\":\"https:\/\/www.sortir06.fr\/actualites\/?s={search_term_string}\"},\"query-input\":\"required name=search_term_string\"}],\"inLanguage\":\"fr-FR\"},{\"@type\":\"Organization\",\"@id\":\"https:\/\/www.sortir06.fr\/actualites\/#organization\",\"name\":\"Sortir 06 Actualit\u00e9s\",\"url\":\"https:\/\/www.sortir06.fr\/actualites\/\",\"logo\":{\"@type\":\"ImageObject\",\"inLanguage\":\"fr-FR\",\"@id\":\"https:\/\/www.sortir06.fr\/actualites\/#\/schema\/logo\/image\/\",\"url\":\"https:\/\/www.sortir06.fr\/actualites\/wp-content\/uploads\/2024\/08\/sortir06actualites-1.webp\",\"contentUrl\":\"https:\/\/www.sortir06.fr\/actualites\/wp-content\/uploads\/2024\/08\/sortir06actualites-1.webp\",\"width\":1200,\"height\":375,\"caption\":\"Sortir 06 Actualit\u00e9s\"},\"image\":{\"@id\":\"https:\/\/www.sortir06.fr\/actualites\/#\/schema\/logo\/image\/\"}},{\"@type\":\"Person\",\"@id\":\"https:\/\/www.sortir06.fr\/actualites\/#\/schema\/person\/d1da1901725ffa2aebaf8209035b2308\",\"name\":\"Melissa Musson\",\"sameAs\":[\"https:\/\/www.sortir06.fr\/actualites\"],\"url\":\"https:\/\/www.sortir06.fr\/actualites\/author\/admins06actu\/\"}]}<\/script>\n<!-- \/ Yoast SEO plugin. -->","yoast_head_json":{"title":"Trois sculptures de Philippe Cramer investissent les jardins du Ch\u00e2teau Saint-Martin &amp; Spa \u00e0 Vence","robots":{"index":"index","follow":"follow","max-snippet":"max-snippet:-1","max-image-preview":"max-image-preview:large","max-video-preview":"max-video-preview:-1"},"canonical":"https:\/\/www.sortir06.fr\/actualites\/arts-culture\/trois-sculptures-de-philippe-cramer-investissent-les-jardins-du-chateau-saint-martin-amp-spa-a-vence\/","og_locale":"fr_FR","og_type":"article","og_title":"Trois sculptures de Philippe Cramer investissent les jardins du Ch\u00e2teau Saint-Martin &amp; Spa \u00e0 Vence","og_description":"Le Ch\u00e2teau Saint-Martin &amp; Spa, embl\u00e9matique propri\u00e9t\u00e9 Oetker Collection, pr\u00e9sente tout l\u2019\u00e9t\u00e9 2025 (jusqu\u2019au 12 octobre), trois sculptures de Philippe [&hellip;]","og_url":"https:\/\/www.sortir06.fr\/actualites\/arts-culture\/trois-sculptures-de-philippe-cramer-investissent-les-jardins-du-chateau-saint-martin-amp-spa-a-vence\/","og_site_name":"Actualit\u00e9s du 06 \/ Infos Presse","article_published_time":"2025-06-12T06:05:05+00:00","article_modified_time":"2025-06-12T06:06:23+00:00","og_image":[{"width":1200,"height":904,"url":"https:\/\/www.sortir06.fr\/actualites\/wp-content\/uploads\/2025\/06\/philippe-cramer-vence-01.webp","type":"image\/webp"}],"author":"Melissa Musson","twitter_card":"summary_large_image","twitter_misc":{"\u00c9crit par":"Melissa Musson","Dur\u00e9e de lecture estim\u00e9e":"5 minutes"},"schema":{"@context":"https:\/\/schema.org","@graph":[{"@type":"Article","@id":"https:\/\/www.sortir06.fr\/actualites\/arts-culture\/trois-sculptures-de-philippe-cramer-investissent-les-jardins-du-chateau-saint-martin-amp-spa-a-vence\/#article","isPartOf":{"@id":"https:\/\/www.sortir06.fr\/actualites\/arts-culture\/trois-sculptures-de-philippe-cramer-investissent-les-jardins-du-chateau-saint-martin-amp-spa-a-vence\/"},"author":{"name":"Melissa Musson","@id":"https:\/\/www.sortir06.fr\/actualites\/#\/schema\/person\/d1da1901725ffa2aebaf8209035b2308"},"headline":"Trois sculptures de Philippe Cramer investissent les jardins du Ch\u00e2teau Saint-Martin &amp; Spa \u00e0 Vence","datePublished":"2025-06-12T06:05:05+00:00","dateModified":"2025-06-12T06:06:23+00:00","mainEntityOfPage":{"@id":"https:\/\/www.sortir06.fr\/actualites\/arts-culture\/trois-sculptures-de-philippe-cramer-investissent-les-jardins-du-chateau-saint-martin-amp-spa-a-vence\/"},"wordCount":700,"publisher":{"@id":"https:\/\/www.sortir06.fr\/actualites\/#organization"},"image":{"@id":"https:\/\/www.sortir06.fr\/actualites\/arts-culture\/trois-sculptures-de-philippe-cramer-investissent-les-jardins-du-chateau-saint-martin-amp-spa-a-vence\/#primaryimage"},"thumbnailUrl":"https:\/\/www.sortir06.fr\/actualites\/wp-content\/uploads\/2025\/06\/philippe-cramer-vence-01.webp","keywords":["Vence"],"articleSection":["Arts &amp; Culture"],"inLanguage":"fr-FR"},{"@type":"WebPage","@id":"https:\/\/www.sortir06.fr\/actualites\/arts-culture\/trois-sculptures-de-philippe-cramer-investissent-les-jardins-du-chateau-saint-martin-amp-spa-a-vence\/","url":"https:\/\/www.sortir06.fr\/actualites\/arts-culture\/trois-sculptures-de-philippe-cramer-investissent-les-jardins-du-chateau-saint-martin-amp-spa-a-vence\/","name":"Trois sculptures de Philippe Cramer investissent les jardins du Ch\u00e2teau Saint-Martin &amp; Spa \u00e0 Vence","isPartOf":{"@id":"https:\/\/www.sortir06.fr\/actualites\/#website"},"primaryImageOfPage":{"@id":"https:\/\/www.sortir06.fr\/actualites\/arts-culture\/trois-sculptures-de-philippe-cramer-investissent-les-jardins-du-chateau-saint-martin-amp-spa-a-vence\/#primaryimage"},"image":{"@id":"https:\/\/www.sortir06.fr\/actualites\/arts-culture\/trois-sculptures-de-philippe-cramer-investissent-les-jardins-du-chateau-saint-martin-amp-spa-a-vence\/#primaryimage"},"thumbnailUrl":"https:\/\/www.sortir06.fr\/actualites\/wp-content\/uploads\/2025\/06\/philippe-cramer-vence-01.webp","datePublished":"2025-06-12T06:05:05+00:00","dateModified":"2025-06-12T06:06:23+00:00","breadcrumb":{"@id":"https:\/\/www.sortir06.fr\/actualites\/arts-culture\/trois-sculptures-de-philippe-cramer-investissent-les-jardins-du-chateau-saint-martin-amp-spa-a-vence\/#breadcrumb"},"inLanguage":"fr-FR","potentialAction":[{"@type":"ReadAction","target":["https:\/\/www.sortir06.fr\/actualites\/arts-culture\/trois-sculptures-de-philippe-cramer-investissent-les-jardins-du-chateau-saint-martin-amp-spa-a-vence\/"]}]},{"@type":"ImageObject","inLanguage":"fr-FR","@id":"https:\/\/www.sortir06.fr\/actualites\/arts-culture\/trois-sculptures-de-philippe-cramer-investissent-les-jardins-du-chateau-saint-martin-amp-spa-a-vence\/#primaryimage","url":"https:\/\/www.sortir06.fr\/actualites\/wp-content\/uploads\/2025\/06\/philippe-cramer-vence-01.webp","contentUrl":"https:\/\/www.sortir06.fr\/actualites\/wp-content\/uploads\/2025\/06\/philippe-cramer-vence-01.webp","width":1200,"height":904,"caption":"Sculpture de Philippe Cramer \u00a9 Jean-Michel Sordello"},{"@type":"BreadcrumbList","@id":"https:\/\/www.sortir06.fr\/actualites\/arts-culture\/trois-sculptures-de-philippe-cramer-investissent-les-jardins-du-chateau-saint-martin-amp-spa-a-vence\/#breadcrumb","itemListElement":[{"@type":"ListItem","position":1,"name":"Accueil","item":"https:\/\/www.sortir06.fr\/actualites\/"},{"@type":"ListItem","position":2,"name":"Trois sculptures de Philippe Cramer investissent les jardins du Ch\u00e2teau Saint-Martin &amp; Spa \u00e0 Vence"}]},{"@type":"WebSite","@id":"https:\/\/www.sortir06.fr\/actualites\/#website","url":"https:\/\/www.sortir06.fr\/actualites\/","name":"Actualit\u00e9s C\u00f4te d\"Azur (06)","description":"","publisher":{"@id":"https:\/\/www.sortir06.fr\/actualites\/#organization"},"alternateName":"Retrouvez toutes les infos presse et news du d\u00e9partement des Alpes Maritimes","potentialAction":[{"@type":"SearchAction","target":{"@type":"EntryPoint","urlTemplate":"https:\/\/www.sortir06.fr\/actualites\/?s={search_term_string}"},"query-input":"required name=search_term_string"}],"inLanguage":"fr-FR"},{"@type":"Organization","@id":"https:\/\/www.sortir06.fr\/actualites\/#organization","name":"Sortir 06 Actualit\u00e9s","url":"https:\/\/www.sortir06.fr\/actualites\/","logo":{"@type":"ImageObject","inLanguage":"fr-FR","@id":"https:\/\/www.sortir06.fr\/actualites\/#\/schema\/logo\/image\/","url":"https:\/\/www.sortir06.fr\/actualites\/wp-content\/uploads\/2024\/08\/sortir06actualites-1.webp","contentUrl":"https:\/\/www.sortir06.fr\/actualites\/wp-content\/uploads\/2024\/08\/sortir06actualites-1.webp","width":1200,"height":375,"caption":"Sortir 06 Actualit\u00e9s"},"image":{"@id":"https:\/\/www.sortir06.fr\/actualites\/#\/schema\/logo\/image\/"}},{"@type":"Person","@id":"https:\/\/www.sortir06.fr\/actualites\/#\/schema\/person\/d1da1901725ffa2aebaf8209035b2308","name":"Melissa Musson","sameAs":["https:\/\/www.sortir06.fr\/actualites"],"url":"https:\/\/www.sortir06.fr\/actualites\/author\/admins06actu\/"}]}},"_links":{"self":[{"href":"https:\/\/www.sortir06.fr\/actualites\/wp-json\/wp\/v2\/posts\/1698","targetHints":{"allow":["GET"]}}],"collection":[{"href":"https:\/\/www.sortir06.fr\/actualites\/wp-json\/wp\/v2\/posts"}],"about":[{"href":"https:\/\/www.sortir06.fr\/actualites\/wp-json\/wp\/v2\/types\/post"}],"author":[{"embeddable":true,"href":"https:\/\/www.sortir06.fr\/actualites\/wp-json\/wp\/v2\/users\/1"}],"replies":[{"embeddable":true,"href":"https:\/\/www.sortir06.fr\/actualites\/wp-json\/wp\/v2\/comments?post=1698"}],"version-history":[{"count":7,"href":"https:\/\/www.sortir06.fr\/actualites\/wp-json\/wp\/v2\/posts\/1698\/revisions"}],"predecessor-version":[{"id":1712,"href":"https:\/\/www.sortir06.fr\/actualites\/wp-json\/wp\/v2\/posts\/1698\/revisions\/1712"}],"wp:featuredmedia":[{"embeddable":true,"href":"https:\/\/www.sortir06.fr\/actualites\/wp-json\/wp\/v2\/media\/1702"}],"wp:attachment":[{"href":"https:\/\/www.sortir06.fr\/actualites\/wp-json\/wp\/v2\/media?parent=1698"}],"wp:term":[{"taxonomy":"category","embeddable":true,"href":"https:\/\/www.sortir06.fr\/actualites\/wp-json\/wp\/v2\/categories?post=1698"},{"taxonomy":"post_tag","embeddable":true,"href":"https:\/\/www.sortir06.fr\/actualites\/wp-json\/wp\/v2\/tags?post=1698"}],"curies":[{"name":"wp","href":"https:\/\/api.w.org\/{rel}","templated":true}]}}