{"id":1783,"date":"2025-09-13T21:50:23","date_gmt":"2025-09-13T19:50:23","guid":{"rendered":"https:\/\/www.sortir06.fr\/actualites\/?p=1783"},"modified":"2025-09-13T22:00:40","modified_gmt":"2025-09-13T20:00:40","slug":"le-dimanche-23-novembre-le-summeat-fest-2025-se-tiendra-a-nice","status":"publish","type":"post","link":"https:\/\/www.sortir06.fr\/actualites\/economie\/le-dimanche-23-novembre-le-summeat-fest-2025-se-tiendra-a-nice\/","title":{"rendered":"Le dimanche 23 novembre le SummEat Fest 2025 se tiendra \u00e0 Nice"},"content":{"rendered":"\t\t<div data-elementor-type=\"wp-post\" data-elementor-id=\"1783\" class=\"elementor elementor-1783\" data-elementor-post-type=\"post\">\n\t\t\t\t<div class=\"elementor-element elementor-element-996bf40 e-con-full e-flex e-con e-parent\" data-id=\"996bf40\" data-element_type=\"container\">\n\t\t\t\t<div class=\"elementor-element elementor-element-24f4abd elementor-widget elementor-widget-heading\" data-id=\"24f4abd\" data-element_type=\"widget\" data-widget_type=\"heading.default\">\n\t\t\t\t<div class=\"elementor-widget-container\">\n\t\t\t<style>\/*! elementor - v3.23.0 - 05-08-2024 *\/\n.elementor-heading-title{padding:0;margin:0;line-height:1}.elementor-widget-heading .elementor-heading-title[class*=elementor-size-]>a{color:inherit;font-size:inherit;line-height:inherit}.elementor-widget-heading .elementor-heading-title.elementor-size-small{font-size:15px}.elementor-widget-heading .elementor-heading-title.elementor-size-medium{font-size:19px}.elementor-widget-heading .elementor-heading-title.elementor-size-large{font-size:29px}.elementor-widget-heading .elementor-heading-title.elementor-size-xl{font-size:39px}.elementor-widget-heading .elementor-heading-title.elementor-size-xxl{font-size:59px}<\/style><h2 class=\"elementor-heading-title elementor-size-default\">Virginie Basselot, Philippe Canatella et Fred Ghintran, parmi les intervenants de la 2\u00e8me \u00e9dition.<\/h2>\t\t<\/div>\n\t\t\t\t<\/div>\n\t\t\t\t<\/div>\n\t\t<div class=\"elementor-element elementor-element-537c005 e-flex e-con-boxed e-con e-parent\" data-id=\"537c005\" data-element_type=\"container\">\n\t\t\t\t\t<div class=\"e-con-inner\">\n\t\t\t\t<div class=\"elementor-element elementor-element-00276ac elementor-widget elementor-widget-text-editor\" data-id=\"00276ac\" data-element_type=\"widget\" data-widget_type=\"text-editor.default\">\n\t\t\t\t<div class=\"elementor-widget-container\">\n\t\t\t<style>\/*! elementor - v3.23.0 - 05-08-2024 *\/\n.elementor-widget-text-editor.elementor-drop-cap-view-stacked .elementor-drop-cap{background-color:#69727d;color:#fff}.elementor-widget-text-editor.elementor-drop-cap-view-framed .elementor-drop-cap{color:#69727d;border:3px solid;background-color:transparent}.elementor-widget-text-editor:not(.elementor-drop-cap-view-default) .elementor-drop-cap{margin-top:8px}.elementor-widget-text-editor:not(.elementor-drop-cap-view-default) .elementor-drop-cap-letter{width:1em;height:1em}.elementor-widget-text-editor .elementor-drop-cap{float:left;text-align:center;line-height:1;font-size:50px}.elementor-widget-text-editor .elementor-drop-cap-letter{display:inline-block}<\/style>\t\t\t\t<p>\u00a0<\/p><p>Faire de Nice un lieu de rencontre pour les professionnels de la restauration et de l\u2019h\u00f4tellerie, tel est l\u2019objectif du SummEAT Fest qui se tiendra au Ch\u00e2teau de Cr\u00e9mat le Dimanche 23 Novembre 2025.<\/p><p>La restauration conna\u00eet une mutation profonde depuis une dizaine d&rsquo;ann\u00e9es et les professionnels du secteur ont plus que jamais besoin d\u2019inspiration et de solutions concr\u00e8tes. Dans cette optique et fort du succ\u00e8s de sa premi\u00e8re \u00e9dition en 2024, le SummEAT Fest revient le Dimanche 23 novembre 2025 au Ch\u00e2teau de Cr\u00e9mat, \u00e0 Nice. Restaurateurs, grands noms de la gastronomie, h\u00f4teliers mais aussi experts en technologies de gestion et d\u2019exp\u00e9riences clients y sont attendus pour une journ\u00e9e riche en partages et en rencontres professionnelles.<\/p><p>Fond\u00e9 par Masha H\u00e9do et Cindy Kawak &#8211; expertes en marketing et sp\u00e9cialis\u00e9es dans la restauration &#8211; le SummEAT Fest est n\u00e9 d\u2019une ambition commune : cr\u00e9er un rendez-vous f\u00e9d\u00e9rateur pour les professionnels du secteur de la restauration et de l\u2019h\u00f4tellerie. Port\u00e9es par des parcours diff\u00e9rents mais avec une m\u00eame volont\u00e9 de faire bouger les choses, les organisatrices ont con\u00e7u et pens\u00e9 cet \u00e9v\u00e9nement in\u00e9dit comme un v\u00e9ritable catalyseur d\u2019inspiration et de solutions. Leur objectif ? Que chaque participant reparte avec des id\u00e9es concr\u00e8tes \u00e0 mettre en \u0153uvre, enrichi de rencontres authentiques et conviviales, et avec le sentiment d\u2019appartenir \u00e0 une communaut\u00e9 engag\u00e9e.<\/p>\t\t\t\t\t\t<\/div>\n\t\t\t\t<\/div>\n\t\t\t\t\t<\/div>\n\t\t\t\t<\/div>\n\t\t<div class=\"elementor-element elementor-element-1227d91 e-flex e-con-boxed e-con e-parent\" data-id=\"1227d91\" data-element_type=\"container\">\n\t\t\t\t\t<div class=\"e-con-inner\">\n\t\t\t\t<div class=\"elementor-element elementor-element-c1f567f elementor-widget elementor-widget-heading\" data-id=\"c1f567f\" data-element_type=\"widget\" data-widget_type=\"heading.default\">\n\t\t\t\t<div class=\"elementor-widget-container\">\n\t\t\t<h2 class=\"elementor-heading-title elementor-size-default\">Une programmation riche et engag\u00e9e <\/h2>\t\t<\/div>\n\t\t\t\t<\/div>\n\t\t\t\t\t<\/div>\n\t\t\t\t<\/div>\n\t\t<div class=\"elementor-element elementor-element-31a5a03 e-flex e-con-boxed e-con e-parent\" data-id=\"31a5a03\" data-element_type=\"container\">\n\t\t\t\t\t<div class=\"e-con-inner\">\n\t\t\t\t<div class=\"elementor-element elementor-element-075e8eb elementor-widget elementor-widget-text-editor\" data-id=\"075e8eb\" data-element_type=\"widget\" data-widget_type=\"text-editor.default\">\n\t\t\t\t<div class=\"elementor-widget-container\">\n\t\t\t\t\t\t\t<p>Pour cette seconde \u00e9dition, le SummEAT Fest d\u00e9voile une programmation riche et engag\u00e9e. Pas moins de dix conf\u00e9rences et ateliers viendront rythmer la journ\u00e9e, r\u00e9partis entre la Salle Antoine Mari et la Salle Verri\u00e8re du Ch\u00e2teau de Cr\u00e9mat. Et cette ann\u00e9e, \u00ab l\u2019avenir du m\u00e9tier \u00bb, sera le fil rouge des \u00e9changes, des r\u00e9flexions et des rencontres.<\/p><p>Ainsi, du c\u00f4t\u00e9 des conf\u00e9rences, la sc\u00e8ne du SummEAT Fest aura l\u2019honneur de recevoir Virginie Basselot, Cheffe du Negresco, Philippe Canatella, restaurateur et fondateur du groupe Gusto Family mais aussi Fred Ghintran, restaurateur et pr\u00e9sident branche Restauration FHRT Nice C\u00f4te d\u2019Azur &#8211; UMIH 06 ainsi qu\u2019Axel Hutin, fondateur de Greenbull Media (la liste d\u00e9finitive des intervenants vous sera communiqu\u00e9e dans un prochain envoi). Des workshops viendront \u00e9galement ponctuer la journ\u00e9e avec notamment : Maxime Burdese (Digital Restaurateur), Franck Thomas (Sommelier &amp; Directeur Franck Thomas Formation), Alexis Luong (Chef du restaurant Onakaya) ou encore Rapha\u00ebl Pousse et Alexandre Aruchumian (Delicity). La journ\u00e9e s&rsquo;ach\u00e8vera autour d\u2019un cocktail convivial entre les participants et les partenaires.<\/p>\t\t\t\t\t\t<\/div>\n\t\t\t\t<\/div>\n\t\t\t\t\t<\/div>\n\t\t\t\t<\/div>\n\t\t<div class=\"elementor-element elementor-element-ca06f76 e-flex e-con-boxed e-con e-parent\" data-id=\"ca06f76\" data-element_type=\"container\">\n\t\t\t\t\t<div class=\"e-con-inner\">\n\t\t\t\t<div class=\"elementor-element elementor-element-6810673 elementor-widget elementor-widget-heading\" data-id=\"6810673\" data-element_type=\"widget\" data-widget_type=\"heading.default\">\n\t\t\t\t<div class=\"elementor-widget-container\">\n\t\t\t<h2 class=\"elementor-heading-title elementor-size-default\">Le rendez-vous le plus innovant de la profession<\/h2>\t\t<\/div>\n\t\t\t\t<\/div>\n\t\t\t\t\t<\/div>\n\t\t\t\t<\/div>\n\t\t<div class=\"elementor-element elementor-element-46c78f2 e-flex e-con-boxed e-con e-parent\" data-id=\"46c78f2\" data-element_type=\"container\">\n\t\t\t\t\t<div class=\"e-con-inner\">\n\t\t\t\t<div class=\"elementor-element elementor-element-db8e904 elementor-widget elementor-widget-text-editor\" data-id=\"db8e904\" data-element_type=\"widget\" data-widget_type=\"text-editor.default\">\n\t\t\t\t<div class=\"elementor-widget-container\">\n\t\t\t\t\t\t\t<p>La premi\u00e8re \u00e9dition du SummEAT Fest s\u2019est tenue le 4 novembre 2024 \u00e0 l\u2019h\u00f4tel Mama Shelter \u00e0 Nice et a s\u00e9duit pr\u00e8s de 100 participants. Au total, 10 speakers se sont succ\u00e9d\u00e9s pour \u00e9voquer leur exp\u00e9rience et leur parcours comme Christophe Juville (Spok) ou encore le chef p\u00e2tissier Julien Dugourd.<br \/>Pour cette \u00e9dition 2025, le SummEAT Fest vise \u00e0 rassembler plus de 400 participants et \u00e0 s\u2019imposer, \u00e0 moyen terme, comme le rendez-vous le plus innovant de la profession. Le SummEAT Fest entend \u00e9galement ancrer Nice comme une place forte des \u00e9changes entre les acteurs de la restauration et de l\u2019h\u00f4tellerie et d\u2019en faire, 1 fois par an, la capitale des restaurateurs de France.<\/p>\t\t\t\t\t\t<\/div>\n\t\t\t\t<\/div>\n\t\t\t\t\t<\/div>\n\t\t\t\t<\/div>\n\t\t<div class=\"elementor-element elementor-element-81e28d0 e-flex e-con-boxed e-con e-parent\" data-id=\"81e28d0\" data-element_type=\"container\">\n\t\t\t\t\t<div class=\"e-con-inner\">\n\t\t\t\t<div class=\"elementor-element elementor-element-36f4cc4 elementor-widget elementor-widget-heading\" data-id=\"36f4cc4\" data-element_type=\"widget\" data-widget_type=\"heading.default\">\n\t\t\t\t<div class=\"elementor-widget-container\">\n\t\t\t<h2 class=\"elementor-heading-title elementor-size-default\">Le SummEat Fest, c'est aussi pour le grand public !<\/h2>\t\t<\/div>\n\t\t\t\t<\/div>\n\t\t\t\t\t<\/div>\n\t\t\t\t<\/div>\n\t\t<div class=\"elementor-element elementor-element-037734c e-flex e-con-boxed e-con e-parent\" data-id=\"037734c\" data-element_type=\"container\">\n\t\t\t\t\t<div class=\"e-con-inner\">\n\t\t\t\t<div class=\"elementor-element elementor-element-ab36593 elementor-widget elementor-widget-text-editor\" data-id=\"ab36593\" data-element_type=\"widget\" data-widget_type=\"text-editor.default\">\n\t\t\t\t<div class=\"elementor-widget-container\">\n\t\t\t\t\t\t\t<p>Cr\u00e9\u00e9 pour les professionnels de la restauration et de l\u2019h\u00f4tellerie, le SummEAT Fest est aussi ouvert au grand public. Au programme : atelier pizzas avec l\u2019Authentique Pizza, coffee-shop ambulant avec La Claque Caf\u00e9, d\u00e9gustations de vins, concours de dessins\u2026<\/p>\t\t\t\t\t\t<\/div>\n\t\t\t\t<\/div>\n\t\t\t\t\t<\/div>\n\t\t\t\t<\/div>\n\t\t<div class=\"elementor-element elementor-element-6ac331b e-flex e-con-boxed e-con e-parent\" data-id=\"6ac331b\" data-element_type=\"container\">\n\t\t\t\t\t<div class=\"e-con-inner\">\n\t\t<div class=\"elementor-element elementor-element-dbe25cc e-con-full e-flex e-con e-child\" data-id=\"dbe25cc\" data-element_type=\"container\">\n\t\t\t\t<div class=\"elementor-element elementor-element-1259803 elementor-widget elementor-widget-image\" data-id=\"1259803\" data-element_type=\"widget\" data-widget_type=\"image.default\">\n\t\t\t\t<div class=\"elementor-widget-container\">\n\t\t\t<style>\/*! elementor - v3.23.0 - 05-08-2024 *\/\n.elementor-widget-image{text-align:center}.elementor-widget-image a{display:inline-block}.elementor-widget-image a img[src$=\".svg\"]{width:48px}.elementor-widget-image img{vertical-align:middle;display:inline-block}<\/style>\t\t\t\t\t\t\t\t\t\t<img fetchpriority=\"high\" decoding=\"async\" width=\"1024\" height=\"771\" src=\"https:\/\/www.sortir06.fr\/actualites\/wp-content\/uploads\/2025\/09\/masha-hedo-1024x771.webp\" class=\"attachment-large size-large wp-image-1790\" alt=\"Masha Hedo - SummEat Fest\" srcset=\"https:\/\/www.sortir06.fr\/actualites\/wp-content\/uploads\/2025\/09\/masha-hedo-1024x771.webp 1024w, https:\/\/www.sortir06.fr\/actualites\/wp-content\/uploads\/2025\/09\/masha-hedo-300x226.webp 300w, https:\/\/www.sortir06.fr\/actualites\/wp-content\/uploads\/2025\/09\/masha-hedo-768x579.webp 768w, https:\/\/www.sortir06.fr\/actualites\/wp-content\/uploads\/2025\/09\/masha-hedo.webp 1200w\" sizes=\"(max-width: 1024px) 100vw, 1024px\" \/>\t\t\t\t\t\t\t\t\t\t\t\t\t<\/div>\n\t\t\t\t<\/div>\n\t\t\t\t<div class=\"elementor-element elementor-element-354a0ab elementor-widget elementor-widget-heading\" data-id=\"354a0ab\" data-element_type=\"widget\" data-widget_type=\"heading.default\">\n\t\t\t\t<div class=\"elementor-widget-container\">\n\t\t\t<h2 class=\"elementor-heading-title elementor-size-default\">Masha Hedo<\/h2>\t\t<\/div>\n\t\t\t\t<\/div>\n\t\t\t\t<div class=\"elementor-element elementor-element-1d41c33 elementor-widget elementor-widget-text-editor\" data-id=\"1d41c33\" data-element_type=\"widget\" data-widget_type=\"text-editor.default\">\n\t\t\t\t<div class=\"elementor-widget-container\">\n\t\t\t\t\t\t\t<p>Fondatrice de l\u2019agence de communication SeoResto, experte en marketing digital, Masha s\u2019est sp\u00e9cialis\u00e9e dans la restauration et accompagne les professionnels du secteur dans leur strat\u00e9gie marketing \u00e0 360\u00b0. R\u00e9f\u00e9rencement, sites web, strat\u00e9gie de contenu, visibilit\u00e9 Google, r\u00e9seaux sociaux\u2026 n\u2019ont plus de secret pour elle ! Elle aime cr\u00e9er des \u00e9v\u00e8nements gastronomiques sur mesure et des exp\u00e9riences inoubliables.<br \/>Son compte Instagram @mashahedo<\/p>\t\t\t\t\t\t<\/div>\n\t\t\t\t<\/div>\n\t\t\t\t<\/div>\n\t\t<div class=\"elementor-element elementor-element-4c69d20 e-con-full e-flex e-con e-child\" data-id=\"4c69d20\" data-element_type=\"container\">\n\t\t\t\t<div class=\"elementor-element elementor-element-f717d3a elementor-widget elementor-widget-image\" data-id=\"f717d3a\" data-element_type=\"widget\" data-widget_type=\"image.default\">\n\t\t\t\t<div class=\"elementor-widget-container\">\n\t\t\t\t\t\t\t\t\t\t\t\t\t<img decoding=\"async\" width=\"1024\" height=\"771\" src=\"https:\/\/www.sortir06.fr\/actualites\/wp-content\/uploads\/2025\/09\/cindy-kawak-1024x771.webp\" class=\"attachment-large size-large wp-image-1791\" alt=\"Cindy Kawak - SummEat Fest\" srcset=\"https:\/\/www.sortir06.fr\/actualites\/wp-content\/uploads\/2025\/09\/cindy-kawak-1024x771.webp 1024w, https:\/\/www.sortir06.fr\/actualites\/wp-content\/uploads\/2025\/09\/cindy-kawak-300x226.webp 300w, https:\/\/www.sortir06.fr\/actualites\/wp-content\/uploads\/2025\/09\/cindy-kawak-768x579.webp 768w, https:\/\/www.sortir06.fr\/actualites\/wp-content\/uploads\/2025\/09\/cindy-kawak.webp 1200w\" sizes=\"(max-width: 1024px) 100vw, 1024px\" \/>\t\t\t\t\t\t\t\t\t\t\t\t\t<\/div>\n\t\t\t\t<\/div>\n\t\t\t\t<div class=\"elementor-element elementor-element-f17360a elementor-widget elementor-widget-heading\" data-id=\"f17360a\" data-element_type=\"widget\" data-widget_type=\"heading.default\">\n\t\t\t\t<div class=\"elementor-widget-container\">\n\t\t\t<h2 class=\"elementor-heading-title elementor-size-default\">Cindy Kawak<\/h2>\t\t<\/div>\n\t\t\t\t<\/div>\n\t\t\t\t<div class=\"elementor-element elementor-element-381a179 elementor-widget elementor-widget-text-editor\" data-id=\"381a179\" data-element_type=\"widget\" data-widget_type=\"text-editor.default\">\n\t\t\t\t<div class=\"elementor-widget-container\">\n\t\t\t\t\t\t\t<p>Apr\u00e8s plus de 20 ans d\u2019exp\u00e9riences dans la restauration et apr\u00e8s avoir dirig\u00e9 10 \u00e9tablissements et pas moins de 150 employ\u00e9s, Cindy d\u00e9cide de fonder bistrobiz pour accompagner les restaurateurs dans le d\u00e9veloppement de leur business et de leurs ressources humaines. Aujourd\u2019hui conf\u00e9renci\u00e8re et consultante, elle est une v\u00e9ritable mentor, passionn\u00e9e par le leadership, les strat\u00e9gies de croissance des entreprises et l\u2019art culinaire.<br \/>Son compte Instagram @cindykawak<\/p>\t\t\t\t\t\t<\/div>\n\t\t\t\t<\/div>\n\t\t\t\t<\/div>\n\t\t\t\t\t<\/div>\n\t\t\t\t<\/div>\n\t\t<div class=\"elementor-element elementor-element-532b81b e-flex e-con-boxed e-con e-parent\" data-id=\"532b81b\" data-element_type=\"container\">\n\t\t\t\t\t<div class=\"e-con-inner\">\n\t\t\t\t<div class=\"elementor-element elementor-element-6b72777 elementor-widget elementor-widget-text-editor\" data-id=\"6b72777\" data-element_type=\"widget\" data-widget_type=\"text-editor.default\">\n\t\t\t\t<div class=\"elementor-widget-container\">\n\t\t\t\t\t\t\t<p><strong>Rendez-vous le dimanche 23 novembre pour le SummEAT Fest 2025 !<\/strong><\/p><p><strong>De 9h \u00e0 19h<br \/><\/strong><\/p><p><strong>Ch\u00e2teau de Cr\u00e9mat<\/strong><br \/>442 chemin de Cr\u00e9mat<br \/>06200 Nice<\/p><p>\u00a0<\/p><p><strong>Tarifs Professionnels<\/strong><br \/>Pass Standard : 150 \u20ac (acc\u00e8s \u00e0 l\u2019ensemble des conf\u00e9rences et workshops)<br \/>Pass Prestige : 200 \u20ac (Pass Standard et acc\u00e8s au cocktail priv\u00e9)<br \/>Tarif Grand Public (ne donnant pas droit aux conf\u00e9rences et workshop)<br \/>15\u20ac \/personne et gratuit pour les enfants de moins de 14 ans<\/p><p>Vente des billets en tarifs early bird d\u00e8s le 1er octobre sur <a href=\"https:\/\/summeatfest.com\/\" target=\"_blank\" rel=\"noopener\">https:\/\/summeatfest.com\/<\/a><\/p>\t\t\t\t\t\t<\/div>\n\t\t\t\t<\/div>\n\t\t\t\t\t<\/div>\n\t\t\t\t<\/div>\n\t\t<div class=\"elementor-element elementor-element-44956c8 e-flex e-con-boxed e-con e-parent\" data-id=\"44956c8\" data-element_type=\"container\">\n\t\t\t\t\t<div class=\"e-con-inner\">\n\t\t\t\t<div class=\"elementor-element elementor-element-53e571b elementor-arrows-position-inside elementor-pagination-position-outside elementor-widget elementor-widget-image-carousel\" data-id=\"53e571b\" data-element_type=\"widget\" data-settings=\"{&quot;slides_to_show&quot;:&quot;1&quot;,&quot;navigation&quot;:&quot;both&quot;,&quot;autoplay&quot;:&quot;yes&quot;,&quot;pause_on_hover&quot;:&quot;yes&quot;,&quot;pause_on_interaction&quot;:&quot;yes&quot;,&quot;autoplay_speed&quot;:5000,&quot;infinite&quot;:&quot;yes&quot;,&quot;effect&quot;:&quot;slide&quot;,&quot;speed&quot;:500}\" data-widget_type=\"image-carousel.default\">\n\t\t\t\t<div class=\"elementor-widget-container\">\n\t\t\t<style>\/*! elementor - v3.23.0 - 05-08-2024 *\/\n.elementor-widget-image-carousel .swiper,.elementor-widget-image-carousel .swiper-container{position:static}.elementor-widget-image-carousel .swiper-container .swiper-slide figure,.elementor-widget-image-carousel .swiper .swiper-slide figure{line-height:inherit}.elementor-widget-image-carousel .swiper-slide{text-align:center}.elementor-image-carousel-wrapper:not(.swiper-container-initialized):not(.swiper-initialized) .swiper-slide{max-width:calc(100% \/ var(--e-image-carousel-slides-to-show, 3))}<\/style>\t\t<div class=\"elementor-image-carousel-wrapper swiper\" dir=\"ltr\">\n\t\t\t<div class=\"elementor-image-carousel swiper-wrapper\" aria-live=\"off\">\n\t\t\t\t\t\t\t\t<div class=\"swiper-slide\" role=\"group\" aria-roledescription=\"slide\" aria-label=\"1 sur 9\"><figure class=\"swiper-slide-inner\"><img decoding=\"async\" class=\"swiper-slide-image\" src=\"https:\/\/www.sortir06.fr\/actualites\/wp-content\/uploads\/2025\/09\/summEat-fest-02.webp\" alt=\"SummEat Fest\" \/><\/figure><\/div><div class=\"swiper-slide\" role=\"group\" aria-roledescription=\"slide\" aria-label=\"2 sur 9\"><figure class=\"swiper-slide-inner\"><img decoding=\"async\" class=\"swiper-slide-image\" src=\"https:\/\/www.sortir06.fr\/actualites\/wp-content\/uploads\/2025\/09\/masha-hedo-cindy-kawak.webp\" alt=\"Le dimanche 23 novembre le SummEat Fest 2025 se tiendra \u00e0 Nice\" \/><\/figure><\/div><div class=\"swiper-slide\" role=\"group\" aria-roledescription=\"slide\" aria-label=\"3 sur 9\"><figure class=\"swiper-slide-inner\"><img decoding=\"async\" class=\"swiper-slide-image\" src=\"https:\/\/www.sortir06.fr\/actualites\/wp-content\/uploads\/2025\/09\/summEat-fest-04.webp\" alt=\"SummEat Fest\" \/><\/figure><\/div><div class=\"swiper-slide\" role=\"group\" aria-roledescription=\"slide\" aria-label=\"4 sur 9\"><figure class=\"swiper-slide-inner\"><img decoding=\"async\" class=\"swiper-slide-image\" src=\"https:\/\/www.sortir06.fr\/actualites\/wp-content\/uploads\/2025\/09\/summEat-fest-03.webp\" alt=\"SummEat Fest\" \/><\/figure><\/div><div class=\"swiper-slide\" role=\"group\" aria-roledescription=\"slide\" aria-label=\"5 sur 9\"><figure class=\"swiper-slide-inner\"><img decoding=\"async\" class=\"swiper-slide-image\" src=\"https:\/\/www.sortir06.fr\/actualites\/wp-content\/uploads\/2025\/09\/summEat-fest-05.webp\" alt=\"SummEat Fest\" \/><\/figure><\/div><div class=\"swiper-slide\" role=\"group\" aria-roledescription=\"slide\" aria-label=\"6 sur 9\"><figure class=\"swiper-slide-inner\"><img decoding=\"async\" class=\"swiper-slide-image\" src=\"https:\/\/www.sortir06.fr\/actualites\/wp-content\/uploads\/2025\/09\/summEat-fest-06.webp\" alt=\"SummEat Fest\" \/><\/figure><\/div><div class=\"swiper-slide\" role=\"group\" aria-roledescription=\"slide\" aria-label=\"7 sur 9\"><figure class=\"swiper-slide-inner\"><img decoding=\"async\" class=\"swiper-slide-image\" src=\"https:\/\/www.sortir06.fr\/actualites\/wp-content\/uploads\/2025\/09\/cindy-kawak.webp\" alt=\"Cindy Kawak - SummEat Fest\" \/><\/figure><\/div><div class=\"swiper-slide\" role=\"group\" aria-roledescription=\"slide\" aria-label=\"8 sur 9\"><figure class=\"swiper-slide-inner\"><img decoding=\"async\" class=\"swiper-slide-image\" src=\"https:\/\/www.sortir06.fr\/actualites\/wp-content\/uploads\/2025\/09\/masha-hedo.webp\" alt=\"Masha Hedo - SummEat Fest\" \/><\/figure><\/div><div class=\"swiper-slide\" role=\"group\" aria-roledescription=\"slide\" aria-label=\"9 sur 9\"><figure class=\"swiper-slide-inner\"><img decoding=\"async\" class=\"swiper-slide-image\" src=\"https:\/\/www.sortir06.fr\/actualites\/wp-content\/uploads\/2025\/09\/summEat-fest-01.webp\" alt=\"SummEat Fest\" \/><\/figure><\/div>\t\t\t<\/div>\n\t\t\t\t\t\t\t\t\t\t\t\t<div class=\"elementor-swiper-button elementor-swiper-button-prev\" role=\"button\" tabindex=\"0\">\n\t\t\t\t\t\t<svg aria-hidden=\"true\" class=\"e-font-icon-svg e-fas-chevron-circle-left\" viewBox=\"0 0 512 512\" xmlns=\"http:\/\/www.w3.org\/2000\/svg\"><path d=\"M256 504C119 504 8 393 8 256S119 8 256 8s248 111 248 248-111 248-248 248zM142.1 273l135.5 135.5c9.4 9.4 24.6 9.4 33.9 0l17-17c9.4-9.4 9.4-24.6 0-33.9L226.9 256l101.6-101.6c9.4-9.4 9.4-24.6 0-33.9l-17-17c-9.4-9.4-24.6-9.4-33.9 0L142.1 239c-9.4 9.4-9.4 24.6 0 34z\"><\/path><\/svg>\t\t\t\t\t<\/div>\n\t\t\t\t\t<div class=\"elementor-swiper-button elementor-swiper-button-next\" role=\"button\" tabindex=\"0\">\n\t\t\t\t\t\t<svg aria-hidden=\"true\" class=\"e-font-icon-svg e-fas-chevron-circle-right\" viewBox=\"0 0 512 512\" xmlns=\"http:\/\/www.w3.org\/2000\/svg\"><path d=\"M256 8c137 0 248 111 248 248S393 504 256 504 8 393 8 256 119 8 256 8zm113.9 231L234.4 103.5c-9.4-9.4-24.6-9.4-33.9 0l-17 17c-9.4 9.4-9.4 24.6 0 33.9L285.1 256 183.5 357.6c-9.4 9.4-9.4 24.6 0 33.9l17 17c9.4 9.4 24.6 9.4 33.9 0L369.9 273c9.4-9.4 9.4-24.6 0-34z\"><\/path><\/svg>\t\t\t\t\t<\/div>\n\t\t\t\t\n\t\t\t\t\t\t\t\t\t<div class=\"swiper-pagination\"><\/div>\n\t\t\t\t\t\t\t\t\t<\/div>\n\t\t\t\t<\/div>\n\t\t\t\t<\/div>\n\t\t\t\t\t<\/div>\n\t\t\t\t<\/div>\n\t\t\t\t<\/div>\n\t\t\n\n<div class=\"kk-star-ratings kksr-auto kksr-align-center kksr-valign-bottom\"\n    data-payload='{&quot;align&quot;:&quot;center&quot;,&quot;id&quot;:&quot;1783&quot;,&quot;slug&quot;:&quot;default&quot;,&quot;valign&quot;:&quot;bottom&quot;,&quot;ignore&quot;:&quot;&quot;,&quot;reference&quot;:&quot;auto&quot;,&quot;class&quot;:&quot;&quot;,&quot;count&quot;:&quot;3&quot;,&quot;legendonly&quot;:&quot;&quot;,&quot;readonly&quot;:&quot;&quot;,&quot;score&quot;:&quot;5&quot;,&quot;starsonly&quot;:&quot;&quot;,&quot;best&quot;:&quot;5&quot;,&quot;gap&quot;:&quot;5&quot;,&quot;greet&quot;:&quot;Vous aimez ?&quot;,&quot;legend&quot;:&quot;5\\\/5 - (3 votes)&quot;,&quot;size&quot;:&quot;24&quot;,&quot;title&quot;:&quot;Le dimanche 23 novembre le SummEat Fest 2025 se tiendra \u00e0 Nice&quot;,&quot;width&quot;:&quot;142.5&quot;,&quot;_legend&quot;:&quot;{score}\\\/{best} - ({count} {votes})&quot;,&quot;font_factor&quot;:&quot;1.25&quot;}'>\n            \n<div class=\"kksr-stars\">\n    \n<div class=\"kksr-stars-inactive\">\n            <div class=\"kksr-star\" data-star=\"1\" style=\"padding-right: 5px\">\n            \n\n<div class=\"kksr-icon\" style=\"width: 24px; height: 24px;\"><\/div>\n        <\/div>\n            <div class=\"kksr-star\" data-star=\"2\" style=\"padding-right: 5px\">\n            \n\n<div class=\"kksr-icon\" style=\"width: 24px; height: 24px;\"><\/div>\n        <\/div>\n            <div class=\"kksr-star\" data-star=\"3\" style=\"padding-right: 5px\">\n            \n\n<div class=\"kksr-icon\" style=\"width: 24px; height: 24px;\"><\/div>\n        <\/div>\n            <div class=\"kksr-star\" data-star=\"4\" style=\"padding-right: 5px\">\n            \n\n<div class=\"kksr-icon\" style=\"width: 24px; height: 24px;\"><\/div>\n        <\/div>\n            <div class=\"kksr-star\" data-star=\"5\" style=\"padding-right: 5px\">\n            \n\n<div class=\"kksr-icon\" style=\"width: 24px; height: 24px;\"><\/div>\n        <\/div>\n    <\/div>\n    \n<div class=\"kksr-stars-active\" style=\"width: 142.5px;\">\n            <div class=\"kksr-star\" style=\"padding-right: 5px\">\n            \n\n<div class=\"kksr-icon\" style=\"width: 24px; height: 24px;\"><\/div>\n        <\/div>\n            <div class=\"kksr-star\" style=\"padding-right: 5px\">\n            \n\n<div class=\"kksr-icon\" style=\"width: 24px; height: 24px;\"><\/div>\n        <\/div>\n            <div class=\"kksr-star\" style=\"padding-right: 5px\">\n            \n\n<div class=\"kksr-icon\" style=\"width: 24px; height: 24px;\"><\/div>\n        <\/div>\n            <div class=\"kksr-star\" style=\"padding-right: 5px\">\n            \n\n<div class=\"kksr-icon\" style=\"width: 24px; height: 24px;\"><\/div>\n        <\/div>\n            <div class=\"kksr-star\" style=\"padding-right: 5px\">\n            \n\n<div class=\"kksr-icon\" style=\"width: 24px; height: 24px;\"><\/div>\n        <\/div>\n    <\/div>\n<\/div>\n                \n\n<div class=\"kksr-legend\" style=\"font-size: 19.2px;\">\n            5\/5 - (3 votes)    <\/div>\n    <\/div>\n","protected":false},"excerpt":{"rendered":"<p>Virginie Basselot, Philippe Canatella et Fred Ghintran, parmi les intervenants de la 2\u00e8me \u00e9dition. \u00a0 Faire de Nice un lieu [&hellip;]<\/p>\n","protected":false},"author":1,"featured_media":1792,"comment_status":"closed","ping_status":"closed","sticky":false,"template":"","format":"standard","meta":{"site-sidebar-layout":"default","site-content-layout":"","ast-site-content-layout":"","site-content-style":"default","site-sidebar-style":"default","ast-global-header-display":"","ast-banner-title-visibility":"","ast-main-header-display":"","ast-hfb-above-header-display":"","ast-hfb-below-header-display":"","ast-hfb-mobile-header-display":"","site-post-title":"","ast-breadcrumbs-content":"","ast-featured-img":"","footer-sml-layout":"","theme-transparent-header-meta":"","adv-header-id-meta":"","stick-header-meta":"","header-above-stick-meta":"","header-main-stick-meta":"","header-below-stick-meta":"","astra-migrate-meta-layouts":"default","ast-page-background-enabled":"default","ast-page-background-meta":{"desktop":{"background-color":"var(--ast-global-color-4)","background-image":"","background-repeat":"repeat","background-position":"center center","background-size":"auto","background-attachment":"scroll","background-type":"","background-media":"","overlay-type":"","overlay-color":"","overlay-opacity":"","overlay-gradient":""},"tablet":{"background-color":"","background-image":"","background-repeat":"repeat","background-position":"center center","background-size":"auto","background-attachment":"scroll","background-type":"","background-media":"","overlay-type":"","overlay-color":"","overlay-opacity":"","overlay-gradient":""},"mobile":{"background-color":"","background-image":"","background-repeat":"repeat","background-position":"center center","background-size":"auto","background-attachment":"scroll","background-type":"","background-media":"","overlay-type":"","overlay-color":"","overlay-opacity":"","overlay-gradient":""}},"ast-content-background-meta":{"desktop":{"background-color":"var(--ast-global-color-5)","background-image":"","background-repeat":"repeat","background-position":"center center","background-size":"auto","background-attachment":"scroll","background-type":"","background-media":"","overlay-type":"","overlay-color":"","overlay-opacity":"","overlay-gradient":""},"tablet":{"background-color":"var(--ast-global-color-5)","background-image":"","background-repeat":"repeat","background-position":"center center","background-size":"auto","background-attachment":"scroll","background-type":"","background-media":"","overlay-type":"","overlay-color":"","overlay-opacity":"","overlay-gradient":""},"mobile":{"background-color":"var(--ast-global-color-5)","background-image":"","background-repeat":"repeat","background-position":"center center","background-size":"auto","background-attachment":"scroll","background-type":"","background-media":"","overlay-type":"","overlay-color":"","overlay-opacity":"","overlay-gradient":""}},"footnotes":""},"categories":[172],"tags":[101],"class_list":["post-1783","post","type-post","status-publish","format-standard","has-post-thumbnail","hentry","category-economie","tag-nice"],"yoast_head":"<!-- This site is optimized with the Yoast SEO plugin v23.2 - https:\/\/yoast.com\/wordpress\/plugins\/seo\/ -->\n<title>Le dimanche 23 novembre le SummEat Fest 2025 se tiendra \u00e0 Nice<\/title>\n<meta name=\"robots\" content=\"index, follow, max-snippet:-1, max-image-preview:large, max-video-preview:-1\" \/>\n<link rel=\"canonical\" href=\"https:\/\/www.sortir06.fr\/actualites\/economie\/le-dimanche-23-novembre-le-summeat-fest-2025-se-tiendra-a-nice\/\" \/>\n<meta property=\"og:locale\" content=\"fr_FR\" \/>\n<meta property=\"og:type\" content=\"article\" \/>\n<meta property=\"og:title\" content=\"Le dimanche 23 novembre le SummEat Fest 2025 se tiendra \u00e0 Nice\" \/>\n<meta property=\"og:description\" content=\"Virginie Basselot, Philippe Canatella et Fred Ghintran, parmi les intervenants de la 2\u00e8me \u00e9dition. \u00a0 Faire de Nice un lieu [&hellip;]\" \/>\n<meta property=\"og:url\" content=\"https:\/\/www.sortir06.fr\/actualites\/economie\/le-dimanche-23-novembre-le-summeat-fest-2025-se-tiendra-a-nice\/\" \/>\n<meta property=\"og:site_name\" content=\"Actualit\u00e9s du 06 \/ Infos Presse\" \/>\n<meta property=\"article:published_time\" content=\"2025-09-13T19:50:23+00:00\" \/>\n<meta property=\"article:modified_time\" content=\"2025-09-13T20:00:40+00:00\" \/>\n<meta property=\"og:image\" content=\"https:\/\/www.sortir06.fr\/actualites\/wp-content\/uploads\/2025\/09\/masha-hedo-cindy-kawak.webp\" \/>\n\t<meta property=\"og:image:width\" content=\"1200\" \/>\n\t<meta property=\"og:image:height\" content=\"904\" \/>\n\t<meta property=\"og:image:type\" content=\"image\/webp\" \/>\n<meta name=\"author\" content=\"Melissa Musson\" \/>\n<meta name=\"twitter:card\" content=\"summary_large_image\" \/>\n<meta name=\"twitter:label1\" content=\"\u00c9crit par\" \/>\n\t<meta name=\"twitter:data1\" content=\"Melissa Musson\" \/>\n\t<meta name=\"twitter:label2\" content=\"Dur\u00e9e de lecture estim\u00e9e\" \/>\n\t<meta name=\"twitter:data2\" content=\"7 minutes\" \/>\n<script type=\"application\/ld+json\" class=\"yoast-schema-graph\">{\"@context\":\"https:\/\/schema.org\",\"@graph\":[{\"@type\":\"Article\",\"@id\":\"https:\/\/www.sortir06.fr\/actualites\/economie\/le-dimanche-23-novembre-le-summeat-fest-2025-se-tiendra-a-nice\/#article\",\"isPartOf\":{\"@id\":\"https:\/\/www.sortir06.fr\/actualites\/economie\/le-dimanche-23-novembre-le-summeat-fest-2025-se-tiendra-a-nice\/\"},\"author\":{\"name\":\"Melissa Musson\",\"@id\":\"https:\/\/www.sortir06.fr\/actualites\/#\/schema\/person\/d1da1901725ffa2aebaf8209035b2308\"},\"headline\":\"Le dimanche 23 novembre le SummEat Fest 2025 se tiendra \u00e0 Nice\",\"datePublished\":\"2025-09-13T19:50:23+00:00\",\"dateModified\":\"2025-09-13T20:00:40+00:00\",\"mainEntityOfPage\":{\"@id\":\"https:\/\/www.sortir06.fr\/actualites\/economie\/le-dimanche-23-novembre-le-summeat-fest-2025-se-tiendra-a-nice\/\"},\"wordCount\":879,\"publisher\":{\"@id\":\"https:\/\/www.sortir06.fr\/actualites\/#organization\"},\"image\":{\"@id\":\"https:\/\/www.sortir06.fr\/actualites\/economie\/le-dimanche-23-novembre-le-summeat-fest-2025-se-tiendra-a-nice\/#primaryimage\"},\"thumbnailUrl\":\"https:\/\/www.sortir06.fr\/actualites\/wp-content\/uploads\/2025\/09\/masha-hedo-cindy-kawak.webp\",\"keywords\":[\"Nice\"],\"articleSection\":[\"\u00c9conomie\"],\"inLanguage\":\"fr-FR\"},{\"@type\":\"WebPage\",\"@id\":\"https:\/\/www.sortir06.fr\/actualites\/economie\/le-dimanche-23-novembre-le-summeat-fest-2025-se-tiendra-a-nice\/\",\"url\":\"https:\/\/www.sortir06.fr\/actualites\/economie\/le-dimanche-23-novembre-le-summeat-fest-2025-se-tiendra-a-nice\/\",\"name\":\"Le dimanche 23 novembre le SummEat Fest 2025 se tiendra \u00e0 Nice\",\"isPartOf\":{\"@id\":\"https:\/\/www.sortir06.fr\/actualites\/#website\"},\"primaryImageOfPage\":{\"@id\":\"https:\/\/www.sortir06.fr\/actualites\/economie\/le-dimanche-23-novembre-le-summeat-fest-2025-se-tiendra-a-nice\/#primaryimage\"},\"image\":{\"@id\":\"https:\/\/www.sortir06.fr\/actualites\/economie\/le-dimanche-23-novembre-le-summeat-fest-2025-se-tiendra-a-nice\/#primaryimage\"},\"thumbnailUrl\":\"https:\/\/www.sortir06.fr\/actualites\/wp-content\/uploads\/2025\/09\/masha-hedo-cindy-kawak.webp\",\"datePublished\":\"2025-09-13T19:50:23+00:00\",\"dateModified\":\"2025-09-13T20:00:40+00:00\",\"breadcrumb\":{\"@id\":\"https:\/\/www.sortir06.fr\/actualites\/economie\/le-dimanche-23-novembre-le-summeat-fest-2025-se-tiendra-a-nice\/#breadcrumb\"},\"inLanguage\":\"fr-FR\",\"potentialAction\":[{\"@type\":\"ReadAction\",\"target\":[\"https:\/\/www.sortir06.fr\/actualites\/economie\/le-dimanche-23-novembre-le-summeat-fest-2025-se-tiendra-a-nice\/\"]}]},{\"@type\":\"ImageObject\",\"inLanguage\":\"fr-FR\",\"@id\":\"https:\/\/www.sortir06.fr\/actualites\/economie\/le-dimanche-23-novembre-le-summeat-fest-2025-se-tiendra-a-nice\/#primaryimage\",\"url\":\"https:\/\/www.sortir06.fr\/actualites\/wp-content\/uploads\/2025\/09\/masha-hedo-cindy-kawak.webp\",\"contentUrl\":\"https:\/\/www.sortir06.fr\/actualites\/wp-content\/uploads\/2025\/09\/masha-hedo-cindy-kawak.webp\",\"width\":1200,\"height\":904,\"caption\":\"Le dimanche 23 novembre le SummEat Fest 2025 se tiendra \u00e0 Nice\"},{\"@type\":\"BreadcrumbList\",\"@id\":\"https:\/\/www.sortir06.fr\/actualites\/economie\/le-dimanche-23-novembre-le-summeat-fest-2025-se-tiendra-a-nice\/#breadcrumb\",\"itemListElement\":[{\"@type\":\"ListItem\",\"position\":1,\"name\":\"Accueil\",\"item\":\"https:\/\/www.sortir06.fr\/actualites\/\"},{\"@type\":\"ListItem\",\"position\":2,\"name\":\"Le dimanche 23 novembre le SummEat Fest 2025 se tiendra \u00e0 Nice\"}]},{\"@type\":\"WebSite\",\"@id\":\"https:\/\/www.sortir06.fr\/actualites\/#website\",\"url\":\"https:\/\/www.sortir06.fr\/actualites\/\",\"name\":\"Actualit\u00e9s C\u00f4te d\\\"Azur (06)\",\"description\":\"\",\"publisher\":{\"@id\":\"https:\/\/www.sortir06.fr\/actualites\/#organization\"},\"alternateName\":\"Retrouvez toutes les infos presse et news du d\u00e9partement des Alpes Maritimes\",\"potentialAction\":[{\"@type\":\"SearchAction\",\"target\":{\"@type\":\"EntryPoint\",\"urlTemplate\":\"https:\/\/www.sortir06.fr\/actualites\/?s={search_term_string}\"},\"query-input\":\"required name=search_term_string\"}],\"inLanguage\":\"fr-FR\"},{\"@type\":\"Organization\",\"@id\":\"https:\/\/www.sortir06.fr\/actualites\/#organization\",\"name\":\"Sortir 06 Actualit\u00e9s\",\"url\":\"https:\/\/www.sortir06.fr\/actualites\/\",\"logo\":{\"@type\":\"ImageObject\",\"inLanguage\":\"fr-FR\",\"@id\":\"https:\/\/www.sortir06.fr\/actualites\/#\/schema\/logo\/image\/\",\"url\":\"https:\/\/www.sortir06.fr\/actualites\/wp-content\/uploads\/2024\/08\/sortir06actualites-1.webp\",\"contentUrl\":\"https:\/\/www.sortir06.fr\/actualites\/wp-content\/uploads\/2024\/08\/sortir06actualites-1.webp\",\"width\":1200,\"height\":375,\"caption\":\"Sortir 06 Actualit\u00e9s\"},\"image\":{\"@id\":\"https:\/\/www.sortir06.fr\/actualites\/#\/schema\/logo\/image\/\"}},{\"@type\":\"Person\",\"@id\":\"https:\/\/www.sortir06.fr\/actualites\/#\/schema\/person\/d1da1901725ffa2aebaf8209035b2308\",\"name\":\"Melissa Musson\",\"sameAs\":[\"https:\/\/www.sortir06.fr\/actualites\"],\"url\":\"https:\/\/www.sortir06.fr\/actualites\/author\/admins06actu\/\"}]}<\/script>\n<!-- \/ Yoast SEO plugin. -->","yoast_head_json":{"title":"Le dimanche 23 novembre le SummEat Fest 2025 se tiendra \u00e0 Nice","robots":{"index":"index","follow":"follow","max-snippet":"max-snippet:-1","max-image-preview":"max-image-preview:large","max-video-preview":"max-video-preview:-1"},"canonical":"https:\/\/www.sortir06.fr\/actualites\/economie\/le-dimanche-23-novembre-le-summeat-fest-2025-se-tiendra-a-nice\/","og_locale":"fr_FR","og_type":"article","og_title":"Le dimanche 23 novembre le SummEat Fest 2025 se tiendra \u00e0 Nice","og_description":"Virginie Basselot, Philippe Canatella et Fred Ghintran, parmi les intervenants de la 2\u00e8me \u00e9dition. \u00a0 Faire de Nice un lieu [&hellip;]","og_url":"https:\/\/www.sortir06.fr\/actualites\/economie\/le-dimanche-23-novembre-le-summeat-fest-2025-se-tiendra-a-nice\/","og_site_name":"Actualit\u00e9s du 06 \/ Infos Presse","article_published_time":"2025-09-13T19:50:23+00:00","article_modified_time":"2025-09-13T20:00:40+00:00","og_image":[{"width":1200,"height":904,"url":"https:\/\/www.sortir06.fr\/actualites\/wp-content\/uploads\/2025\/09\/masha-hedo-cindy-kawak.webp","type":"image\/webp"}],"author":"Melissa Musson","twitter_card":"summary_large_image","twitter_misc":{"\u00c9crit par":"Melissa Musson","Dur\u00e9e de lecture estim\u00e9e":"7 minutes"},"schema":{"@context":"https:\/\/schema.org","@graph":[{"@type":"Article","@id":"https:\/\/www.sortir06.fr\/actualites\/economie\/le-dimanche-23-novembre-le-summeat-fest-2025-se-tiendra-a-nice\/#article","isPartOf":{"@id":"https:\/\/www.sortir06.fr\/actualites\/economie\/le-dimanche-23-novembre-le-summeat-fest-2025-se-tiendra-a-nice\/"},"author":{"name":"Melissa Musson","@id":"https:\/\/www.sortir06.fr\/actualites\/#\/schema\/person\/d1da1901725ffa2aebaf8209035b2308"},"headline":"Le dimanche 23 novembre le SummEat Fest 2025 se tiendra \u00e0 Nice","datePublished":"2025-09-13T19:50:23+00:00","dateModified":"2025-09-13T20:00:40+00:00","mainEntityOfPage":{"@id":"https:\/\/www.sortir06.fr\/actualites\/economie\/le-dimanche-23-novembre-le-summeat-fest-2025-se-tiendra-a-nice\/"},"wordCount":879,"publisher":{"@id":"https:\/\/www.sortir06.fr\/actualites\/#organization"},"image":{"@id":"https:\/\/www.sortir06.fr\/actualites\/economie\/le-dimanche-23-novembre-le-summeat-fest-2025-se-tiendra-a-nice\/#primaryimage"},"thumbnailUrl":"https:\/\/www.sortir06.fr\/actualites\/wp-content\/uploads\/2025\/09\/masha-hedo-cindy-kawak.webp","keywords":["Nice"],"articleSection":["\u00c9conomie"],"inLanguage":"fr-FR"},{"@type":"WebPage","@id":"https:\/\/www.sortir06.fr\/actualites\/economie\/le-dimanche-23-novembre-le-summeat-fest-2025-se-tiendra-a-nice\/","url":"https:\/\/www.sortir06.fr\/actualites\/economie\/le-dimanche-23-novembre-le-summeat-fest-2025-se-tiendra-a-nice\/","name":"Le dimanche 23 novembre le SummEat Fest 2025 se tiendra \u00e0 Nice","isPartOf":{"@id":"https:\/\/www.sortir06.fr\/actualites\/#website"},"primaryImageOfPage":{"@id":"https:\/\/www.sortir06.fr\/actualites\/economie\/le-dimanche-23-novembre-le-summeat-fest-2025-se-tiendra-a-nice\/#primaryimage"},"image":{"@id":"https:\/\/www.sortir06.fr\/actualites\/economie\/le-dimanche-23-novembre-le-summeat-fest-2025-se-tiendra-a-nice\/#primaryimage"},"thumbnailUrl":"https:\/\/www.sortir06.fr\/actualites\/wp-content\/uploads\/2025\/09\/masha-hedo-cindy-kawak.webp","datePublished":"2025-09-13T19:50:23+00:00","dateModified":"2025-09-13T20:00:40+00:00","breadcrumb":{"@id":"https:\/\/www.sortir06.fr\/actualites\/economie\/le-dimanche-23-novembre-le-summeat-fest-2025-se-tiendra-a-nice\/#breadcrumb"},"inLanguage":"fr-FR","potentialAction":[{"@type":"ReadAction","target":["https:\/\/www.sortir06.fr\/actualites\/economie\/le-dimanche-23-novembre-le-summeat-fest-2025-se-tiendra-a-nice\/"]}]},{"@type":"ImageObject","inLanguage":"fr-FR","@id":"https:\/\/www.sortir06.fr\/actualites\/economie\/le-dimanche-23-novembre-le-summeat-fest-2025-se-tiendra-a-nice\/#primaryimage","url":"https:\/\/www.sortir06.fr\/actualites\/wp-content\/uploads\/2025\/09\/masha-hedo-cindy-kawak.webp","contentUrl":"https:\/\/www.sortir06.fr\/actualites\/wp-content\/uploads\/2025\/09\/masha-hedo-cindy-kawak.webp","width":1200,"height":904,"caption":"Le dimanche 23 novembre le SummEat Fest 2025 se tiendra \u00e0 Nice"},{"@type":"BreadcrumbList","@id":"https:\/\/www.sortir06.fr\/actualites\/economie\/le-dimanche-23-novembre-le-summeat-fest-2025-se-tiendra-a-nice\/#breadcrumb","itemListElement":[{"@type":"ListItem","position":1,"name":"Accueil","item":"https:\/\/www.sortir06.fr\/actualites\/"},{"@type":"ListItem","position":2,"name":"Le dimanche 23 novembre le SummEat Fest 2025 se tiendra \u00e0 Nice"}]},{"@type":"WebSite","@id":"https:\/\/www.sortir06.fr\/actualites\/#website","url":"https:\/\/www.sortir06.fr\/actualites\/","name":"Actualit\u00e9s C\u00f4te d\"Azur (06)","description":"","publisher":{"@id":"https:\/\/www.sortir06.fr\/actualites\/#organization"},"alternateName":"Retrouvez toutes les infos presse et news du d\u00e9partement des Alpes Maritimes","potentialAction":[{"@type":"SearchAction","target":{"@type":"EntryPoint","urlTemplate":"https:\/\/www.sortir06.fr\/actualites\/?s={search_term_string}"},"query-input":"required name=search_term_string"}],"inLanguage":"fr-FR"},{"@type":"Organization","@id":"https:\/\/www.sortir06.fr\/actualites\/#organization","name":"Sortir 06 Actualit\u00e9s","url":"https:\/\/www.sortir06.fr\/actualites\/","logo":{"@type":"ImageObject","inLanguage":"fr-FR","@id":"https:\/\/www.sortir06.fr\/actualites\/#\/schema\/logo\/image\/","url":"https:\/\/www.sortir06.fr\/actualites\/wp-content\/uploads\/2024\/08\/sortir06actualites-1.webp","contentUrl":"https:\/\/www.sortir06.fr\/actualites\/wp-content\/uploads\/2024\/08\/sortir06actualites-1.webp","width":1200,"height":375,"caption":"Sortir 06 Actualit\u00e9s"},"image":{"@id":"https:\/\/www.sortir06.fr\/actualites\/#\/schema\/logo\/image\/"}},{"@type":"Person","@id":"https:\/\/www.sortir06.fr\/actualites\/#\/schema\/person\/d1da1901725ffa2aebaf8209035b2308","name":"Melissa Musson","sameAs":["https:\/\/www.sortir06.fr\/actualites"],"url":"https:\/\/www.sortir06.fr\/actualites\/author\/admins06actu\/"}]}},"_links":{"self":[{"href":"https:\/\/www.sortir06.fr\/actualites\/wp-json\/wp\/v2\/posts\/1783","targetHints":{"allow":["GET"]}}],"collection":[{"href":"https:\/\/www.sortir06.fr\/actualites\/wp-json\/wp\/v2\/posts"}],"about":[{"href":"https:\/\/www.sortir06.fr\/actualites\/wp-json\/wp\/v2\/types\/post"}],"author":[{"embeddable":true,"href":"https:\/\/www.sortir06.fr\/actualites\/wp-json\/wp\/v2\/users\/1"}],"replies":[{"embeddable":true,"href":"https:\/\/www.sortir06.fr\/actualites\/wp-json\/wp\/v2\/comments?post=1783"}],"version-history":[{"count":13,"href":"https:\/\/www.sortir06.fr\/actualites\/wp-json\/wp\/v2\/posts\/1783\/revisions"}],"predecessor-version":[{"id":1805,"href":"https:\/\/www.sortir06.fr\/actualites\/wp-json\/wp\/v2\/posts\/1783\/revisions\/1805"}],"wp:featuredmedia":[{"embeddable":true,"href":"https:\/\/www.sortir06.fr\/actualites\/wp-json\/wp\/v2\/media\/1792"}],"wp:attachment":[{"href":"https:\/\/www.sortir06.fr\/actualites\/wp-json\/wp\/v2\/media?parent=1783"}],"wp:term":[{"taxonomy":"category","embeddable":true,"href":"https:\/\/www.sortir06.fr\/actualites\/wp-json\/wp\/v2\/categories?post=1783"},{"taxonomy":"post_tag","embeddable":true,"href":"https:\/\/www.sortir06.fr\/actualites\/wp-json\/wp\/v2\/tags?post=1783"}],"curies":[{"name":"wp","href":"https:\/\/api.w.org\/{rel}","templated":true}]}}