{"id":2274,"date":"2025-12-29T08:10:32","date_gmt":"2025-12-29T07:10:32","guid":{"rendered":"https:\/\/www.sortir06.fr\/actualites\/?p=2274"},"modified":"2025-12-29T08:16:12","modified_gmt":"2025-12-29T07:16:12","slug":"nice-villegiature-dhiver-un-voyage-visuel-au-coeur-de-lhistoire-intemporelle-de-la-cote-dazur","status":"publish","type":"post","link":"https:\/\/www.sortir06.fr\/actualites\/arts-culture\/nice-villegiature-dhiver-un-voyage-visuel-au-coeur-de-lhistoire-intemporelle-de-la-cote-dazur\/","title":{"rendered":"Nice Vill\u00e9giature d\u2019Hiver, un voyage visuel au c\u0153ur de l\u2019histoire intemporelle de la C\u00f4te d\u2019Azur"},"content":{"rendered":"\t\t<div data-elementor-type=\"wp-post\" data-elementor-id=\"2274\" class=\"elementor elementor-2274\" data-elementor-post-type=\"post\">\n\t\t\t\t<div class=\"elementor-element elementor-element-1df497b e-flex e-con-boxed e-con e-parent\" data-id=\"1df497b\" data-element_type=\"container\">\n\t\t\t\t\t<div class=\"e-con-inner\">\n\t\t\t\t<div class=\"elementor-element elementor-element-0e4567e elementor-widget elementor-widget-text-editor\" data-id=\"0e4567e\" data-element_type=\"widget\" data-widget_type=\"text-editor.default\">\n\t\t\t\t<div class=\"elementor-widget-container\">\n\t\t\t<style>\/*! elementor - v3.23.0 - 05-08-2024 *\/\n.elementor-widget-text-editor.elementor-drop-cap-view-stacked .elementor-drop-cap{background-color:#69727d;color:#fff}.elementor-widget-text-editor.elementor-drop-cap-view-framed .elementor-drop-cap{color:#69727d;border:3px solid;background-color:transparent}.elementor-widget-text-editor:not(.elementor-drop-cap-view-default) .elementor-drop-cap{margin-top:8px}.elementor-widget-text-editor:not(.elementor-drop-cap-view-default) .elementor-drop-cap-letter{width:1em;height:1em}.elementor-widget-text-editor .elementor-drop-cap{float:left;text-align:center;line-height:1;font-size:50px}.elementor-widget-text-editor .elementor-drop-cap-letter{display:inline-block}<\/style>\t\t\t\t<p>Paru le 20 novembre 2025, Nice Vill\u00e9giature d\u2019Hiver s\u2019impose comme l\u2019un des beaux livres les plus attendus de la fin d\u2019ann\u00e9e. Fruit d\u2019une collaboration entre l\u2019Office de Tourisme Nice C\u00f4te d\u2019Azur, la Mission Nice Patrimoine Mondial et les \u00c9ditions Gilletta, cet ouvrage photographique r\u00e9v\u00e8le une facette m\u00e9connue de la cit\u00e9 azur\u00e9enne : celle d\u2019une destination hivernale de prestige qui fit sa renomm\u00e9e bien avant l\u2019\u00e8re du tourisme estival.<\/p><p>\u00a0<\/p><p>\u00c0 travers 112 pages de clich\u00e9s sign\u00e9s Olivier Huitel, photographe \u00e9tabli \u00e0 Nice, et des textes inspir\u00e9s de la riche histoire patrimoniale de la ville, le livre explore la douceur du climat, l\u2019\u00e9l\u00e9gance urbaine et les paysages d\u2019exception qui attir\u00e8rent, d\u00e8s le XIX\u1d49 si\u00e8cle, une client\u00e8le cosmopolite venue des quatre coins du monde. Des fastes de la Belle \u00c9poque aux lignes raffin\u00e9es de l\u2019Art d\u00e9co, ces images et r\u00e9cits invitent \u00e0 red\u00e9couvrir Nice, r\u00e9cemment inscrite au patrimoine mondial de l\u2019UNESCO comme ville de vill\u00e9giature d\u2019hiver de Riviera.<\/p><p>\u00a0<\/p><p>Disponible en librairie et en ligne au prix de 35 \u20ac, Nice Vill\u00e9giature d\u2019Hiver est autant un objet d\u2019art qu\u2019un document culturel essentiel pour tous ceux qui souhaitent comprendre l\u2019\u00e2me profonde de la capitale azur\u00e9enne.<\/p>\t\t\t\t\t\t<\/div>\n\t\t\t\t<\/div>\n\t\t\t\t\t<\/div>\n\t\t\t\t<\/div>\n\t\t<div class=\"elementor-element elementor-element-569daba e-flex e-con-boxed e-con e-parent\" data-id=\"569daba\" data-element_type=\"container\">\n\t\t\t\t\t<div class=\"e-con-inner\">\n\t\t\t\t<div class=\"elementor-element elementor-element-3a3a307 elementor-widget elementor-widget-heading\" data-id=\"3a3a307\" data-element_type=\"widget\" data-widget_type=\"heading.default\">\n\t\t\t\t<div class=\"elementor-widget-container\">\n\t\t\t<style>\/*! elementor - v3.23.0 - 05-08-2024 *\/\n.elementor-heading-title{padding:0;margin:0;line-height:1}.elementor-widget-heading .elementor-heading-title[class*=elementor-size-]>a{color:inherit;font-size:inherit;line-height:inherit}.elementor-widget-heading .elementor-heading-title.elementor-size-small{font-size:15px}.elementor-widget-heading .elementor-heading-title.elementor-size-medium{font-size:19px}.elementor-widget-heading .elementor-heading-title.elementor-size-large{font-size:29px}.elementor-widget-heading .elementor-heading-title.elementor-size-xl{font-size:39px}.elementor-widget-heading .elementor-heading-title.elementor-size-xxl{font-size:59px}<\/style><h2 class=\"elementor-heading-title elementor-size-default\">Le livre Nice Vill\u00e9giature d\u2019Hiver<\/h2>\t\t<\/div>\n\t\t\t\t<\/div>\n\t\t\t\t\t<\/div>\n\t\t\t\t<\/div>\n\t\t<div class=\"elementor-element elementor-element-c5c576c e-flex e-con-boxed e-con e-parent\" data-id=\"c5c576c\" data-element_type=\"container\">\n\t\t\t\t\t<div class=\"e-con-inner\">\n\t\t\t\t<div class=\"elementor-element elementor-element-3075b45 elementor-widget elementor-widget-text-editor\" data-id=\"3075b45\" data-element_type=\"widget\" data-widget_type=\"text-editor.default\">\n\t\t\t\t<div class=\"elementor-widget-container\">\n\t\t\t\t\t\t\t<p>Si Nice rayonne aujourd\u2019hui l\u2019\u00e9t\u00e9, c\u2019est pourtant l\u2019hiver qui fit sa renomm\u00e9e au xixe si\u00e8cle. \u00c9l\u00e9gance urbaine, paysages naturels d\u2019exception et douceur d\u2019un climat l\u00e9gendaire attir\u00e8rent une client\u00e8le cosmopolite venue des quatre coins du monde. Des fastes de la Belle \u00c9poque aux lignes stylis\u00e9es de l\u2019Art d\u00e9co, palais, villas et jardins exub\u00e9rants composent un ensemble exceptionnel, inscrit en 2021 au patrimoine mondial de l\u2019Unesco comme \u00ab ville de vill\u00e9giature d\u2019hiver de Riviera \u00bb. Fruit d\u2019une collaboration entre<br \/>l\u2019Office de Tourisme, la Mission Nice Patrimoine Mondial et les \u00c9ditions Gilletta, cet ouvrage d\u00e9voile la splendeur et la diversit\u00e9 d\u2019une cit\u00e9 unique, dans un voyage visuel et sensible.<\/p>\t\t\t\t\t\t<\/div>\n\t\t\t\t<\/div>\n\t\t\t\t\t<\/div>\n\t\t\t\t<\/div>\n\t\t<div class=\"elementor-element elementor-element-75c0c94 e-flex e-con-boxed e-con e-parent\" data-id=\"75c0c94\" data-element_type=\"container\">\n\t\t\t\t\t<div class=\"e-con-inner\">\n\t\t\t\t<div class=\"elementor-element elementor-element-1ef3903 elementor-widget elementor-widget-heading\" data-id=\"1ef3903\" data-element_type=\"widget\" data-widget_type=\"heading.default\">\n\t\t\t\t<div class=\"elementor-widget-container\">\n\t\t\t<h2 class=\"elementor-heading-title elementor-size-default\">Le photographe Olivier Huitel<\/h2>\t\t<\/div>\n\t\t\t\t<\/div>\n\t\t\t\t<div class=\"elementor-element elementor-element-8d8114d elementor-widget elementor-widget-text-editor\" data-id=\"8d8114d\" data-element_type=\"widget\" data-widget_type=\"text-editor.default\">\n\t\t\t\t<div class=\"elementor-widget-container\">\n\t\t\t\t\t\t\t<p>Photographe originaire de Calvi et install\u00e9 \u00e0 Nice, Olivier Huitel couvre, depuis plus de dix ans, les grands \u00e9v\u00e9nements de toute la C\u00f4te d\u2019Azur, comme ceux \u00e0 l\u2019international. En parall\u00e8le \u00e0 ses expositions, il signe \u00ab La French Riviera Gourmande \u00bb, un guide illustr\u00e9 qui met \u00e0 l\u2019honneur artisans et producteurs du territoire.<\/p>\t\t\t\t\t\t<\/div>\n\t\t\t\t<\/div>\n\t\t\t\t\t<\/div>\n\t\t\t\t<\/div>\n\t\t<div class=\"elementor-element elementor-element-0a8a57c e-flex e-con-boxed e-con e-parent\" data-id=\"0a8a57c\" data-element_type=\"container\">\n\t\t\t\t\t<div class=\"e-con-inner\">\n\t\t\t\t<div class=\"elementor-element elementor-element-e719f17 elementor-widget elementor-widget-text-editor\" data-id=\"e719f17\" data-element_type=\"widget\" data-widget_type=\"text-editor.default\">\n\t\t\t\t<div class=\"elementor-widget-container\">\n\t\t\t\t\t\t\t<p><a href=\"https:\/\/www.editionsgilletta.com\/produit\/nice-villegiature-dhiver\/\" target=\"_blank\" rel=\"noopener\">https:\/\/www.editionsgilletta.com\/produit\/nice-villegiature-dhiver\/<\/a><\/p>\t\t\t\t\t\t<\/div>\n\t\t\t\t<\/div>\n\t\t\t\t\t<\/div>\n\t\t\t\t<\/div>\n\t\t\t\t<\/div>\n\t\t\n\n<div class=\"kk-star-ratings kksr-auto kksr-align-center kksr-valign-bottom\"\n    data-payload='{&quot;align&quot;:&quot;center&quot;,&quot;id&quot;:&quot;2274&quot;,&quot;slug&quot;:&quot;default&quot;,&quot;valign&quot;:&quot;bottom&quot;,&quot;ignore&quot;:&quot;&quot;,&quot;reference&quot;:&quot;auto&quot;,&quot;class&quot;:&quot;&quot;,&quot;count&quot;:&quot;1&quot;,&quot;legendonly&quot;:&quot;&quot;,&quot;readonly&quot;:&quot;&quot;,&quot;score&quot;:&quot;5&quot;,&quot;starsonly&quot;:&quot;&quot;,&quot;best&quot;:&quot;5&quot;,&quot;gap&quot;:&quot;5&quot;,&quot;greet&quot;:&quot;Vous aimez ?&quot;,&quot;legend&quot;:&quot;5\\\/5 - (1 vote)&quot;,&quot;size&quot;:&quot;24&quot;,&quot;title&quot;:&quot;Nice Vill\u00e9giature d\u2019Hiver, un voyage visuel au c\u0153ur de l\u2019histoire intemporelle de la C\u00f4te d\u2019Azur&quot;,&quot;width&quot;:&quot;142.5&quot;,&quot;_legend&quot;:&quot;{score}\\\/{best} - ({count} {votes})&quot;,&quot;font_factor&quot;:&quot;1.25&quot;}'>\n            \n<div class=\"kksr-stars\">\n    \n<div class=\"kksr-stars-inactive\">\n            <div class=\"kksr-star\" data-star=\"1\" style=\"padding-right: 5px\">\n            \n\n<div class=\"kksr-icon\" style=\"width: 24px; height: 24px;\"><\/div>\n        <\/div>\n            <div class=\"kksr-star\" data-star=\"2\" style=\"padding-right: 5px\">\n            \n\n<div class=\"kksr-icon\" style=\"width: 24px; height: 24px;\"><\/div>\n        <\/div>\n            <div class=\"kksr-star\" data-star=\"3\" style=\"padding-right: 5px\">\n            \n\n<div class=\"kksr-icon\" style=\"width: 24px; height: 24px;\"><\/div>\n        <\/div>\n            <div class=\"kksr-star\" data-star=\"4\" style=\"padding-right: 5px\">\n            \n\n<div class=\"kksr-icon\" style=\"width: 24px; height: 24px;\"><\/div>\n        <\/div>\n            <div class=\"kksr-star\" data-star=\"5\" style=\"padding-right: 5px\">\n            \n\n<div class=\"kksr-icon\" style=\"width: 24px; height: 24px;\"><\/div>\n        <\/div>\n    <\/div>\n    \n<div class=\"kksr-stars-active\" style=\"width: 142.5px;\">\n            <div class=\"kksr-star\" style=\"padding-right: 5px\">\n            \n\n<div class=\"kksr-icon\" style=\"width: 24px; height: 24px;\"><\/div>\n        <\/div>\n            <div class=\"kksr-star\" style=\"padding-right: 5px\">\n            \n\n<div class=\"kksr-icon\" style=\"width: 24px; height: 24px;\"><\/div>\n        <\/div>\n            <div class=\"kksr-star\" style=\"padding-right: 5px\">\n            \n\n<div class=\"kksr-icon\" style=\"width: 24px; height: 24px;\"><\/div>\n        <\/div>\n            <div class=\"kksr-star\" style=\"padding-right: 5px\">\n            \n\n<div class=\"kksr-icon\" style=\"width: 24px; height: 24px;\"><\/div>\n        <\/div>\n            <div class=\"kksr-star\" style=\"padding-right: 5px\">\n            \n\n<div class=\"kksr-icon\" style=\"width: 24px; height: 24px;\"><\/div>\n        <\/div>\n    <\/div>\n<\/div>\n                \n\n<div class=\"kksr-legend\" style=\"font-size: 19.2px;\">\n            5\/5 - (1 vote)    <\/div>\n    <\/div>\n","protected":false},"excerpt":{"rendered":"<p>Paru le 20 novembre 2025, Nice Vill\u00e9giature d\u2019Hiver s\u2019impose comme l\u2019un des beaux livres les plus attendus de la fin [&hellip;]<\/p>\n","protected":false},"author":1,"featured_media":2275,"comment_status":"closed","ping_status":"closed","sticky":false,"template":"","format":"standard","meta":{"site-sidebar-layout":"default","site-content-layout":"","ast-site-content-layout":"","site-content-style":"default","site-sidebar-style":"default","ast-global-header-display":"","ast-banner-title-visibility":"","ast-main-header-display":"","ast-hfb-above-header-display":"","ast-hfb-below-header-display":"","ast-hfb-mobile-header-display":"","site-post-title":"","ast-breadcrumbs-content":"","ast-featured-img":"","footer-sml-layout":"","theme-transparent-header-meta":"","adv-header-id-meta":"","stick-header-meta":"","header-above-stick-meta":"","header-main-stick-meta":"","header-below-stick-meta":"","astra-migrate-meta-layouts":"default","ast-page-background-enabled":"default","ast-page-background-meta":{"desktop":{"background-color":"var(--ast-global-color-4)","background-image":"","background-repeat":"repeat","background-position":"center center","background-size":"auto","background-attachment":"scroll","background-type":"","background-media":"","overlay-type":"","overlay-color":"","overlay-opacity":"","overlay-gradient":""},"tablet":{"background-color":"","background-image":"","background-repeat":"repeat","background-position":"center center","background-size":"auto","background-attachment":"scroll","background-type":"","background-media":"","overlay-type":"","overlay-color":"","overlay-opacity":"","overlay-gradient":""},"mobile":{"background-color":"","background-image":"","background-repeat":"repeat","background-position":"center center","background-size":"auto","background-attachment":"scroll","background-type":"","background-media":"","overlay-type":"","overlay-color":"","overlay-opacity":"","overlay-gradient":""}},"ast-content-background-meta":{"desktop":{"background-color":"var(--ast-global-color-5)","background-image":"","background-repeat":"repeat","background-position":"center center","background-size":"auto","background-attachment":"scroll","background-type":"","background-media":"","overlay-type":"","overlay-color":"","overlay-opacity":"","overlay-gradient":""},"tablet":{"background-color":"var(--ast-global-color-5)","background-image":"","background-repeat":"repeat","background-position":"center center","background-size":"auto","background-attachment":"scroll","background-type":"","background-media":"","overlay-type":"","overlay-color":"","overlay-opacity":"","overlay-gradient":""},"mobile":{"background-color":"var(--ast-global-color-5)","background-image":"","background-repeat":"repeat","background-position":"center center","background-size":"auto","background-attachment":"scroll","background-type":"","background-media":"","overlay-type":"","overlay-color":"","overlay-opacity":"","overlay-gradient":""}},"footnotes":""},"categories":[171],"tags":[101],"class_list":["post-2274","post","type-post","status-publish","format-standard","has-post-thumbnail","hentry","category-arts-culture","tag-nice"],"yoast_head":"<!-- This site is optimized with the Yoast SEO plugin v23.2 - https:\/\/yoast.com\/wordpress\/plugins\/seo\/ -->\n<title>Nice Vill\u00e9giature d\u2019Hiver, un voyage visuel au c\u0153ur de l\u2019histoire intemporelle de la C\u00f4te d\u2019Azur<\/title>\n<meta name=\"robots\" content=\"index, follow, max-snippet:-1, max-image-preview:large, max-video-preview:-1\" \/>\n<link rel=\"canonical\" href=\"https:\/\/www.sortir06.fr\/actualites\/arts-culture\/nice-villegiature-dhiver-un-voyage-visuel-au-coeur-de-lhistoire-intemporelle-de-la-cote-dazur\/\" \/>\n<meta property=\"og:locale\" content=\"fr_FR\" \/>\n<meta property=\"og:type\" content=\"article\" \/>\n<meta property=\"og:title\" content=\"Nice Vill\u00e9giature d\u2019Hiver, un voyage visuel au c\u0153ur de l\u2019histoire intemporelle de la C\u00f4te d\u2019Azur\" \/>\n<meta property=\"og:description\" content=\"Paru le 20 novembre 2025, Nice Vill\u00e9giature d\u2019Hiver s\u2019impose comme l\u2019un des beaux livres les plus attendus de la fin [&hellip;]\" \/>\n<meta property=\"og:url\" content=\"https:\/\/www.sortir06.fr\/actualites\/arts-culture\/nice-villegiature-dhiver-un-voyage-visuel-au-coeur-de-lhistoire-intemporelle-de-la-cote-dazur\/\" \/>\n<meta property=\"og:site_name\" content=\"Actualit\u00e9s du 06 \/ Infos Presse\" \/>\n<meta property=\"article:published_time\" content=\"2025-12-29T07:10:32+00:00\" \/>\n<meta property=\"article:modified_time\" content=\"2025-12-29T07:16:12+00:00\" \/>\n<meta property=\"og:image\" content=\"https:\/\/www.sortir06.fr\/actualites\/wp-content\/uploads\/2025\/12\/nice-villegiature-hiver.webp\" \/>\n\t<meta property=\"og:image:width\" content=\"1200\" \/>\n\t<meta property=\"og:image:height\" content=\"904\" \/>\n\t<meta property=\"og:image:type\" content=\"image\/webp\" \/>\n<meta name=\"author\" content=\"Melissa Musson\" \/>\n<meta name=\"twitter:card\" content=\"summary_large_image\" \/>\n<meta name=\"twitter:label1\" content=\"\u00c9crit par\" \/>\n\t<meta name=\"twitter:data1\" content=\"Melissa Musson\" \/>\n\t<meta name=\"twitter:label2\" content=\"Dur\u00e9e de lecture estim\u00e9e\" \/>\n\t<meta name=\"twitter:data2\" content=\"2 minutes\" \/>\n<script type=\"application\/ld+json\" class=\"yoast-schema-graph\">{\"@context\":\"https:\/\/schema.org\",\"@graph\":[{\"@type\":\"Article\",\"@id\":\"https:\/\/www.sortir06.fr\/actualites\/arts-culture\/nice-villegiature-dhiver-un-voyage-visuel-au-coeur-de-lhistoire-intemporelle-de-la-cote-dazur\/#article\",\"isPartOf\":{\"@id\":\"https:\/\/www.sortir06.fr\/actualites\/arts-culture\/nice-villegiature-dhiver-un-voyage-visuel-au-coeur-de-lhistoire-intemporelle-de-la-cote-dazur\/\"},\"author\":{\"name\":\"Melissa Musson\",\"@id\":\"https:\/\/www.sortir06.fr\/actualites\/#\/schema\/person\/d1da1901725ffa2aebaf8209035b2308\"},\"headline\":\"Nice Vill\u00e9giature d\u2019Hiver, un voyage visuel au c\u0153ur de l\u2019histoire intemporelle de la C\u00f4te d\u2019Azur\",\"datePublished\":\"2025-12-29T07:10:32+00:00\",\"dateModified\":\"2025-12-29T07:16:12+00:00\",\"mainEntityOfPage\":{\"@id\":\"https:\/\/www.sortir06.fr\/actualites\/arts-culture\/nice-villegiature-dhiver-un-voyage-visuel-au-coeur-de-lhistoire-intemporelle-de-la-cote-dazur\/\"},\"wordCount\":439,\"publisher\":{\"@id\":\"https:\/\/www.sortir06.fr\/actualites\/#organization\"},\"image\":{\"@id\":\"https:\/\/www.sortir06.fr\/actualites\/arts-culture\/nice-villegiature-dhiver-un-voyage-visuel-au-coeur-de-lhistoire-intemporelle-de-la-cote-dazur\/#primaryimage\"},\"thumbnailUrl\":\"https:\/\/www.sortir06.fr\/actualites\/wp-content\/uploads\/2025\/12\/nice-villegiature-hiver.webp\",\"keywords\":[\"Nice\"],\"articleSection\":[\"Arts &amp; Culture\"],\"inLanguage\":\"fr-FR\"},{\"@type\":\"WebPage\",\"@id\":\"https:\/\/www.sortir06.fr\/actualites\/arts-culture\/nice-villegiature-dhiver-un-voyage-visuel-au-coeur-de-lhistoire-intemporelle-de-la-cote-dazur\/\",\"url\":\"https:\/\/www.sortir06.fr\/actualites\/arts-culture\/nice-villegiature-dhiver-un-voyage-visuel-au-coeur-de-lhistoire-intemporelle-de-la-cote-dazur\/\",\"name\":\"Nice Vill\u00e9giature d\u2019Hiver, un voyage visuel au c\u0153ur de l\u2019histoire intemporelle de la C\u00f4te d\u2019Azur\",\"isPartOf\":{\"@id\":\"https:\/\/www.sortir06.fr\/actualites\/#website\"},\"primaryImageOfPage\":{\"@id\":\"https:\/\/www.sortir06.fr\/actualites\/arts-culture\/nice-villegiature-dhiver-un-voyage-visuel-au-coeur-de-lhistoire-intemporelle-de-la-cote-dazur\/#primaryimage\"},\"image\":{\"@id\":\"https:\/\/www.sortir06.fr\/actualites\/arts-culture\/nice-villegiature-dhiver-un-voyage-visuel-au-coeur-de-lhistoire-intemporelle-de-la-cote-dazur\/#primaryimage\"},\"thumbnailUrl\":\"https:\/\/www.sortir06.fr\/actualites\/wp-content\/uploads\/2025\/12\/nice-villegiature-hiver.webp\",\"datePublished\":\"2025-12-29T07:10:32+00:00\",\"dateModified\":\"2025-12-29T07:16:12+00:00\",\"breadcrumb\":{\"@id\":\"https:\/\/www.sortir06.fr\/actualites\/arts-culture\/nice-villegiature-dhiver-un-voyage-visuel-au-coeur-de-lhistoire-intemporelle-de-la-cote-dazur\/#breadcrumb\"},\"inLanguage\":\"fr-FR\",\"potentialAction\":[{\"@type\":\"ReadAction\",\"target\":[\"https:\/\/www.sortir06.fr\/actualites\/arts-culture\/nice-villegiature-dhiver-un-voyage-visuel-au-coeur-de-lhistoire-intemporelle-de-la-cote-dazur\/\"]}]},{\"@type\":\"ImageObject\",\"inLanguage\":\"fr-FR\",\"@id\":\"https:\/\/www.sortir06.fr\/actualites\/arts-culture\/nice-villegiature-dhiver-un-voyage-visuel-au-coeur-de-lhistoire-intemporelle-de-la-cote-dazur\/#primaryimage\",\"url\":\"https:\/\/www.sortir06.fr\/actualites\/wp-content\/uploads\/2025\/12\/nice-villegiature-hiver.webp\",\"contentUrl\":\"https:\/\/www.sortir06.fr\/actualites\/wp-content\/uploads\/2025\/12\/nice-villegiature-hiver.webp\",\"width\":1200,\"height\":904,\"caption\":\"Nice Vill\u00e9giature d\u2019Hiver, un voyage visuel au c\u0153ur de l\u2019histoire intemporelle de la C\u00f4te d\u2019Azur\"},{\"@type\":\"BreadcrumbList\",\"@id\":\"https:\/\/www.sortir06.fr\/actualites\/arts-culture\/nice-villegiature-dhiver-un-voyage-visuel-au-coeur-de-lhistoire-intemporelle-de-la-cote-dazur\/#breadcrumb\",\"itemListElement\":[{\"@type\":\"ListItem\",\"position\":1,\"name\":\"Accueil\",\"item\":\"https:\/\/www.sortir06.fr\/actualites\/\"},{\"@type\":\"ListItem\",\"position\":2,\"name\":\"Nice Vill\u00e9giature d\u2019Hiver, un voyage visuel au c\u0153ur de l\u2019histoire intemporelle de la C\u00f4te d\u2019Azur\"}]},{\"@type\":\"WebSite\",\"@id\":\"https:\/\/www.sortir06.fr\/actualites\/#website\",\"url\":\"https:\/\/www.sortir06.fr\/actualites\/\",\"name\":\"Actualit\u00e9s C\u00f4te d\\\"Azur (06)\",\"description\":\"\",\"publisher\":{\"@id\":\"https:\/\/www.sortir06.fr\/actualites\/#organization\"},\"alternateName\":\"Retrouvez toutes les infos presse et news du d\u00e9partement des Alpes Maritimes\",\"potentialAction\":[{\"@type\":\"SearchAction\",\"target\":{\"@type\":\"EntryPoint\",\"urlTemplate\":\"https:\/\/www.sortir06.fr\/actualites\/?s={search_term_string}\"},\"query-input\":\"required name=search_term_string\"}],\"inLanguage\":\"fr-FR\"},{\"@type\":\"Organization\",\"@id\":\"https:\/\/www.sortir06.fr\/actualites\/#organization\",\"name\":\"Sortir 06 Actualit\u00e9s\",\"url\":\"https:\/\/www.sortir06.fr\/actualites\/\",\"logo\":{\"@type\":\"ImageObject\",\"inLanguage\":\"fr-FR\",\"@id\":\"https:\/\/www.sortir06.fr\/actualites\/#\/schema\/logo\/image\/\",\"url\":\"https:\/\/www.sortir06.fr\/actualites\/wp-content\/uploads\/2024\/08\/sortir06actualites-1.webp\",\"contentUrl\":\"https:\/\/www.sortir06.fr\/actualites\/wp-content\/uploads\/2024\/08\/sortir06actualites-1.webp\",\"width\":1200,\"height\":375,\"caption\":\"Sortir 06 Actualit\u00e9s\"},\"image\":{\"@id\":\"https:\/\/www.sortir06.fr\/actualites\/#\/schema\/logo\/image\/\"}},{\"@type\":\"Person\",\"@id\":\"https:\/\/www.sortir06.fr\/actualites\/#\/schema\/person\/d1da1901725ffa2aebaf8209035b2308\",\"name\":\"Melissa Musson\",\"sameAs\":[\"https:\/\/www.sortir06.fr\/actualites\"],\"url\":\"https:\/\/www.sortir06.fr\/actualites\/author\/admins06actu\/\"}]}<\/script>\n<!-- \/ Yoast SEO plugin. -->","yoast_head_json":{"title":"Nice Vill\u00e9giature d\u2019Hiver, un voyage visuel au c\u0153ur de l\u2019histoire intemporelle de la C\u00f4te d\u2019Azur","robots":{"index":"index","follow":"follow","max-snippet":"max-snippet:-1","max-image-preview":"max-image-preview:large","max-video-preview":"max-video-preview:-1"},"canonical":"https:\/\/www.sortir06.fr\/actualites\/arts-culture\/nice-villegiature-dhiver-un-voyage-visuel-au-coeur-de-lhistoire-intemporelle-de-la-cote-dazur\/","og_locale":"fr_FR","og_type":"article","og_title":"Nice Vill\u00e9giature d\u2019Hiver, un voyage visuel au c\u0153ur de l\u2019histoire intemporelle de la C\u00f4te d\u2019Azur","og_description":"Paru le 20 novembre 2025, Nice Vill\u00e9giature d\u2019Hiver s\u2019impose comme l\u2019un des beaux livres les plus attendus de la fin [&hellip;]","og_url":"https:\/\/www.sortir06.fr\/actualites\/arts-culture\/nice-villegiature-dhiver-un-voyage-visuel-au-coeur-de-lhistoire-intemporelle-de-la-cote-dazur\/","og_site_name":"Actualit\u00e9s du 06 \/ Infos Presse","article_published_time":"2025-12-29T07:10:32+00:00","article_modified_time":"2025-12-29T07:16:12+00:00","og_image":[{"width":1200,"height":904,"url":"https:\/\/www.sortir06.fr\/actualites\/wp-content\/uploads\/2025\/12\/nice-villegiature-hiver.webp","type":"image\/webp"}],"author":"Melissa Musson","twitter_card":"summary_large_image","twitter_misc":{"\u00c9crit par":"Melissa Musson","Dur\u00e9e de lecture estim\u00e9e":"2 minutes"},"schema":{"@context":"https:\/\/schema.org","@graph":[{"@type":"Article","@id":"https:\/\/www.sortir06.fr\/actualites\/arts-culture\/nice-villegiature-dhiver-un-voyage-visuel-au-coeur-de-lhistoire-intemporelle-de-la-cote-dazur\/#article","isPartOf":{"@id":"https:\/\/www.sortir06.fr\/actualites\/arts-culture\/nice-villegiature-dhiver-un-voyage-visuel-au-coeur-de-lhistoire-intemporelle-de-la-cote-dazur\/"},"author":{"name":"Melissa Musson","@id":"https:\/\/www.sortir06.fr\/actualites\/#\/schema\/person\/d1da1901725ffa2aebaf8209035b2308"},"headline":"Nice Vill\u00e9giature d\u2019Hiver, un voyage visuel au c\u0153ur de l\u2019histoire intemporelle de la C\u00f4te d\u2019Azur","datePublished":"2025-12-29T07:10:32+00:00","dateModified":"2025-12-29T07:16:12+00:00","mainEntityOfPage":{"@id":"https:\/\/www.sortir06.fr\/actualites\/arts-culture\/nice-villegiature-dhiver-un-voyage-visuel-au-coeur-de-lhistoire-intemporelle-de-la-cote-dazur\/"},"wordCount":439,"publisher":{"@id":"https:\/\/www.sortir06.fr\/actualites\/#organization"},"image":{"@id":"https:\/\/www.sortir06.fr\/actualites\/arts-culture\/nice-villegiature-dhiver-un-voyage-visuel-au-coeur-de-lhistoire-intemporelle-de-la-cote-dazur\/#primaryimage"},"thumbnailUrl":"https:\/\/www.sortir06.fr\/actualites\/wp-content\/uploads\/2025\/12\/nice-villegiature-hiver.webp","keywords":["Nice"],"articleSection":["Arts &amp; Culture"],"inLanguage":"fr-FR"},{"@type":"WebPage","@id":"https:\/\/www.sortir06.fr\/actualites\/arts-culture\/nice-villegiature-dhiver-un-voyage-visuel-au-coeur-de-lhistoire-intemporelle-de-la-cote-dazur\/","url":"https:\/\/www.sortir06.fr\/actualites\/arts-culture\/nice-villegiature-dhiver-un-voyage-visuel-au-coeur-de-lhistoire-intemporelle-de-la-cote-dazur\/","name":"Nice Vill\u00e9giature d\u2019Hiver, un voyage visuel au c\u0153ur de l\u2019histoire intemporelle de la C\u00f4te d\u2019Azur","isPartOf":{"@id":"https:\/\/www.sortir06.fr\/actualites\/#website"},"primaryImageOfPage":{"@id":"https:\/\/www.sortir06.fr\/actualites\/arts-culture\/nice-villegiature-dhiver-un-voyage-visuel-au-coeur-de-lhistoire-intemporelle-de-la-cote-dazur\/#primaryimage"},"image":{"@id":"https:\/\/www.sortir06.fr\/actualites\/arts-culture\/nice-villegiature-dhiver-un-voyage-visuel-au-coeur-de-lhistoire-intemporelle-de-la-cote-dazur\/#primaryimage"},"thumbnailUrl":"https:\/\/www.sortir06.fr\/actualites\/wp-content\/uploads\/2025\/12\/nice-villegiature-hiver.webp","datePublished":"2025-12-29T07:10:32+00:00","dateModified":"2025-12-29T07:16:12+00:00","breadcrumb":{"@id":"https:\/\/www.sortir06.fr\/actualites\/arts-culture\/nice-villegiature-dhiver-un-voyage-visuel-au-coeur-de-lhistoire-intemporelle-de-la-cote-dazur\/#breadcrumb"},"inLanguage":"fr-FR","potentialAction":[{"@type":"ReadAction","target":["https:\/\/www.sortir06.fr\/actualites\/arts-culture\/nice-villegiature-dhiver-un-voyage-visuel-au-coeur-de-lhistoire-intemporelle-de-la-cote-dazur\/"]}]},{"@type":"ImageObject","inLanguage":"fr-FR","@id":"https:\/\/www.sortir06.fr\/actualites\/arts-culture\/nice-villegiature-dhiver-un-voyage-visuel-au-coeur-de-lhistoire-intemporelle-de-la-cote-dazur\/#primaryimage","url":"https:\/\/www.sortir06.fr\/actualites\/wp-content\/uploads\/2025\/12\/nice-villegiature-hiver.webp","contentUrl":"https:\/\/www.sortir06.fr\/actualites\/wp-content\/uploads\/2025\/12\/nice-villegiature-hiver.webp","width":1200,"height":904,"caption":"Nice Vill\u00e9giature d\u2019Hiver, un voyage visuel au c\u0153ur de l\u2019histoire intemporelle de la C\u00f4te d\u2019Azur"},{"@type":"BreadcrumbList","@id":"https:\/\/www.sortir06.fr\/actualites\/arts-culture\/nice-villegiature-dhiver-un-voyage-visuel-au-coeur-de-lhistoire-intemporelle-de-la-cote-dazur\/#breadcrumb","itemListElement":[{"@type":"ListItem","position":1,"name":"Accueil","item":"https:\/\/www.sortir06.fr\/actualites\/"},{"@type":"ListItem","position":2,"name":"Nice Vill\u00e9giature d\u2019Hiver, un voyage visuel au c\u0153ur de l\u2019histoire intemporelle de la C\u00f4te d\u2019Azur"}]},{"@type":"WebSite","@id":"https:\/\/www.sortir06.fr\/actualites\/#website","url":"https:\/\/www.sortir06.fr\/actualites\/","name":"Actualit\u00e9s C\u00f4te d\"Azur (06)","description":"","publisher":{"@id":"https:\/\/www.sortir06.fr\/actualites\/#organization"},"alternateName":"Retrouvez toutes les infos presse et news du d\u00e9partement des Alpes Maritimes","potentialAction":[{"@type":"SearchAction","target":{"@type":"EntryPoint","urlTemplate":"https:\/\/www.sortir06.fr\/actualites\/?s={search_term_string}"},"query-input":"required name=search_term_string"}],"inLanguage":"fr-FR"},{"@type":"Organization","@id":"https:\/\/www.sortir06.fr\/actualites\/#organization","name":"Sortir 06 Actualit\u00e9s","url":"https:\/\/www.sortir06.fr\/actualites\/","logo":{"@type":"ImageObject","inLanguage":"fr-FR","@id":"https:\/\/www.sortir06.fr\/actualites\/#\/schema\/logo\/image\/","url":"https:\/\/www.sortir06.fr\/actualites\/wp-content\/uploads\/2024\/08\/sortir06actualites-1.webp","contentUrl":"https:\/\/www.sortir06.fr\/actualites\/wp-content\/uploads\/2024\/08\/sortir06actualites-1.webp","width":1200,"height":375,"caption":"Sortir 06 Actualit\u00e9s"},"image":{"@id":"https:\/\/www.sortir06.fr\/actualites\/#\/schema\/logo\/image\/"}},{"@type":"Person","@id":"https:\/\/www.sortir06.fr\/actualites\/#\/schema\/person\/d1da1901725ffa2aebaf8209035b2308","name":"Melissa Musson","sameAs":["https:\/\/www.sortir06.fr\/actualites"],"url":"https:\/\/www.sortir06.fr\/actualites\/author\/admins06actu\/"}]}},"_links":{"self":[{"href":"https:\/\/www.sortir06.fr\/actualites\/wp-json\/wp\/v2\/posts\/2274","targetHints":{"allow":["GET"]}}],"collection":[{"href":"https:\/\/www.sortir06.fr\/actualites\/wp-json\/wp\/v2\/posts"}],"about":[{"href":"https:\/\/www.sortir06.fr\/actualites\/wp-json\/wp\/v2\/types\/post"}],"author":[{"embeddable":true,"href":"https:\/\/www.sortir06.fr\/actualites\/wp-json\/wp\/v2\/users\/1"}],"replies":[{"embeddable":true,"href":"https:\/\/www.sortir06.fr\/actualites\/wp-json\/wp\/v2\/comments?post=2274"}],"version-history":[{"count":7,"href":"https:\/\/www.sortir06.fr\/actualites\/wp-json\/wp\/v2\/posts\/2274\/revisions"}],"predecessor-version":[{"id":2283,"href":"https:\/\/www.sortir06.fr\/actualites\/wp-json\/wp\/v2\/posts\/2274\/revisions\/2283"}],"wp:featuredmedia":[{"embeddable":true,"href":"https:\/\/www.sortir06.fr\/actualites\/wp-json\/wp\/v2\/media\/2275"}],"wp:attachment":[{"href":"https:\/\/www.sortir06.fr\/actualites\/wp-json\/wp\/v2\/media?parent=2274"}],"wp:term":[{"taxonomy":"category","embeddable":true,"href":"https:\/\/www.sortir06.fr\/actualites\/wp-json\/wp\/v2\/categories?post=2274"},{"taxonomy":"post_tag","embeddable":true,"href":"https:\/\/www.sortir06.fr\/actualites\/wp-json\/wp\/v2\/tags?post=2274"}],"curies":[{"name":"wp","href":"https:\/\/api.w.org\/{rel}","templated":true}]}}