{"id":2469,"date":"2026-02-26T08:10:33","date_gmt":"2026-02-26T07:10:33","guid":{"rendered":"https:\/\/www.sortir06.fr\/actualites\/?p=2469"},"modified":"2026-03-16T08:14:50","modified_gmt":"2026-03-16T07:14:50","slug":"open-sky-a-sophia-antipolis-quinze-ans-de-controverses-de-recours-et-de-metamorphoses","status":"publish","type":"post","link":"https:\/\/www.sortir06.fr\/actualites\/economie\/open-sky-a-sophia-antipolis-quinze-ans-de-controverses-de-recours-et-de-metamorphoses\/","title":{"rendered":"Open Sky \u00e0 Sophia Antipolis : quinze ans de controverses, de recours et de m\u00e9tamorphoses"},"content":{"rendered":"\t\t<div data-elementor-type=\"wp-post\" data-elementor-id=\"2469\" class=\"elementor elementor-2469\" data-elementor-post-type=\"post\">\n\t\t\t\t<div class=\"elementor-element elementor-element-0a899be e-flex e-con-boxed e-con e-parent\" data-id=\"0a899be\" data-element_type=\"container\">\n\t\t\t\t\t<div class=\"e-con-inner\">\n\t\t\t\t<div class=\"elementor-element elementor-element-5177fce elementor-widget elementor-widget-heading\" data-id=\"5177fce\" data-element_type=\"widget\" data-widget_type=\"heading.default\">\n\t\t\t\t<div class=\"elementor-widget-container\">\n\t\t\t<style>\/*! elementor - v3.23.0 - 05-08-2024 *\/\n.elementor-heading-title{padding:0;margin:0;line-height:1}.elementor-widget-heading .elementor-heading-title[class*=elementor-size-]>a{color:inherit;font-size:inherit;line-height:inherit}.elementor-widget-heading .elementor-heading-title.elementor-size-small{font-size:15px}.elementor-widget-heading .elementor-heading-title.elementor-size-medium{font-size:19px}.elementor-widget-heading .elementor-heading-title.elementor-size-large{font-size:29px}.elementor-widget-heading .elementor-heading-title.elementor-size-xl{font-size:39px}.elementor-widget-heading .elementor-heading-title.elementor-size-xxl{font-size:59px}<\/style><h2 class=\"elementor-heading-title elementor-size-default\">Un projet commercial contest\u00e9 pour son impact sur les terres naturelles et la circulation \u00e0 l\u2019entr\u00e9e de la technopole.<\/h2>\t\t<\/div>\n\t\t\t\t<\/div>\n\t\t\t\t<div class=\"elementor-element elementor-element-e75b1cd elementor-widget elementor-widget-text-editor\" data-id=\"e75b1cd\" data-element_type=\"widget\" data-widget_type=\"text-editor.default\">\n\t\t\t\t<div class=\"elementor-widget-container\">\n\t\t\t<style>\/*! elementor - v3.23.0 - 05-08-2024 *\/\n.elementor-widget-text-editor.elementor-drop-cap-view-stacked .elementor-drop-cap{background-color:#69727d;color:#fff}.elementor-widget-text-editor.elementor-drop-cap-view-framed .elementor-drop-cap{color:#69727d;border:3px solid;background-color:transparent}.elementor-widget-text-editor:not(.elementor-drop-cap-view-default) .elementor-drop-cap{margin-top:8px}.elementor-widget-text-editor:not(.elementor-drop-cap-view-default) .elementor-drop-cap-letter{width:1em;height:1em}.elementor-widget-text-editor .elementor-drop-cap{float:left;text-align:center;line-height:1;font-size:50px}.elementor-widget-text-editor .elementor-drop-cap-letter{display:inline-block}<\/style>\t\t\t\t<p>\u00c0 l\u2019entr\u00e9e ouest de Sophia Antipolis, sur la ZAC des Clausonnes \u00e0 Valbonne, le projet de centre commercial Open Sky n\u2019a cess\u00e9 de cristalliser oppositions citoyennes, batailles juridiques et r\u00e9visions successives. Pr\u00e9sent\u00e9 au d\u00e9part comme un symbole de la \u00ab Sophia 2.0 \u00bb, il est devenu l\u2019un des dossiers d\u2019urbanisme les plus sensibles de la C\u00f4te d\u2019Azur.<\/p><p>Promis comme un complexe m\u00ealant commerces, loisirs, bureaux et h\u00f4tellerie sur pr\u00e8s de 100 000 m\u00b2, le projet port\u00e9 par la Compagnie de Phalsbourg a \u00e9t\u00e9 successivement attaqu\u00e9 pour son impact environnemental, sa pertinence \u00e9conomique et sa compatibilit\u00e9 avec les nouvelles lois contre l\u2019artificialisation des sols.<\/p>\t\t\t\t\t\t<\/div>\n\t\t\t\t<\/div>\n\t\t\t\t\t<\/div>\n\t\t\t\t<\/div>\n\t\t<div class=\"elementor-element elementor-element-dc61b7b e-flex e-con-boxed e-con e-parent\" data-id=\"dc61b7b\" data-element_type=\"container\">\n\t\t\t\t\t<div class=\"e-con-inner\">\n\t\t\t\t<div class=\"elementor-element elementor-element-c39fac6 elementor-widget elementor-widget-heading\" data-id=\"c39fac6\" data-element_type=\"widget\" data-widget_type=\"heading.default\">\n\t\t\t\t<div class=\"elementor-widget-container\">\n\t\t\t<h2 class=\"elementor-heading-title elementor-size-default\">Chronologie des principaux rebondissements<\/h2>\t\t<\/div>\n\t\t\t\t<\/div>\n\t\t\t\t<div class=\"elementor-element elementor-element-4180836 elementor-widget elementor-widget-heading\" data-id=\"4180836\" data-element_type=\"widget\" data-widget_type=\"heading.default\">\n\t\t\t\t<div class=\"elementor-widget-container\">\n\t\t\t<h3 class=\"elementor-heading-title elementor-size-default\">2009 : Naissance du projet dans la ZAC des Clausonnes<\/h3>\t\t<\/div>\n\t\t\t\t<\/div>\n\t\t\t\t<div class=\"elementor-element elementor-element-5488473 elementor-widget elementor-widget-text-editor\" data-id=\"5488473\" data-element_type=\"widget\" data-widget_type=\"text-editor.default\">\n\t\t\t\t<div class=\"elementor-widget-container\">\n\t\t\t\t\t\t\t<p>La cr\u00e9ation de la zone d\u2019am\u00e9nagement concert\u00e9 des Clausonnes pose les bases d\u2019un vaste p\u00f4le commercial \u00e0 l\u2019entr\u00e9e de la technopole. Le projet vise \u00e0 \u00ab r\u00e9\u00e9quilibrer l\u2019offre commerciale \u00bb face aux grands centres de l\u2019est des Alpes-Maritimes.<\/p>\t\t\t\t\t\t<\/div>\n\t\t\t\t<\/div>\n\t\t\t\t<div class=\"elementor-element elementor-element-e8904b1 elementor-widget elementor-widget-heading\" data-id=\"e8904b1\" data-element_type=\"widget\" data-widget_type=\"heading.default\">\n\t\t\t\t<div class=\"elementor-widget-container\">\n\t\t\t<h3 class=\"elementor-heading-title elementor-size-default\">2014 : Autorisation commerciale initiale<\/h3>\t\t<\/div>\n\t\t\t\t<\/div>\n\t\t\t\t<div class=\"elementor-element elementor-element-2a1c100 elementor-widget elementor-widget-text-editor\" data-id=\"2a1c100\" data-element_type=\"widget\" data-widget_type=\"text-editor.default\">\n\t\t\t\t<div class=\"elementor-widget-container\">\n\t\t\t\t\t\t\t<p>La Commission d\u00e9partementale d\u2019am\u00e9nagement commercial (CDAC) d\u00e9livre une autorisation d\u2019exploitation commerciale pour Open Sky, condition indispensable \u00e0 la cr\u00e9ation d\u2019un grand centre de vente.<\/p>\t\t\t\t\t\t<\/div>\n\t\t\t\t<\/div>\n\t\t\t\t<div class=\"elementor-element elementor-element-9626d2f elementor-widget elementor-widget-heading\" data-id=\"9626d2f\" data-element_type=\"widget\" data-widget_type=\"heading.default\">\n\t\t\t\t<div class=\"elementor-widget-container\">\n\t\t\t<h3 class=\"elementor-heading-title elementor-size-default\">2016 : Permis de construire et premi\u00e8res mobilisations<\/h3>\t\t<\/div>\n\t\t\t\t<\/div>\n\t\t\t\t<div class=\"elementor-element elementor-element-e5cf4a8 elementor-widget elementor-widget-text-editor\" data-id=\"e5cf4a8\" data-element_type=\"widget\" data-widget_type=\"text-editor.default\">\n\t\t\t\t<div class=\"elementor-widget-container\">\n\t\t\t\t\t\t\t<p data-start=\"1829\" data-end=\"2096\">Le permis est d\u00e9livr\u00e9 par la commune de Valbonne alors dirig\u00e9e par le maire de Valbonne Marc Daunis (PS). Des collectifs citoyens lancent des p\u00e9titions contre l\u2019artificialisation de pr\u00e8s de 16 hectares.<\/p>\t\t\t\t\t\t<\/div>\n\t\t\t\t<\/div>\n\t\t\t\t<div class=\"elementor-element elementor-element-efb8fc8 elementor-widget elementor-widget-heading\" data-id=\"efb8fc8\" data-element_type=\"widget\" data-widget_type=\"heading.default\">\n\t\t\t\t<div class=\"elementor-widget-container\">\n\t\t\t<h3 class=\"elementor-heading-title elementor-size-default\">2017 : Promotion internationale et recours concurrents<\/h3>\t\t<\/div>\n\t\t\t\t<\/div>\n\t\t\t\t<div class=\"elementor-element elementor-element-760e846 elementor-widget elementor-widget-text-editor\" data-id=\"760e846\" data-element_type=\"widget\" data-widget_type=\"text-editor.default\">\n\t\t\t\t<div class=\"elementor-widget-container\">\n\t\t\t\t\t\t\t<p data-start=\"1829\" data-end=\"2096\">Pr\u00e9sent\u00e9 au MIPIM comme un projet \u00ab disruptif \u00bb avec lac artificiel, loisirs et h\u00f4tel, Open Sky se heurte \u00e0 un recours du groupe Altarea Cogedim (propri\u00e9taire de Cap 3000). Les travaux sont annonc\u00e9s mais restent conditionn\u00e9s \u00e0 la lev\u00e9e des contentieux.<\/p>\t\t\t\t\t\t<\/div>\n\t\t\t\t<\/div>\n\t\t\t\t<div class=\"elementor-element elementor-element-6bceeb8 elementor-widget elementor-widget-heading\" data-id=\"6bceeb8\" data-element_type=\"widget\" data-widget_type=\"heading.default\">\n\t\t\t\t<div class=\"elementor-widget-container\">\n\t\t\t<h3 class=\"elementor-heading-title elementor-size-default\">2019 : Offensive juridique des associations<\/h3>\t\t<\/div>\n\t\t\t\t<\/div>\n\t\t\t\t<div class=\"elementor-element elementor-element-6d65dd0 elementor-widget elementor-widget-text-editor\" data-id=\"6d65dd0\" data-element_type=\"widget\" data-widget_type=\"text-editor.default\">\n\t\t\t\t<div class=\"elementor-widget-container\">\n\t\t\t\t\t\t\t<p data-start=\"1829\" data-end=\"2096\">Plusieurs collectifs d\u00e9posent un recours gracieux pour faire annuler le permis. Ils d\u00e9noncent un projet de \u00ab 15 hectares de b\u00e9ton \u00bb dans une zone sensible au risque d\u2019inondation et incompatible avec l\u2019urgence climatique. Des manifestations r\u00e9unissent des centaines de riverains.<\/p>\t\t\t\t\t\t<\/div>\n\t\t\t\t<\/div>\n\t\t\t\t<div class=\"elementor-element elementor-element-81134c2 elementor-widget elementor-widget-heading\" data-id=\"81134c2\" data-element_type=\"widget\" data-widget_type=\"heading.default\">\n\t\t\t\t<div class=\"elementor-widget-container\">\n\t\t\t<h3 class=\"elementor-heading-title elementor-size-default\">2020 : Changement politique \u00e0 Valbonne<\/h3>\t\t<\/div>\n\t\t\t\t<\/div>\n\t\t\t\t<div class=\"elementor-element elementor-element-e06eb1c elementor-widget elementor-widget-text-editor\" data-id=\"e06eb1c\" data-element_type=\"widget\" data-widget_type=\"text-editor.default\">\n\t\t\t\t<div class=\"elementor-widget-container\">\n\t\t\t\t\t\t\t<p>Le maire sortant Marc Daunis est battu aux \u00e9lection municipales.\u00a0La nouvelle maire Anne-Louise Gourdon (EELV) s\u2019\u00e9tait prononc\u00e9e contre le projet durant la campagne.\u00a0La commune demande une r\u00e9vision du programme (position officielle \u00e0 pr\u00e9ciser : opposition totale ou demande de r\u00e9duction).<\/p>\t\t\t\t\t\t<\/div>\n\t\t\t\t<\/div>\n\t\t\t\t<div class=\"elementor-element elementor-element-1d331a9 elementor-widget elementor-widget-heading\" data-id=\"1d331a9\" data-element_type=\"widget\" data-widget_type=\"heading.default\">\n\t\t\t\t<div class=\"elementor-widget-container\">\n\t\t\t<h3 class=\"elementor-heading-title elementor-size-default\">2021 : Refonte compl\u00e8te et changement de nom<\/h3>\t\t<\/div>\n\t\t\t\t<\/div>\n\t\t\t\t<div class=\"elementor-element elementor-element-44d8438 elementor-widget elementor-widget-text-editor\" data-id=\"44d8438\" data-element_type=\"widget\" data-widget_type=\"text-editor.default\">\n\t\t\t\t<div class=\"elementor-widget-container\">\n\t\t\t\t\t\t\t<p data-start=\"1829\" data-end=\"2096\">Face aux contestations, le promoteur annonce un projet \u00ab enti\u00e8rement revu \u00bb : r\u00e9duction des surfaces commerciales, architecture en restanques v\u00e9g\u00e9talis\u00e9es, b\u00e2timents \u00e0 \u00e9nergie positive. Le centre commercial devient un \u00ab lieu de vie \u00bb et doit changer de nom : Le Village de Sophia.<\/p>\t\t\t\t\t\t<\/div>\n\t\t\t\t<\/div>\n\t\t\t\t<div class=\"elementor-element elementor-element-0f70538 elementor-widget elementor-widget-heading\" data-id=\"0f70538\" data-element_type=\"widget\" data-widget_type=\"heading.default\">\n\t\t\t\t<div class=\"elementor-widget-container\">\n\t\t\t<h3 class=\"elementor-heading-title elementor-size-default\">2021 : Loi Climat et R\u00e9silience, nouvelle contrainte<\/h3>\t\t<\/div>\n\t\t\t\t<\/div>\n\t\t\t\t<div class=\"elementor-element elementor-element-03e3e90 elementor-widget elementor-widget-text-editor\" data-id=\"03e3e90\" data-element_type=\"widget\" data-widget_type=\"text-editor.default\">\n\t\t\t\t<div class=\"elementor-widget-container\">\n\t\t\t\t\t\t\t<p data-start=\"1829\" data-end=\"2096\">La loi interdit en principe les nouveaux centres commerciaux sur sols naturels au-del\u00e0 de 10 000 m\u00b2, compliquant la poursuite du projet et alimentant de nouveaux arguments juridiques des opposants.\u00a0<\/p>\t\t\t\t\t\t<\/div>\n\t\t\t\t<\/div>\n\t\t\t\t<div class=\"elementor-element elementor-element-d58f7e5 elementor-widget elementor-widget-heading\" data-id=\"d58f7e5\" data-element_type=\"widget\" data-widget_type=\"heading.default\">\n\t\t\t\t<div class=\"elementor-widget-container\">\n\t\t\t<h3 class=\"elementor-heading-title elementor-size-default\">2023 : Autorisation initiale p\u00e9rim\u00e9e<\/h3>\t\t<\/div>\n\t\t\t\t<\/div>\n\t\t\t\t<div class=\"elementor-element elementor-element-e240d3f elementor-widget elementor-widget-text-editor\" data-id=\"e240d3f\" data-element_type=\"widget\" data-widget_type=\"text-editor.default\">\n\t\t\t\t<div class=\"elementor-widget-container\">\n\t\t\t\t\t\t\t<p data-start=\"1829\" data-end=\"2096\">Faute de d\u00e9marrage des travaux, l\u2019autorisation commerciale de 2014 devient caduque, obligeant le promoteur \u00e0 red\u00e9poser un dossier.<\/p>\t\t\t\t\t\t<\/div>\n\t\t\t\t<\/div>\n\t\t\t\t<div class=\"elementor-element elementor-element-6b77a96 elementor-widget elementor-widget-heading\" data-id=\"6b77a96\" data-element_type=\"widget\" data-widget_type=\"heading.default\">\n\t\t\t\t<div class=\"elementor-widget-container\">\n\t\t\t<h3 class=\"elementor-heading-title elementor-size-default\">2024 : Feu vert pour une version r\u00e9duite<\/h3>\t\t<\/div>\n\t\t\t\t<\/div>\n\t\t\t\t<div class=\"elementor-element elementor-element-a1cc0af elementor-widget elementor-widget-text-editor\" data-id=\"a1cc0af\" data-element_type=\"widget\" data-widget_type=\"text-editor.default\">\n\t\t\t\t<div class=\"elementor-widget-container\">\n\t\t\t\t\t\t\t<p data-start=\"1829\" data-end=\"2096\">La CDAC rend un avis favorable \u00e0 une nouvelle mouture ramen\u00e9e \u00e0 environ 30 000 m\u00b2 de surface de vente. Les associations annoncent imm\u00e9diatement des recours, estimant la d\u00e9cision contraire aux r\u00e8gles contre l\u2019artificialisation des sols.<\/p><p data-start=\"1829\" data-end=\"2096\">Les collectifs environnementaux pr\u00e9parent un recours national, accusant le projet de contourner la loi via un permis modificatif plut\u00f4t qu\u2019un nouveau dossier complet.<\/p>\t\t\t\t\t\t<\/div>\n\t\t\t\t<\/div>\n\t\t\t\t<div class=\"elementor-element elementor-element-35345dc elementor-widget elementor-widget-heading\" data-id=\"35345dc\" data-element_type=\"widget\" data-widget_type=\"heading.default\">\n\t\t\t\t<div class=\"elementor-widget-container\">\n\t\t\t<h3 class=\"elementor-heading-title elementor-size-default\">2025 : Horizon de livraison \u00e9voqu\u00e9 mais incertain<\/h3>\t\t<\/div>\n\t\t\t\t<\/div>\n\t\t\t\t<div class=\"elementor-element elementor-element-48232f7 elementor-widget elementor-widget-text-editor\" data-id=\"48232f7\" data-element_type=\"widget\" data-widget_type=\"text-editor.default\">\n\t\t\t\t<div class=\"elementor-widget-container\">\n\t\t\t\t\t\t\t<p data-start=\"1829\" data-end=\"2096\">La municipalit\u00e9 et l\u2019am\u00e9nageur travaillent sur les infrastructures routi\u00e8res et d\u2019assainissement n\u00e9cessaires. La livraison globale est annonc\u00e9e pour 2025, sans garantie de d\u00e9marrage effectif des travaux.<\/p>\t\t\t\t\t\t<\/div>\n\t\t\t\t<\/div>\n\t\t\t\t<div class=\"elementor-element elementor-element-4a0cd85 elementor-widget elementor-widget-heading\" data-id=\"4a0cd85\" data-element_type=\"widget\" data-widget_type=\"heading.default\">\n\t\t\t\t<div class=\"elementor-widget-container\">\n\t\t\t<h3 class=\"elementor-heading-title elementor-size-default\">2026 : La cour administrative d\u2019appel de Marseille confirme le rejet du permis modificatif<\/h3>\t\t<\/div>\n\t\t\t\t<\/div>\n\t\t\t\t<div class=\"elementor-element elementor-element-3afa8d7 elementor-widget elementor-widget-text-editor\" data-id=\"3afa8d7\" data-element_type=\"widget\" data-widget_type=\"text-editor.default\">\n\t\t\t\t<div class=\"elementor-widget-container\">\n\t\t\t\t\t\t\t<p data-start=\"1829\" data-end=\"2096\">Le 24 f\u00e9vrier 2026, la cour administrative d\u2019appel de Marseille confirme le refus du permis de construire modificatif n\u00b0 2 du Village de Sophia, validant ainsi la d\u00e9cision prise par le maire de Valbonne. Cette d\u00e9cision constitue un nouveau coup d\u2019arr\u00eat pour la Compagnie de Phalsbourg, dont la filiale (SCI Brutus) demandait l\u2019annulation de ce refus. Les juges s\u2019appuient notamment sur l\u2019avis d\u00e9favorable rendu par la Commission nationale d\u2019am\u00e9nagement commercial en juin 2024 : le projet est jug\u00e9 insuffisamment int\u00e9gr\u00e9 aux centralit\u00e9s existantes, susceptible de fragiliser les centres-villes voisins \u2014 en particulier Vallauris \u2014 et g\u00e9n\u00e9rateur d\u2019un trafic suppl\u00e9mentaire dans un secteur routier d\u00e9j\u00e0 satur\u00e9. La cour souligne \u00e9galement l\u2019isolement du site, peu favorable aux mobilit\u00e9s alternatives, ainsi que l\u2019absence d\u2019am\u00e9lioration en mati\u00e8re de consommation d\u2019espaces naturels malgr\u00e9 la r\u00e9duction des surfaces commerciales. Si cette d\u00e9cision bloque la construction du centre commercial, elle ne cl\u00f4t pas d\u00e9finitivement le dossier : le promoteur annonce un pourvoi devant le Conseil d\u2019\u00c9tat, tandis que d\u2019autres contentieux restent pendants, notamment sur la caducit\u00e9 du permis initial de 2016.<\/p>\t\t\t\t\t\t<\/div>\n\t\t\t\t<\/div>\n\t\t\t\t\t<\/div>\n\t\t\t\t<\/div>\n\t\t\t\t<\/div>\n\t\t\n\n<div class=\"kk-star-ratings kksr-auto kksr-align-center kksr-valign-bottom\"\n    data-payload='{&quot;align&quot;:&quot;center&quot;,&quot;id&quot;:&quot;2469&quot;,&quot;slug&quot;:&quot;default&quot;,&quot;valign&quot;:&quot;bottom&quot;,&quot;ignore&quot;:&quot;&quot;,&quot;reference&quot;:&quot;auto&quot;,&quot;class&quot;:&quot;&quot;,&quot;count&quot;:&quot;3&quot;,&quot;legendonly&quot;:&quot;&quot;,&quot;readonly&quot;:&quot;&quot;,&quot;score&quot;:&quot;3.7&quot;,&quot;starsonly&quot;:&quot;&quot;,&quot;best&quot;:&quot;5&quot;,&quot;gap&quot;:&quot;5&quot;,&quot;greet&quot;:&quot;Vous aimez ?&quot;,&quot;legend&quot;:&quot;3.7\\\/5 - (3 votes)&quot;,&quot;size&quot;:&quot;24&quot;,&quot;title&quot;:&quot;Open Sky \u00e0 Sophia Antipolis : quinze ans de controverses, de recours et de m\u00e9tamorphoses&quot;,&quot;width&quot;:&quot;104.8&quot;,&quot;_legend&quot;:&quot;{score}\\\/{best} - ({count} {votes})&quot;,&quot;font_factor&quot;:&quot;1.25&quot;}'>\n            \n<div class=\"kksr-stars\">\n    \n<div class=\"kksr-stars-inactive\">\n            <div class=\"kksr-star\" data-star=\"1\" style=\"padding-right: 5px\">\n            \n\n<div class=\"kksr-icon\" style=\"width: 24px; height: 24px;\"><\/div>\n        <\/div>\n            <div class=\"kksr-star\" data-star=\"2\" style=\"padding-right: 5px\">\n            \n\n<div class=\"kksr-icon\" style=\"width: 24px; height: 24px;\"><\/div>\n        <\/div>\n            <div class=\"kksr-star\" data-star=\"3\" style=\"padding-right: 5px\">\n            \n\n<div class=\"kksr-icon\" style=\"width: 24px; height: 24px;\"><\/div>\n        <\/div>\n            <div class=\"kksr-star\" data-star=\"4\" style=\"padding-right: 5px\">\n            \n\n<div class=\"kksr-icon\" style=\"width: 24px; height: 24px;\"><\/div>\n        <\/div>\n            <div class=\"kksr-star\" data-star=\"5\" style=\"padding-right: 5px\">\n            \n\n<div class=\"kksr-icon\" style=\"width: 24px; height: 24px;\"><\/div>\n        <\/div>\n    <\/div>\n    \n<div class=\"kksr-stars-active\" style=\"width: 104.8px;\">\n            <div class=\"kksr-star\" style=\"padding-right: 5px\">\n            \n\n<div class=\"kksr-icon\" style=\"width: 24px; height: 24px;\"><\/div>\n        <\/div>\n            <div class=\"kksr-star\" style=\"padding-right: 5px\">\n            \n\n<div class=\"kksr-icon\" style=\"width: 24px; height: 24px;\"><\/div>\n        <\/div>\n            <div class=\"kksr-star\" style=\"padding-right: 5px\">\n            \n\n<div class=\"kksr-icon\" style=\"width: 24px; height: 24px;\"><\/div>\n        <\/div>\n            <div class=\"kksr-star\" style=\"padding-right: 5px\">\n            \n\n<div class=\"kksr-icon\" style=\"width: 24px; height: 24px;\"><\/div>\n        <\/div>\n            <div class=\"kksr-star\" style=\"padding-right: 5px\">\n            \n\n<div class=\"kksr-icon\" style=\"width: 24px; height: 24px;\"><\/div>\n        <\/div>\n    <\/div>\n<\/div>\n                \n\n<div class=\"kksr-legend\" style=\"font-size: 19.2px;\">\n            3.7\/5 - (3 votes)    <\/div>\n    <\/div>\n","protected":false},"excerpt":{"rendered":"<p>Un projet commercial contest\u00e9 pour son impact sur les terres naturelles et la circulation \u00e0 l\u2019entr\u00e9e de la technopole. \u00c0 [&hellip;]<\/p>\n","protected":false},"author":1,"featured_media":2577,"comment_status":"closed","ping_status":"closed","sticky":false,"template":"","format":"standard","meta":{"site-sidebar-layout":"default","site-content-layout":"","ast-site-content-layout":"","site-content-style":"default","site-sidebar-style":"default","ast-global-header-display":"","ast-banner-title-visibility":"","ast-main-header-display":"","ast-hfb-above-header-display":"","ast-hfb-below-header-display":"","ast-hfb-mobile-header-display":"","site-post-title":"","ast-breadcrumbs-content":"","ast-featured-img":"","footer-sml-layout":"","theme-transparent-header-meta":"","adv-header-id-meta":"","stick-header-meta":"","header-above-stick-meta":"","header-main-stick-meta":"","header-below-stick-meta":"","astra-migrate-meta-layouts":"default","ast-page-background-enabled":"default","ast-page-background-meta":{"desktop":{"background-color":"var(--ast-global-color-4)","background-image":"","background-repeat":"repeat","background-position":"center center","background-size":"auto","background-attachment":"scroll","background-type":"","background-media":"","overlay-type":"","overlay-color":"","overlay-opacity":"","overlay-gradient":""},"tablet":{"background-color":"","background-image":"","background-repeat":"repeat","background-position":"center center","background-size":"auto","background-attachment":"scroll","background-type":"","background-media":"","overlay-type":"","overlay-color":"","overlay-opacity":"","overlay-gradient":""},"mobile":{"background-color":"","background-image":"","background-repeat":"repeat","background-position":"center center","background-size":"auto","background-attachment":"scroll","background-type":"","background-media":"","overlay-type":"","overlay-color":"","overlay-opacity":"","overlay-gradient":""}},"ast-content-background-meta":{"desktop":{"background-color":"var(--ast-global-color-5)","background-image":"","background-repeat":"repeat","background-position":"center center","background-size":"auto","background-attachment":"scroll","background-type":"","background-media":"","overlay-type":"","overlay-color":"","overlay-opacity":"","overlay-gradient":""},"tablet":{"background-color":"var(--ast-global-color-5)","background-image":"","background-repeat":"repeat","background-position":"center center","background-size":"auto","background-attachment":"scroll","background-type":"","background-media":"","overlay-type":"","overlay-color":"","overlay-opacity":"","overlay-gradient":""},"mobile":{"background-color":"var(--ast-global-color-5)","background-image":"","background-repeat":"repeat","background-position":"center center","background-size":"auto","background-attachment":"scroll","background-type":"","background-media":"","overlay-type":"","overlay-color":"","overlay-opacity":"","overlay-gradient":""}},"footnotes":""},"categories":[172],"tags":[157],"class_list":["post-2469","post","type-post","status-publish","format-standard","has-post-thumbnail","hentry","category-economie","tag-valbonne"],"yoast_head":"<!-- This site is optimized with the Yoast SEO plugin v23.2 - https:\/\/yoast.com\/wordpress\/plugins\/seo\/ -->\n<title>Open Sky \u00e0 Sophia Antipolis : quinze ans de controverses, de recours et de m\u00e9tamorphoses<\/title>\n<meta name=\"robots\" content=\"index, follow, max-snippet:-1, max-image-preview:large, max-video-preview:-1\" \/>\n<link rel=\"canonical\" href=\"https:\/\/www.sortir06.fr\/actualites\/economie\/open-sky-a-sophia-antipolis-quinze-ans-de-controverses-de-recours-et-de-metamorphoses\/\" \/>\n<meta property=\"og:locale\" content=\"fr_FR\" \/>\n<meta property=\"og:type\" content=\"article\" \/>\n<meta property=\"og:title\" content=\"Open Sky \u00e0 Sophia Antipolis : quinze ans de controverses, de recours et de m\u00e9tamorphoses\" \/>\n<meta property=\"og:description\" content=\"Un projet commercial contest\u00e9 pour son impact sur les terres naturelles et la circulation \u00e0 l\u2019entr\u00e9e de la technopole. \u00c0 [&hellip;]\" \/>\n<meta property=\"og:url\" content=\"https:\/\/www.sortir06.fr\/actualites\/economie\/open-sky-a-sophia-antipolis-quinze-ans-de-controverses-de-recours-et-de-metamorphoses\/\" \/>\n<meta property=\"og:site_name\" content=\"Actualit\u00e9s du 06 \/ Infos Presse\" \/>\n<meta property=\"article:published_time\" content=\"2026-02-26T07:10:33+00:00\" \/>\n<meta property=\"article:modified_time\" content=\"2026-03-16T07:14:50+00:00\" \/>\n<meta property=\"og:image\" content=\"https:\/\/www.sortir06.fr\/actualites\/wp-content\/uploads\/2026\/02\/zone-commerciale-sophia-antipolis.webp\" \/>\n\t<meta property=\"og:image:width\" content=\"1140\" \/>\n\t<meta property=\"og:image:height\" content=\"858\" \/>\n\t<meta property=\"og:image:type\" content=\"image\/webp\" \/>\n<meta name=\"author\" content=\"Melissa Musson\" \/>\n<meta name=\"twitter:card\" content=\"summary_large_image\" \/>\n<meta name=\"twitter:label1\" content=\"\u00c9crit par\" \/>\n\t<meta name=\"twitter:data1\" content=\"Melissa Musson\" \/>\n\t<meta name=\"twitter:label2\" content=\"Dur\u00e9e de lecture estim\u00e9e\" \/>\n\t<meta name=\"twitter:data2\" content=\"5 minutes\" \/>\n<script type=\"application\/ld+json\" class=\"yoast-schema-graph\">{\"@context\":\"https:\/\/schema.org\",\"@graph\":[{\"@type\":\"Article\",\"@id\":\"https:\/\/www.sortir06.fr\/actualites\/economie\/open-sky-a-sophia-antipolis-quinze-ans-de-controverses-de-recours-et-de-metamorphoses\/#article\",\"isPartOf\":{\"@id\":\"https:\/\/www.sortir06.fr\/actualites\/economie\/open-sky-a-sophia-antipolis-quinze-ans-de-controverses-de-recours-et-de-metamorphoses\/\"},\"author\":{\"name\":\"Melissa Musson\",\"@id\":\"https:\/\/www.sortir06.fr\/actualites\/#\/schema\/person\/d1da1901725ffa2aebaf8209035b2308\"},\"headline\":\"Open Sky \u00e0 Sophia Antipolis : quinze ans de controverses, de recours et de m\u00e9tamorphoses\",\"datePublished\":\"2026-02-26T07:10:33+00:00\",\"dateModified\":\"2026-03-16T07:14:50+00:00\",\"mainEntityOfPage\":{\"@id\":\"https:\/\/www.sortir06.fr\/actualites\/economie\/open-sky-a-sophia-antipolis-quinze-ans-de-controverses-de-recours-et-de-metamorphoses\/\"},\"wordCount\":848,\"publisher\":{\"@id\":\"https:\/\/www.sortir06.fr\/actualites\/#organization\"},\"image\":{\"@id\":\"https:\/\/www.sortir06.fr\/actualites\/economie\/open-sky-a-sophia-antipolis-quinze-ans-de-controverses-de-recours-et-de-metamorphoses\/#primaryimage\"},\"thumbnailUrl\":\"https:\/\/www.sortir06.fr\/actualites\/wp-content\/uploads\/2026\/02\/zone-commerciale-sophia-antipolis.webp\",\"keywords\":[\"Valbonne\"],\"articleSection\":[\"\u00c9conomie\"],\"inLanguage\":\"fr-FR\"},{\"@type\":\"WebPage\",\"@id\":\"https:\/\/www.sortir06.fr\/actualites\/economie\/open-sky-a-sophia-antipolis-quinze-ans-de-controverses-de-recours-et-de-metamorphoses\/\",\"url\":\"https:\/\/www.sortir06.fr\/actualites\/economie\/open-sky-a-sophia-antipolis-quinze-ans-de-controverses-de-recours-et-de-metamorphoses\/\",\"name\":\"Open Sky \u00e0 Sophia Antipolis : quinze ans de controverses, de recours et de m\u00e9tamorphoses\",\"isPartOf\":{\"@id\":\"https:\/\/www.sortir06.fr\/actualites\/#website\"},\"primaryImageOfPage\":{\"@id\":\"https:\/\/www.sortir06.fr\/actualites\/economie\/open-sky-a-sophia-antipolis-quinze-ans-de-controverses-de-recours-et-de-metamorphoses\/#primaryimage\"},\"image\":{\"@id\":\"https:\/\/www.sortir06.fr\/actualites\/economie\/open-sky-a-sophia-antipolis-quinze-ans-de-controverses-de-recours-et-de-metamorphoses\/#primaryimage\"},\"thumbnailUrl\":\"https:\/\/www.sortir06.fr\/actualites\/wp-content\/uploads\/2026\/02\/zone-commerciale-sophia-antipolis.webp\",\"datePublished\":\"2026-02-26T07:10:33+00:00\",\"dateModified\":\"2026-03-16T07:14:50+00:00\",\"breadcrumb\":{\"@id\":\"https:\/\/www.sortir06.fr\/actualites\/economie\/open-sky-a-sophia-antipolis-quinze-ans-de-controverses-de-recours-et-de-metamorphoses\/#breadcrumb\"},\"inLanguage\":\"fr-FR\",\"potentialAction\":[{\"@type\":\"ReadAction\",\"target\":[\"https:\/\/www.sortir06.fr\/actualites\/economie\/open-sky-a-sophia-antipolis-quinze-ans-de-controverses-de-recours-et-de-metamorphoses\/\"]}]},{\"@type\":\"ImageObject\",\"inLanguage\":\"fr-FR\",\"@id\":\"https:\/\/www.sortir06.fr\/actualites\/economie\/open-sky-a-sophia-antipolis-quinze-ans-de-controverses-de-recours-et-de-metamorphoses\/#primaryimage\",\"url\":\"https:\/\/www.sortir06.fr\/actualites\/wp-content\/uploads\/2026\/02\/zone-commerciale-sophia-antipolis.webp\",\"contentUrl\":\"https:\/\/www.sortir06.fr\/actualites\/wp-content\/uploads\/2026\/02\/zone-commerciale-sophia-antipolis.webp\",\"width\":1140,\"height\":858,\"caption\":\"Open Sky \u00e0 Sophia Antipolis : quinze ans de controverses, de recours et de m\u00e9tamorphoses\"},{\"@type\":\"BreadcrumbList\",\"@id\":\"https:\/\/www.sortir06.fr\/actualites\/economie\/open-sky-a-sophia-antipolis-quinze-ans-de-controverses-de-recours-et-de-metamorphoses\/#breadcrumb\",\"itemListElement\":[{\"@type\":\"ListItem\",\"position\":1,\"name\":\"Accueil\",\"item\":\"https:\/\/www.sortir06.fr\/actualites\/\"},{\"@type\":\"ListItem\",\"position\":2,\"name\":\"Open Sky \u00e0 Sophia Antipolis : quinze ans de controverses, de recours et de m\u00e9tamorphoses\"}]},{\"@type\":\"WebSite\",\"@id\":\"https:\/\/www.sortir06.fr\/actualites\/#website\",\"url\":\"https:\/\/www.sortir06.fr\/actualites\/\",\"name\":\"Actualit\u00e9s C\u00f4te d\\\"Azur (06)\",\"description\":\"\",\"publisher\":{\"@id\":\"https:\/\/www.sortir06.fr\/actualites\/#organization\"},\"alternateName\":\"Retrouvez toutes les infos presse et news du d\u00e9partement des Alpes Maritimes\",\"potentialAction\":[{\"@type\":\"SearchAction\",\"target\":{\"@type\":\"EntryPoint\",\"urlTemplate\":\"https:\/\/www.sortir06.fr\/actualites\/?s={search_term_string}\"},\"query-input\":\"required name=search_term_string\"}],\"inLanguage\":\"fr-FR\"},{\"@type\":\"Organization\",\"@id\":\"https:\/\/www.sortir06.fr\/actualites\/#organization\",\"name\":\"Sortir 06 Actualit\u00e9s\",\"url\":\"https:\/\/www.sortir06.fr\/actualites\/\",\"logo\":{\"@type\":\"ImageObject\",\"inLanguage\":\"fr-FR\",\"@id\":\"https:\/\/www.sortir06.fr\/actualites\/#\/schema\/logo\/image\/\",\"url\":\"https:\/\/www.sortir06.fr\/actualites\/wp-content\/uploads\/2024\/08\/sortir06actualites-1.webp\",\"contentUrl\":\"https:\/\/www.sortir06.fr\/actualites\/wp-content\/uploads\/2024\/08\/sortir06actualites-1.webp\",\"width\":1200,\"height\":375,\"caption\":\"Sortir 06 Actualit\u00e9s\"},\"image\":{\"@id\":\"https:\/\/www.sortir06.fr\/actualites\/#\/schema\/logo\/image\/\"}},{\"@type\":\"Person\",\"@id\":\"https:\/\/www.sortir06.fr\/actualites\/#\/schema\/person\/d1da1901725ffa2aebaf8209035b2308\",\"name\":\"Melissa Musson\",\"sameAs\":[\"https:\/\/www.sortir06.fr\/actualites\"],\"url\":\"https:\/\/www.sortir06.fr\/actualites\/author\/admins06actu\/\"}]}<\/script>\n<!-- \/ Yoast SEO plugin. -->","yoast_head_json":{"title":"Open Sky \u00e0 Sophia Antipolis : quinze ans de controverses, de recours et de m\u00e9tamorphoses","robots":{"index":"index","follow":"follow","max-snippet":"max-snippet:-1","max-image-preview":"max-image-preview:large","max-video-preview":"max-video-preview:-1"},"canonical":"https:\/\/www.sortir06.fr\/actualites\/economie\/open-sky-a-sophia-antipolis-quinze-ans-de-controverses-de-recours-et-de-metamorphoses\/","og_locale":"fr_FR","og_type":"article","og_title":"Open Sky \u00e0 Sophia Antipolis : quinze ans de controverses, de recours et de m\u00e9tamorphoses","og_description":"Un projet commercial contest\u00e9 pour son impact sur les terres naturelles et la circulation \u00e0 l\u2019entr\u00e9e de la technopole. \u00c0 [&hellip;]","og_url":"https:\/\/www.sortir06.fr\/actualites\/economie\/open-sky-a-sophia-antipolis-quinze-ans-de-controverses-de-recours-et-de-metamorphoses\/","og_site_name":"Actualit\u00e9s du 06 \/ Infos Presse","article_published_time":"2026-02-26T07:10:33+00:00","article_modified_time":"2026-03-16T07:14:50+00:00","og_image":[{"width":1140,"height":858,"url":"https:\/\/www.sortir06.fr\/actualites\/wp-content\/uploads\/2026\/02\/zone-commerciale-sophia-antipolis.webp","type":"image\/webp"}],"author":"Melissa Musson","twitter_card":"summary_large_image","twitter_misc":{"\u00c9crit par":"Melissa Musson","Dur\u00e9e de lecture estim\u00e9e":"5 minutes"},"schema":{"@context":"https:\/\/schema.org","@graph":[{"@type":"Article","@id":"https:\/\/www.sortir06.fr\/actualites\/economie\/open-sky-a-sophia-antipolis-quinze-ans-de-controverses-de-recours-et-de-metamorphoses\/#article","isPartOf":{"@id":"https:\/\/www.sortir06.fr\/actualites\/economie\/open-sky-a-sophia-antipolis-quinze-ans-de-controverses-de-recours-et-de-metamorphoses\/"},"author":{"name":"Melissa Musson","@id":"https:\/\/www.sortir06.fr\/actualites\/#\/schema\/person\/d1da1901725ffa2aebaf8209035b2308"},"headline":"Open Sky \u00e0 Sophia Antipolis : quinze ans de controverses, de recours et de m\u00e9tamorphoses","datePublished":"2026-02-26T07:10:33+00:00","dateModified":"2026-03-16T07:14:50+00:00","mainEntityOfPage":{"@id":"https:\/\/www.sortir06.fr\/actualites\/economie\/open-sky-a-sophia-antipolis-quinze-ans-de-controverses-de-recours-et-de-metamorphoses\/"},"wordCount":848,"publisher":{"@id":"https:\/\/www.sortir06.fr\/actualites\/#organization"},"image":{"@id":"https:\/\/www.sortir06.fr\/actualites\/economie\/open-sky-a-sophia-antipolis-quinze-ans-de-controverses-de-recours-et-de-metamorphoses\/#primaryimage"},"thumbnailUrl":"https:\/\/www.sortir06.fr\/actualites\/wp-content\/uploads\/2026\/02\/zone-commerciale-sophia-antipolis.webp","keywords":["Valbonne"],"articleSection":["\u00c9conomie"],"inLanguage":"fr-FR"},{"@type":"WebPage","@id":"https:\/\/www.sortir06.fr\/actualites\/economie\/open-sky-a-sophia-antipolis-quinze-ans-de-controverses-de-recours-et-de-metamorphoses\/","url":"https:\/\/www.sortir06.fr\/actualites\/economie\/open-sky-a-sophia-antipolis-quinze-ans-de-controverses-de-recours-et-de-metamorphoses\/","name":"Open Sky \u00e0 Sophia Antipolis : quinze ans de controverses, de recours et de m\u00e9tamorphoses","isPartOf":{"@id":"https:\/\/www.sortir06.fr\/actualites\/#website"},"primaryImageOfPage":{"@id":"https:\/\/www.sortir06.fr\/actualites\/economie\/open-sky-a-sophia-antipolis-quinze-ans-de-controverses-de-recours-et-de-metamorphoses\/#primaryimage"},"image":{"@id":"https:\/\/www.sortir06.fr\/actualites\/economie\/open-sky-a-sophia-antipolis-quinze-ans-de-controverses-de-recours-et-de-metamorphoses\/#primaryimage"},"thumbnailUrl":"https:\/\/www.sortir06.fr\/actualites\/wp-content\/uploads\/2026\/02\/zone-commerciale-sophia-antipolis.webp","datePublished":"2026-02-26T07:10:33+00:00","dateModified":"2026-03-16T07:14:50+00:00","breadcrumb":{"@id":"https:\/\/www.sortir06.fr\/actualites\/economie\/open-sky-a-sophia-antipolis-quinze-ans-de-controverses-de-recours-et-de-metamorphoses\/#breadcrumb"},"inLanguage":"fr-FR","potentialAction":[{"@type":"ReadAction","target":["https:\/\/www.sortir06.fr\/actualites\/economie\/open-sky-a-sophia-antipolis-quinze-ans-de-controverses-de-recours-et-de-metamorphoses\/"]}]},{"@type":"ImageObject","inLanguage":"fr-FR","@id":"https:\/\/www.sortir06.fr\/actualites\/economie\/open-sky-a-sophia-antipolis-quinze-ans-de-controverses-de-recours-et-de-metamorphoses\/#primaryimage","url":"https:\/\/www.sortir06.fr\/actualites\/wp-content\/uploads\/2026\/02\/zone-commerciale-sophia-antipolis.webp","contentUrl":"https:\/\/www.sortir06.fr\/actualites\/wp-content\/uploads\/2026\/02\/zone-commerciale-sophia-antipolis.webp","width":1140,"height":858,"caption":"Open Sky \u00e0 Sophia Antipolis : quinze ans de controverses, de recours et de m\u00e9tamorphoses"},{"@type":"BreadcrumbList","@id":"https:\/\/www.sortir06.fr\/actualites\/economie\/open-sky-a-sophia-antipolis-quinze-ans-de-controverses-de-recours-et-de-metamorphoses\/#breadcrumb","itemListElement":[{"@type":"ListItem","position":1,"name":"Accueil","item":"https:\/\/www.sortir06.fr\/actualites\/"},{"@type":"ListItem","position":2,"name":"Open Sky \u00e0 Sophia Antipolis : quinze ans de controverses, de recours et de m\u00e9tamorphoses"}]},{"@type":"WebSite","@id":"https:\/\/www.sortir06.fr\/actualites\/#website","url":"https:\/\/www.sortir06.fr\/actualites\/","name":"Actualit\u00e9s C\u00f4te d\"Azur (06)","description":"","publisher":{"@id":"https:\/\/www.sortir06.fr\/actualites\/#organization"},"alternateName":"Retrouvez toutes les infos presse et news du d\u00e9partement des Alpes Maritimes","potentialAction":[{"@type":"SearchAction","target":{"@type":"EntryPoint","urlTemplate":"https:\/\/www.sortir06.fr\/actualites\/?s={search_term_string}"},"query-input":"required name=search_term_string"}],"inLanguage":"fr-FR"},{"@type":"Organization","@id":"https:\/\/www.sortir06.fr\/actualites\/#organization","name":"Sortir 06 Actualit\u00e9s","url":"https:\/\/www.sortir06.fr\/actualites\/","logo":{"@type":"ImageObject","inLanguage":"fr-FR","@id":"https:\/\/www.sortir06.fr\/actualites\/#\/schema\/logo\/image\/","url":"https:\/\/www.sortir06.fr\/actualites\/wp-content\/uploads\/2024\/08\/sortir06actualites-1.webp","contentUrl":"https:\/\/www.sortir06.fr\/actualites\/wp-content\/uploads\/2024\/08\/sortir06actualites-1.webp","width":1200,"height":375,"caption":"Sortir 06 Actualit\u00e9s"},"image":{"@id":"https:\/\/www.sortir06.fr\/actualites\/#\/schema\/logo\/image\/"}},{"@type":"Person","@id":"https:\/\/www.sortir06.fr\/actualites\/#\/schema\/person\/d1da1901725ffa2aebaf8209035b2308","name":"Melissa Musson","sameAs":["https:\/\/www.sortir06.fr\/actualites"],"url":"https:\/\/www.sortir06.fr\/actualites\/author\/admins06actu\/"}]}},"_links":{"self":[{"href":"https:\/\/www.sortir06.fr\/actualites\/wp-json\/wp\/v2\/posts\/2469","targetHints":{"allow":["GET"]}}],"collection":[{"href":"https:\/\/www.sortir06.fr\/actualites\/wp-json\/wp\/v2\/posts"}],"about":[{"href":"https:\/\/www.sortir06.fr\/actualites\/wp-json\/wp\/v2\/types\/post"}],"author":[{"embeddable":true,"href":"https:\/\/www.sortir06.fr\/actualites\/wp-json\/wp\/v2\/users\/1"}],"replies":[{"embeddable":true,"href":"https:\/\/www.sortir06.fr\/actualites\/wp-json\/wp\/v2\/comments?post=2469"}],"version-history":[{"count":11,"href":"https:\/\/www.sortir06.fr\/actualites\/wp-json\/wp\/v2\/posts\/2469\/revisions"}],"predecessor-version":[{"id":2481,"href":"https:\/\/www.sortir06.fr\/actualites\/wp-json\/wp\/v2\/posts\/2469\/revisions\/2481"}],"wp:featuredmedia":[{"embeddable":true,"href":"https:\/\/www.sortir06.fr\/actualites\/wp-json\/wp\/v2\/media\/2577"}],"wp:attachment":[{"href":"https:\/\/www.sortir06.fr\/actualites\/wp-json\/wp\/v2\/media?parent=2469"}],"wp:term":[{"taxonomy":"category","embeddable":true,"href":"https:\/\/www.sortir06.fr\/actualites\/wp-json\/wp\/v2\/categories?post=2469"},{"taxonomy":"post_tag","embeddable":true,"href":"https:\/\/www.sortir06.fr\/actualites\/wp-json\/wp\/v2\/tags?post=2469"}],"curies":[{"name":"wp","href":"https:\/\/api.w.org\/{rel}","templated":true}]}}