{"id":2498,"date":"2026-03-05T08:23:31","date_gmt":"2026-03-05T07:23:31","guid":{"rendered":"https:\/\/www.sortir06.fr\/actualites\/?p=2498"},"modified":"2026-03-08T19:17:13","modified_gmt":"2026-03-08T18:17:13","slug":"mandelieu-le-14e-salon-bien-etre-bio-medecines-douces-revient-du-13-au-15-mars-2026","status":"publish","type":"post","link":"https:\/\/www.sortir06.fr\/actualites\/non-classe\/mandelieu-le-14e-salon-bien-etre-bio-medecines-douces-revient-du-13-au-15-mars-2026\/","title":{"rendered":"Mandelieu : le 14e Salon Bien-\u00catre, Bio &amp; M\u00e9decines Douces revient du 13 au 15 mars 2026"},"content":{"rendered":"\t\t<div data-elementor-type=\"wp-post\" data-elementor-id=\"2498\" class=\"elementor elementor-2498\" data-elementor-post-type=\"post\">\n\t\t\t\t<div class=\"elementor-element elementor-element-0d46652 e-flex e-con-boxed e-con e-parent\" data-id=\"0d46652\" data-element_type=\"container\">\n\t\t\t\t\t<div class=\"e-con-inner\">\n\t\t\t\t<div class=\"elementor-element elementor-element-9336740 elementor-widget elementor-widget-text-editor\" data-id=\"9336740\" data-element_type=\"widget\" data-widget_type=\"text-editor.default\">\n\t\t\t\t<div class=\"elementor-widget-container\">\n\t\t\t<style>\/*! elementor - v3.23.0 - 05-08-2024 *\/\n.elementor-widget-text-editor.elementor-drop-cap-view-stacked .elementor-drop-cap{background-color:#69727d;color:#fff}.elementor-widget-text-editor.elementor-drop-cap-view-framed .elementor-drop-cap{color:#69727d;border:3px solid;background-color:transparent}.elementor-widget-text-editor:not(.elementor-drop-cap-view-default) .elementor-drop-cap{margin-top:8px}.elementor-widget-text-editor:not(.elementor-drop-cap-view-default) .elementor-drop-cap-letter{width:1em;height:1em}.elementor-widget-text-editor .elementor-drop-cap{float:left;text-align:center;line-height:1;font-size:50px}.elementor-widget-text-editor .elementor-drop-cap-letter{display:inline-block}<\/style>\t\t\t\t<p>Du 13 au 15 mars 2026, la ville de Mandelieu-la-Napoule accueillera la 14e \u00e9dition du Salon Bien-\u00catre, Bio &amp; M\u00e9decines Douces, un rendez-vous d\u00e9sormais incontournable pour les passionn\u00e9s de d\u00e9veloppement personnel, de sant\u00e9 naturelle et de pratiques alternatives. Pendant trois jours, cet \u00e9v\u00e9nement d\u00e9di\u00e9 au mieux-vivre r\u00e9unira plus de 110 exposants et plus de 40 conf\u00e9rences et ateliers, offrant au public un large \u00e9ventail de d\u00e9couvertes autour du bien-\u00eatre du corps et de l\u2019esprit.<\/p>\t\t\t\t\t\t<\/div>\n\t\t\t\t<\/div>\n\t\t\t\t\t<\/div>\n\t\t\t\t<\/div>\n\t\t<div class=\"elementor-element elementor-element-4c38b2a e-flex e-con-boxed e-con e-parent\" data-id=\"4c38b2a\" data-element_type=\"container\">\n\t\t\t\t\t<div class=\"e-con-inner\">\n\t\t\t\t<div class=\"elementor-element elementor-element-844b5d2 elementor-widget elementor-widget-heading\" data-id=\"844b5d2\" data-element_type=\"widget\" data-widget_type=\"heading.default\">\n\t\t\t\t<div class=\"elementor-widget-container\">\n\t\t\t<style>\/*! elementor - v3.23.0 - 05-08-2024 *\/\n.elementor-heading-title{padding:0;margin:0;line-height:1}.elementor-widget-heading .elementor-heading-title[class*=elementor-size-]>a{color:inherit;font-size:inherit;line-height:inherit}.elementor-widget-heading .elementor-heading-title.elementor-size-small{font-size:15px}.elementor-widget-heading .elementor-heading-title.elementor-size-medium{font-size:19px}.elementor-widget-heading .elementor-heading-title.elementor-size-large{font-size:29px}.elementor-widget-heading .elementor-heading-title.elementor-size-xl{font-size:39px}.elementor-widget-heading .elementor-heading-title.elementor-size-xxl{font-size:59px}<\/style><h2 class=\"elementor-heading-title elementor-size-default\">Un salon d\u00e9di\u00e9 au mieux-vivre et aux pratiques naturelles<\/h2>\t\t<\/div>\n\t\t\t\t<\/div>\n\t\t\t\t<div class=\"elementor-element elementor-element-3d44f9c elementor-widget elementor-widget-text-editor\" data-id=\"3d44f9c\" data-element_type=\"widget\" data-widget_type=\"text-editor.default\">\n\t\t\t\t<div class=\"elementor-widget-container\">\n\t\t\t\t\t\t\t<p>Chaque ann\u00e9e, le Salon Bien-\u00catre, Bio &amp; M\u00e9decines Douces de Mandelieu attire un public curieux de nouvelles approches de sant\u00e9 naturelle, de d\u00e9veloppement personnel et de vitalit\u00e9. Professionnels, th\u00e9rapeutes et producteurs s\u2019y retrouvent pour partager leurs savoir-faire et pr\u00e9senter leurs pratiques.<\/p><p>Au programme : produits naturels, m\u00e9decines douces, th\u00e9rapies alternatives, cosm\u00e9tiques bio, pratiques \u00e9nerg\u00e9tiques et solutions pour am\u00e9liorer la vitalit\u00e9 et l\u2019\u00e9quilibre int\u00e9rieur. Les visiteurs pourront rencontrer directement les praticiens, assister \u00e0 des d\u00e9monstrations et d\u00e9couvrir des approches parfois m\u00e9connues du grand public.<\/p>\t\t\t\t\t\t<\/div>\n\t\t\t\t<\/div>\n\t\t\t\t\t<\/div>\n\t\t\t\t<\/div>\n\t\t<div class=\"elementor-element elementor-element-97003c5 e-flex e-con-boxed e-con e-parent\" data-id=\"97003c5\" data-element_type=\"container\">\n\t\t\t\t\t<div class=\"e-con-inner\">\n\t\t\t\t<div class=\"elementor-element elementor-element-7a004cd elementor-widget elementor-widget-heading\" data-id=\"7a004cd\" data-element_type=\"widget\" data-widget_type=\"heading.default\">\n\t\t\t\t<div class=\"elementor-widget-container\">\n\t\t\t<h2 class=\"elementor-heading-title elementor-size-default\">Un march\u00e9 de producteurs bio et authentiques<\/h2>\t\t<\/div>\n\t\t\t\t<\/div>\n\t\t\t\t<div class=\"elementor-element elementor-element-f1cffbf elementor-widget elementor-widget-text-editor\" data-id=\"f1cffbf\" data-element_type=\"widget\" data-widget_type=\"text-editor.default\">\n\t\t\t\t<div class=\"elementor-widget-container\">\n\t\t\t\t\t\t\t<p>Comme lors des \u00e9ditions pr\u00e9c\u00e9dentes, le salon fera \u00e9galement la part belle aux produits naturels avec la pr\u00e9sence d\u2019un march\u00e9 de producteurs. Cet espace convivial permettra de d\u00e9couvrir des produits bio, artisanaux et authentiques, pr\u00e9sent\u00e9s directement par ceux qui les fabriquent.<\/p><p>Entre alimentation saine, produits du terroir et cr\u00e9ations naturelles, les visiteurs pourront \u00e9changer avec les producteurs et en apprendre davantage sur leurs m\u00e9thodes de fabrication et leurs engagements.<\/p>\t\t\t\t\t\t<\/div>\n\t\t\t\t<\/div>\n\t\t\t\t\t<\/div>\n\t\t\t\t<\/div>\n\t\t<div class=\"elementor-element elementor-element-049be27 e-flex e-con-boxed e-con e-parent\" data-id=\"049be27\" data-element_type=\"container\">\n\t\t\t\t\t<div class=\"e-con-inner\">\n\t\t\t\t<div class=\"elementor-element elementor-element-ea0ca4e elementor-widget elementor-widget-heading\" data-id=\"ea0ca4e\" data-element_type=\"widget\" data-widget_type=\"heading.default\">\n\t\t\t\t<div class=\"elementor-widget-container\">\n\t\t\t<h2 class=\"elementor-heading-title elementor-size-default\">Un espace consacr\u00e9 au bien-\u00eatre et \u00e0 la vitalit\u00e9<\/h2>\t\t<\/div>\n\t\t\t\t<\/div>\n\t\t\t\t<div class=\"elementor-element elementor-element-7d15fd2 elementor-widget elementor-widget-text-editor\" data-id=\"7d15fd2\" data-element_type=\"widget\" data-widget_type=\"text-editor.default\">\n\t\t\t\t<div class=\"elementor-widget-container\">\n\t\t\t\t\t\t\t<p>Au c\u0153ur de l\u2019\u00e9v\u00e9nement, un espace sera enti\u00e8rement d\u00e9di\u00e9 aux professionnels du mieux-\u00eatre. Les exposants y pr\u00e9senteront des solutions vari\u00e9es autour de la sant\u00e9 naturelle, de l\u2019harmonie \u00e9motionnelle et du d\u00e9veloppement personnel.<\/p><p>Les visiteurs pourront ainsi explorer diff\u00e9rentes pratiques visant \u00e0 am\u00e9liorer leur qualit\u00e9 de vie, qu\u2019il s\u2019agisse de techniques de relaxation, soins \u00e9nerg\u00e9tiques, accompagnement personnel ou produits d\u00e9di\u00e9s au bien-\u00eatre quotidien.<\/p>\t\t\t\t\t\t<\/div>\n\t\t\t\t<\/div>\n\t\t\t\t\t<\/div>\n\t\t\t\t<\/div>\n\t\t<div class=\"elementor-element elementor-element-470ec66 e-flex e-con-boxed e-con e-parent\" data-id=\"470ec66\" data-element_type=\"container\">\n\t\t\t\t\t<div class=\"e-con-inner\">\n\t\t\t\t<div class=\"elementor-element elementor-element-c79d6f1 elementor-widget elementor-widget-heading\" data-id=\"c79d6f1\" data-element_type=\"widget\" data-widget_type=\"heading.default\">\n\t\t\t\t<div class=\"elementor-widget-container\">\n\t\t\t<h2 class=\"elementor-heading-title elementor-size-default\">Au c\u0153ur de l\u2019invisible : arts divinatoires et pratiques intuitives<\/h2>\t\t<\/div>\n\t\t\t\t<\/div>\n\t\t\t\t<div class=\"elementor-element elementor-element-e425cbd elementor-widget elementor-widget-text-editor\" data-id=\"e425cbd\" data-element_type=\"widget\" data-widget_type=\"text-editor.default\">\n\t\t\t\t<div class=\"elementor-widget-container\">\n\t\t\t\t\t\t\t<p>Le salon proposera \u00e9galement un espace sp\u00e9cifique consacr\u00e9 aux pratiques intuitives et aux arts divinatoires. Voyants, m\u00e9diums, tarologues et praticiens spirituels y offriront consultations, d\u00e9monstrations et ateliers, permettant au public de d\u00e9couvrir ces disciplines dans un cadre ouvert et accessible.<\/p><p>Cet espace, particuli\u00e8rement attendu par les visiteurs, favorise les \u00e9changes et la d\u00e9couverte de pratiques souvent entour\u00e9es de myst\u00e8re.<\/p>\t\t\t\t\t\t<\/div>\n\t\t\t\t<\/div>\n\t\t\t\t\t<\/div>\n\t\t\t\t<\/div>\n\t\t<div class=\"elementor-element elementor-element-320de59 e-flex e-con-boxed e-con e-parent\" data-id=\"320de59\" data-element_type=\"container\">\n\t\t\t\t\t<div class=\"e-con-inner\">\n\t\t\t\t<div class=\"elementor-element elementor-element-dfd1eb7 elementor-widget elementor-widget-heading\" data-id=\"dfd1eb7\" data-element_type=\"widget\" data-widget_type=\"heading.default\">\n\t\t\t\t<div class=\"elementor-widget-container\">\n\t\t\t<h2 class=\"elementor-heading-title elementor-size-default\">Conf\u00e9rences, ateliers et invit\u00e9s reconnus<\/h2>\t\t<\/div>\n\t\t\t\t<\/div>\n\t\t\t\t<div class=\"elementor-element elementor-element-ea70767 elementor-widget elementor-widget-text-editor\" data-id=\"ea70767\" data-element_type=\"widget\" data-widget_type=\"text-editor.default\">\n\t\t\t\t<div class=\"elementor-widget-container\">\n\t\t\t\t\t\t\t<p>Conf\u00e9rences, ateliers et invit\u00e9s reconnus<\/p><p>Durant les trois jours du salon, les visiteurs pourront assister \u00e0 plus de 40 conf\u00e9rences et ateliers anim\u00e9s par des intervenants reconnus dans leur domaine. Parmi les conf\u00e9renciers attendus figurent notamment Didier Doryan, Jacques Martel, Patrice Marty, Fran\u00e7oise Nallet ainsi que le chaman Tigran.<\/p><p>Ces interventions permettront d\u2019explorer de nombreuses th\u00e9matiques li\u00e9es au bien-\u00eatre, \u00e0 la spiritualit\u00e9 et \u00e0 l\u2019\u00e9panouissement personnel.<\/p>\t\t\t\t\t\t<\/div>\n\t\t\t\t<\/div>\n\t\t\t\t\t<\/div>\n\t\t\t\t<\/div>\n\t\t<div class=\"elementor-element elementor-element-0e92308 e-flex e-con-boxed e-con e-parent\" data-id=\"0e92308\" data-element_type=\"container\">\n\t\t\t\t\t<div class=\"e-con-inner\">\n\t\t\t\t<div class=\"elementor-element elementor-element-0ae29ee elementor-widget elementor-widget-heading\" data-id=\"0ae29ee\" data-element_type=\"widget\" data-widget_type=\"heading.default\">\n\t\t\t\t<div class=\"elementor-widget-container\">\n\t\t\t<h2 class=\"elementor-heading-title elementor-size-default\">Un concert vibratoire et des animations quotidiennes<\/h2>\t\t<\/div>\n\t\t\t\t<\/div>\n\t\t\t\t<div class=\"elementor-element elementor-element-4613ce2 elementor-widget elementor-widget-text-editor\" data-id=\"4613ce2\" data-element_type=\"widget\" data-widget_type=\"text-editor.default\">\n\t\t\t\t<div class=\"elementor-widget-container\">\n\t\t\t\t\t\t\t<p>Moment fort du week-end : le samedi soir, les visiteurs pourront assister \u00e0 un concert vibratoire \u201cGu\u00e9ri-Son\u201d, une exp\u00e9rience musicale immersive con\u00e7ue pour offrir un moment de d\u00e9tente et de relaxation \u00e0 travers les sons et les vibrations.<\/p><p>Chaque journ\u00e9e sera \u00e9galement rythm\u00e9e par une tombola, permettant aux participants de tenter leur chance pour remporter diff\u00e9rents lots propos\u00e9s par les exposants.<\/p>\t\t\t\t\t\t<\/div>\n\t\t\t\t<\/div>\n\t\t\t\t\t<\/div>\n\t\t\t\t<\/div>\n\t\t<div class=\"elementor-element elementor-element-6493fdd e-flex e-con-boxed e-con e-parent\" data-id=\"6493fdd\" data-element_type=\"container\">\n\t\t\t\t\t<div class=\"e-con-inner\">\n\t\t\t\t<div class=\"elementor-element elementor-element-a37e2cf elementor-widget elementor-widget-heading\" data-id=\"a37e2cf\" data-element_type=\"widget\" data-widget_type=\"heading.default\">\n\t\t\t\t<div class=\"elementor-widget-container\">\n\t\t\t<h2 class=\"elementor-heading-title elementor-size-default\">Informations pratiques<\/h2>\t\t<\/div>\n\t\t\t\t<\/div>\n\t\t\t\t<div class=\"elementor-element elementor-element-fc7e77e elementor-widget elementor-widget-text-editor\" data-id=\"fc7e77e\" data-element_type=\"widget\" data-widget_type=\"text-editor.default\">\n\t\t\t\t<div class=\"elementor-widget-container\">\n\t\t\t\t\t\t\t<p>Dates : du 13 au 15 mars 2026<\/p><p>Lieu : Mandelieu-la-Napoule<\/p><p>Horaires :<\/p><p>Vendredi et samedi : 10h \u2013 19h<\/p><p>Dimanche : 10h \u2013 18h<\/p><p>Pass 3 jours : disponible \u00e0 l\u2019achat le vendredi<\/p><p>Entr\u00e9e gratuite pour les mineurs<\/p><p>Programme complet et informations :<br \/><a href=\"https:\/\/www.salonbienetremandelieu.com\/\" target=\"_blank\" rel=\"noopener\">\u00a0https:\/\/www.salonbienetremandelieu.com\/<\/a><\/p>\t\t\t\t\t\t<\/div>\n\t\t\t\t<\/div>\n\t\t\t\t\t<\/div>\n\t\t\t\t<\/div>\n\t\t<div class=\"elementor-element elementor-element-59221ac e-flex e-con-boxed e-con e-parent\" data-id=\"59221ac\" data-element_type=\"container\">\n\t\t\t\t\t<div class=\"e-con-inner\">\n\t\t\t\t<div class=\"elementor-element elementor-element-36f7da5 elementor-arrows-position-inside elementor-pagination-position-outside elementor-widget elementor-widget-image-carousel\" data-id=\"36f7da5\" data-element_type=\"widget\" data-settings=\"{&quot;slides_to_show&quot;:&quot;1&quot;,&quot;navigation&quot;:&quot;both&quot;,&quot;autoplay&quot;:&quot;yes&quot;,&quot;pause_on_hover&quot;:&quot;yes&quot;,&quot;pause_on_interaction&quot;:&quot;yes&quot;,&quot;autoplay_speed&quot;:5000,&quot;infinite&quot;:&quot;yes&quot;,&quot;effect&quot;:&quot;slide&quot;,&quot;speed&quot;:500}\" data-widget_type=\"image-carousel.default\">\n\t\t\t\t<div class=\"elementor-widget-container\">\n\t\t\t<style>\/*! elementor - v3.23.0 - 05-08-2024 *\/\n.elementor-widget-image-carousel .swiper,.elementor-widget-image-carousel .swiper-container{position:static}.elementor-widget-image-carousel .swiper-container .swiper-slide figure,.elementor-widget-image-carousel .swiper .swiper-slide figure{line-height:inherit}.elementor-widget-image-carousel .swiper-slide{text-align:center}.elementor-image-carousel-wrapper:not(.swiper-container-initialized):not(.swiper-initialized) .swiper-slide{max-width:calc(100% \/ var(--e-image-carousel-slides-to-show, 3))}<\/style>\t\t<div class=\"elementor-image-carousel-wrapper swiper\" dir=\"ltr\">\n\t\t\t<div class=\"elementor-image-carousel swiper-wrapper\" aria-live=\"off\">\n\t\t\t\t\t\t\t\t<div class=\"swiper-slide\" role=\"group\" aria-roledescription=\"slide\" aria-label=\"1 sur 7\"><figure class=\"swiper-slide-inner\"><img decoding=\"async\" class=\"swiper-slide-image\" src=\"https:\/\/www.sortir06.fr\/actualites\/wp-content\/uploads\/2026\/03\/salon-bien-etre-mandelieu-01.webp\" alt=\"Du 13 au 15 mars 2026 : 14e Salon Bien \u00catre, Bio &amp; M\u00e9decines Douce de Mandelieu\" \/><\/figure><\/div><div class=\"swiper-slide\" role=\"group\" aria-roledescription=\"slide\" aria-label=\"2 sur 7\"><figure class=\"swiper-slide-inner\"><img decoding=\"async\" class=\"swiper-slide-image\" src=\"https:\/\/www.sortir06.fr\/actualites\/wp-content\/uploads\/2026\/03\/salon-bien-etre-mandelieu-02.webp\" alt=\"Du 13 au 15 mars 2026 : 14e Salon Bien \u00catre, Bio &amp; M\u00e9decines Douce de Mandelieu\" \/><\/figure><\/div><div class=\"swiper-slide\" role=\"group\" aria-roledescription=\"slide\" aria-label=\"3 sur 7\"><figure class=\"swiper-slide-inner\"><img decoding=\"async\" class=\"swiper-slide-image\" src=\"https:\/\/www.sortir06.fr\/actualites\/wp-content\/uploads\/2026\/03\/salon-bien-etre-mandelieu-03.webp\" alt=\"Du 13 au 15 mars 2026 : 14e Salon Bien \u00catre, Bio &amp; M\u00e9decines Douce de Mandelieu\" \/><\/figure><\/div><div class=\"swiper-slide\" role=\"group\" aria-roledescription=\"slide\" aria-label=\"4 sur 7\"><figure class=\"swiper-slide-inner\"><img decoding=\"async\" class=\"swiper-slide-image\" src=\"https:\/\/www.sortir06.fr\/actualites\/wp-content\/uploads\/2026\/03\/salon-bien-etre-mandelieu-04.webp\" alt=\"Du 13 au 15 mars 2026 : 14e Salon Bien \u00catre, Bio &amp; M\u00e9decines Douce de Mandelieu\" \/><\/figure><\/div><div class=\"swiper-slide\" role=\"group\" aria-roledescription=\"slide\" aria-label=\"5 sur 7\"><figure class=\"swiper-slide-inner\"><img decoding=\"async\" class=\"swiper-slide-image\" src=\"https:\/\/www.sortir06.fr\/actualites\/wp-content\/uploads\/2026\/03\/salon-bien-etre-mandelieu-05.webp\" alt=\"Du 13 au 15 mars 2026 : 14e Salon Bien \u00catre, Bio &amp; M\u00e9decines Douce de Mandelieu\" \/><\/figure><\/div><div class=\"swiper-slide\" role=\"group\" aria-roledescription=\"slide\" aria-label=\"6 sur 7\"><figure class=\"swiper-slide-inner\"><img decoding=\"async\" class=\"swiper-slide-image\" src=\"https:\/\/www.sortir06.fr\/actualites\/wp-content\/uploads\/2026\/03\/salon-bien-etre-mandelieu-06.webp\" alt=\"Du 13 au 15 mars 2026 : 14e Salon Bien \u00catre, Bio &amp; M\u00e9decines Douce de Mandelieu\" \/><\/figure><\/div><div class=\"swiper-slide\" role=\"group\" aria-roledescription=\"slide\" aria-label=\"7 sur 7\"><figure class=\"swiper-slide-inner\"><img decoding=\"async\" class=\"swiper-slide-image\" src=\"https:\/\/www.sortir06.fr\/actualites\/wp-content\/uploads\/2026\/03\/salon-bien-etre-mandelieu-07.webp\" alt=\"Du 13 au 15 mars 2026 : 14e Salon Bien \u00catre, Bio &amp; M\u00e9decines Douce de Mandelieu\" \/><\/figure><\/div>\t\t\t<\/div>\n\t\t\t\t\t\t\t\t\t\t\t\t<div class=\"elementor-swiper-button elementor-swiper-button-prev\" role=\"button\" tabindex=\"0\">\n\t\t\t\t\t\t<svg aria-hidden=\"true\" class=\"e-font-icon-svg e-fas-chevron-circle-left\" viewBox=\"0 0 512 512\" xmlns=\"http:\/\/www.w3.org\/2000\/svg\"><path d=\"M256 504C119 504 8 393 8 256S119 8 256 8s248 111 248 248-111 248-248 248zM142.1 273l135.5 135.5c9.4 9.4 24.6 9.4 33.9 0l17-17c9.4-9.4 9.4-24.6 0-33.9L226.9 256l101.6-101.6c9.4-9.4 9.4-24.6 0-33.9l-17-17c-9.4-9.4-24.6-9.4-33.9 0L142.1 239c-9.4 9.4-9.4 24.6 0 34z\"><\/path><\/svg>\t\t\t\t\t<\/div>\n\t\t\t\t\t<div class=\"elementor-swiper-button elementor-swiper-button-next\" role=\"button\" tabindex=\"0\">\n\t\t\t\t\t\t<svg aria-hidden=\"true\" class=\"e-font-icon-svg e-fas-chevron-circle-right\" viewBox=\"0 0 512 512\" xmlns=\"http:\/\/www.w3.org\/2000\/svg\"><path d=\"M256 8c137 0 248 111 248 248S393 504 256 504 8 393 8 256 119 8 256 8zm113.9 231L234.4 103.5c-9.4-9.4-24.6-9.4-33.9 0l-17 17c-9.4 9.4-9.4 24.6 0 33.9L285.1 256 183.5 357.6c-9.4 9.4-9.4 24.6 0 33.9l17 17c9.4 9.4 24.6 9.4 33.9 0L369.9 273c9.4-9.4 9.4-24.6 0-34z\"><\/path><\/svg>\t\t\t\t\t<\/div>\n\t\t\t\t\n\t\t\t\t\t\t\t\t\t<div class=\"swiper-pagination\"><\/div>\n\t\t\t\t\t\t\t\t\t<\/div>\n\t\t\t\t<\/div>\n\t\t\t\t<\/div>\n\t\t\t\t\t<\/div>\n\t\t\t\t<\/div>\n\t\t\t\t<\/div>\n\t\t\n\n<div class=\"kk-star-ratings kksr-auto kksr-align-center kksr-valign-bottom\"\n    data-payload='{&quot;align&quot;:&quot;center&quot;,&quot;id&quot;:&quot;2498&quot;,&quot;slug&quot;:&quot;default&quot;,&quot;valign&quot;:&quot;bottom&quot;,&quot;ignore&quot;:&quot;&quot;,&quot;reference&quot;:&quot;auto&quot;,&quot;class&quot;:&quot;&quot;,&quot;count&quot;:&quot;1&quot;,&quot;legendonly&quot;:&quot;&quot;,&quot;readonly&quot;:&quot;&quot;,&quot;score&quot;:&quot;5&quot;,&quot;starsonly&quot;:&quot;&quot;,&quot;best&quot;:&quot;5&quot;,&quot;gap&quot;:&quot;5&quot;,&quot;greet&quot;:&quot;Vous aimez ?&quot;,&quot;legend&quot;:&quot;5\\\/5 - (1 vote)&quot;,&quot;size&quot;:&quot;24&quot;,&quot;title&quot;:&quot;Mandelieu : le 14e Salon Bien-\u00catre, Bio \\u0026amp; M\u00e9decines Douces revient du 13 au 15 mars 2026&quot;,&quot;width&quot;:&quot;142.5&quot;,&quot;_legend&quot;:&quot;{score}\\\/{best} - ({count} {votes})&quot;,&quot;font_factor&quot;:&quot;1.25&quot;}'>\n            \n<div class=\"kksr-stars\">\n    \n<div class=\"kksr-stars-inactive\">\n            <div class=\"kksr-star\" data-star=\"1\" style=\"padding-right: 5px\">\n            \n\n<div class=\"kksr-icon\" style=\"width: 24px; height: 24px;\"><\/div>\n        <\/div>\n            <div class=\"kksr-star\" data-star=\"2\" style=\"padding-right: 5px\">\n            \n\n<div class=\"kksr-icon\" style=\"width: 24px; height: 24px;\"><\/div>\n        <\/div>\n            <div class=\"kksr-star\" data-star=\"3\" style=\"padding-right: 5px\">\n            \n\n<div class=\"kksr-icon\" style=\"width: 24px; height: 24px;\"><\/div>\n        <\/div>\n            <div class=\"kksr-star\" data-star=\"4\" style=\"padding-right: 5px\">\n            \n\n<div class=\"kksr-icon\" style=\"width: 24px; height: 24px;\"><\/div>\n        <\/div>\n            <div class=\"kksr-star\" data-star=\"5\" style=\"padding-right: 5px\">\n            \n\n<div class=\"kksr-icon\" style=\"width: 24px; height: 24px;\"><\/div>\n        <\/div>\n    <\/div>\n    \n<div class=\"kksr-stars-active\" style=\"width: 142.5px;\">\n            <div class=\"kksr-star\" style=\"padding-right: 5px\">\n            \n\n<div class=\"kksr-icon\" style=\"width: 24px; height: 24px;\"><\/div>\n        <\/div>\n            <div class=\"kksr-star\" style=\"padding-right: 5px\">\n            \n\n<div class=\"kksr-icon\" style=\"width: 24px; height: 24px;\"><\/div>\n        <\/div>\n            <div class=\"kksr-star\" style=\"padding-right: 5px\">\n            \n\n<div class=\"kksr-icon\" style=\"width: 24px; height: 24px;\"><\/div>\n        <\/div>\n            <div class=\"kksr-star\" style=\"padding-right: 5px\">\n            \n\n<div class=\"kksr-icon\" style=\"width: 24px; height: 24px;\"><\/div>\n        <\/div>\n            <div class=\"kksr-star\" style=\"padding-right: 5px\">\n            \n\n<div class=\"kksr-icon\" style=\"width: 24px; height: 24px;\"><\/div>\n        <\/div>\n    <\/div>\n<\/div>\n                \n\n<div class=\"kksr-legend\" style=\"font-size: 19.2px;\">\n            5\/5 - (1 vote)    <\/div>\n    <\/div>\n","protected":false},"excerpt":{"rendered":"<p>Du 13 au 15 mars 2026, la ville de Mandelieu-la-Napoule accueillera la 14e \u00e9dition du Salon Bien-\u00catre, Bio &amp; M\u00e9decines [&hellip;]<\/p>\n","protected":false},"author":1,"featured_media":2505,"comment_status":"closed","ping_status":"closed","sticky":false,"template":"","format":"standard","meta":{"site-sidebar-layout":"default","site-content-layout":"","ast-site-content-layout":"","site-content-style":"default","site-sidebar-style":"default","ast-global-header-display":"","ast-banner-title-visibility":"","ast-main-header-display":"","ast-hfb-above-header-display":"","ast-hfb-below-header-display":"","ast-hfb-mobile-header-display":"","site-post-title":"","ast-breadcrumbs-content":"","ast-featured-img":"","footer-sml-layout":"","theme-transparent-header-meta":"","adv-header-id-meta":"","stick-header-meta":"","header-above-stick-meta":"","header-main-stick-meta":"","header-below-stick-meta":"","astra-migrate-meta-layouts":"default","ast-page-background-enabled":"default","ast-page-background-meta":{"desktop":{"background-color":"var(--ast-global-color-4)","background-image":"","background-repeat":"repeat","background-position":"center center","background-size":"auto","background-attachment":"scroll","background-type":"","background-media":"","overlay-type":"","overlay-color":"","overlay-opacity":"","overlay-gradient":""},"tablet":{"background-color":"","background-image":"","background-repeat":"repeat","background-position":"center center","background-size":"auto","background-attachment":"scroll","background-type":"","background-media":"","overlay-type":"","overlay-color":"","overlay-opacity":"","overlay-gradient":""},"mobile":{"background-color":"","background-image":"","background-repeat":"repeat","background-position":"center center","background-size":"auto","background-attachment":"scroll","background-type":"","background-media":"","overlay-type":"","overlay-color":"","overlay-opacity":"","overlay-gradient":""}},"ast-content-background-meta":{"desktop":{"background-color":"var(--ast-global-color-5)","background-image":"","background-repeat":"repeat","background-position":"center center","background-size":"auto","background-attachment":"scroll","background-type":"","background-media":"","overlay-type":"","overlay-color":"","overlay-opacity":"","overlay-gradient":""},"tablet":{"background-color":"var(--ast-global-color-5)","background-image":"","background-repeat":"repeat","background-position":"center center","background-size":"auto","background-attachment":"scroll","background-type":"","background-media":"","overlay-type":"","overlay-color":"","overlay-opacity":"","overlay-gradient":""},"mobile":{"background-color":"var(--ast-global-color-5)","background-image":"","background-repeat":"repeat","background-position":"center center","background-size":"auto","background-attachment":"scroll","background-type":"","background-media":"","overlay-type":"","overlay-color":"","overlay-opacity":"","overlay-gradient":""}},"footnotes":""},"categories":[1],"tags":[94],"class_list":["post-2498","post","type-post","status-publish","format-standard","has-post-thumbnail","hentry","category-non-classe","tag-mandelieu-la-napoule"],"yoast_head":"<!-- This site is optimized with the Yoast SEO plugin v23.2 - https:\/\/yoast.com\/wordpress\/plugins\/seo\/ -->\n<title>Mandelieu : le 14e Salon Bien-\u00catre, Bio &amp; M\u00e9decines Douces revient du 13 au 15 mars 2026<\/title>\n<meta name=\"robots\" content=\"index, follow, max-snippet:-1, max-image-preview:large, max-video-preview:-1\" \/>\n<link rel=\"canonical\" href=\"https:\/\/www.sortir06.fr\/actualites\/non-classe\/mandelieu-le-14e-salon-bien-etre-bio-medecines-douces-revient-du-13-au-15-mars-2026\/\" \/>\n<meta property=\"og:locale\" content=\"fr_FR\" \/>\n<meta property=\"og:type\" content=\"article\" \/>\n<meta property=\"og:title\" content=\"Mandelieu : le 14e Salon Bien-\u00catre, Bio &amp; M\u00e9decines Douces revient du 13 au 15 mars 2026\" \/>\n<meta property=\"og:description\" content=\"Du 13 au 15 mars 2026, la ville de Mandelieu-la-Napoule accueillera la 14e \u00e9dition du Salon Bien-\u00catre, Bio &amp; M\u00e9decines [&hellip;]\" \/>\n<meta property=\"og:url\" content=\"https:\/\/www.sortir06.fr\/actualites\/non-classe\/mandelieu-le-14e-salon-bien-etre-bio-medecines-douces-revient-du-13-au-15-mars-2026\/\" \/>\n<meta property=\"og:site_name\" content=\"Actualit\u00e9s du 06 \/ Infos Presse\" \/>\n<meta property=\"article:published_time\" content=\"2026-03-05T07:23:31+00:00\" \/>\n<meta property=\"article:modified_time\" content=\"2026-03-08T18:17:13+00:00\" \/>\n<meta property=\"og:image\" content=\"https:\/\/www.sortir06.fr\/actualites\/wp-content\/uploads\/2026\/03\/salon-bien-etre-mandelieu-01.webp\" \/>\n\t<meta property=\"og:image:width\" content=\"1200\" \/>\n\t<meta property=\"og:image:height\" content=\"904\" \/>\n\t<meta property=\"og:image:type\" content=\"image\/webp\" \/>\n<meta name=\"author\" content=\"Melissa Musson\" \/>\n<meta name=\"twitter:card\" content=\"summary_large_image\" \/>\n<meta name=\"twitter:label1\" content=\"\u00c9crit par\" \/>\n\t<meta name=\"twitter:data1\" content=\"Melissa Musson\" \/>\n\t<meta name=\"twitter:label2\" content=\"Dur\u00e9e de lecture estim\u00e9e\" \/>\n\t<meta name=\"twitter:data2\" content=\"5 minutes\" \/>\n<script type=\"application\/ld+json\" class=\"yoast-schema-graph\">{\"@context\":\"https:\/\/schema.org\",\"@graph\":[{\"@type\":\"Article\",\"@id\":\"https:\/\/www.sortir06.fr\/actualites\/non-classe\/mandelieu-le-14e-salon-bien-etre-bio-medecines-douces-revient-du-13-au-15-mars-2026\/#article\",\"isPartOf\":{\"@id\":\"https:\/\/www.sortir06.fr\/actualites\/non-classe\/mandelieu-le-14e-salon-bien-etre-bio-medecines-douces-revient-du-13-au-15-mars-2026\/\"},\"author\":{\"name\":\"Melissa Musson\",\"@id\":\"https:\/\/www.sortir06.fr\/actualites\/#\/schema\/person\/d1da1901725ffa2aebaf8209035b2308\"},\"headline\":\"Mandelieu : le 14e Salon Bien-\u00catre, Bio &amp; M\u00e9decines Douces revient du 13 au 15 mars 2026\",\"datePublished\":\"2026-03-05T07:23:31+00:00\",\"dateModified\":\"2026-03-08T18:17:13+00:00\",\"mainEntityOfPage\":{\"@id\":\"https:\/\/www.sortir06.fr\/actualites\/non-classe\/mandelieu-le-14e-salon-bien-etre-bio-medecines-douces-revient-du-13-au-15-mars-2026\/\"},\"wordCount\":646,\"publisher\":{\"@id\":\"https:\/\/www.sortir06.fr\/actualites\/#organization\"},\"image\":{\"@id\":\"https:\/\/www.sortir06.fr\/actualites\/non-classe\/mandelieu-le-14e-salon-bien-etre-bio-medecines-douces-revient-du-13-au-15-mars-2026\/#primaryimage\"},\"thumbnailUrl\":\"https:\/\/www.sortir06.fr\/actualites\/wp-content\/uploads\/2026\/03\/salon-bien-etre-mandelieu-01.webp\",\"keywords\":[\"Mandelieu la Napoule\"],\"inLanguage\":\"fr-FR\"},{\"@type\":\"WebPage\",\"@id\":\"https:\/\/www.sortir06.fr\/actualites\/non-classe\/mandelieu-le-14e-salon-bien-etre-bio-medecines-douces-revient-du-13-au-15-mars-2026\/\",\"url\":\"https:\/\/www.sortir06.fr\/actualites\/non-classe\/mandelieu-le-14e-salon-bien-etre-bio-medecines-douces-revient-du-13-au-15-mars-2026\/\",\"name\":\"Mandelieu : le 14e Salon Bien-\u00catre, Bio &amp; M\u00e9decines Douces revient du 13 au 15 mars 2026\",\"isPartOf\":{\"@id\":\"https:\/\/www.sortir06.fr\/actualites\/#website\"},\"primaryImageOfPage\":{\"@id\":\"https:\/\/www.sortir06.fr\/actualites\/non-classe\/mandelieu-le-14e-salon-bien-etre-bio-medecines-douces-revient-du-13-au-15-mars-2026\/#primaryimage\"},\"image\":{\"@id\":\"https:\/\/www.sortir06.fr\/actualites\/non-classe\/mandelieu-le-14e-salon-bien-etre-bio-medecines-douces-revient-du-13-au-15-mars-2026\/#primaryimage\"},\"thumbnailUrl\":\"https:\/\/www.sortir06.fr\/actualites\/wp-content\/uploads\/2026\/03\/salon-bien-etre-mandelieu-01.webp\",\"datePublished\":\"2026-03-05T07:23:31+00:00\",\"dateModified\":\"2026-03-08T18:17:13+00:00\",\"breadcrumb\":{\"@id\":\"https:\/\/www.sortir06.fr\/actualites\/non-classe\/mandelieu-le-14e-salon-bien-etre-bio-medecines-douces-revient-du-13-au-15-mars-2026\/#breadcrumb\"},\"inLanguage\":\"fr-FR\",\"potentialAction\":[{\"@type\":\"ReadAction\",\"target\":[\"https:\/\/www.sortir06.fr\/actualites\/non-classe\/mandelieu-le-14e-salon-bien-etre-bio-medecines-douces-revient-du-13-au-15-mars-2026\/\"]}]},{\"@type\":\"ImageObject\",\"inLanguage\":\"fr-FR\",\"@id\":\"https:\/\/www.sortir06.fr\/actualites\/non-classe\/mandelieu-le-14e-salon-bien-etre-bio-medecines-douces-revient-du-13-au-15-mars-2026\/#primaryimage\",\"url\":\"https:\/\/www.sortir06.fr\/actualites\/wp-content\/uploads\/2026\/03\/salon-bien-etre-mandelieu-01.webp\",\"contentUrl\":\"https:\/\/www.sortir06.fr\/actualites\/wp-content\/uploads\/2026\/03\/salon-bien-etre-mandelieu-01.webp\",\"width\":1200,\"height\":904,\"caption\":\"Du 13 au 15 mars 2026 : 14e Salon Bien \u00catre, Bio & M\u00e9decines Douce de Mandelieu\"},{\"@type\":\"BreadcrumbList\",\"@id\":\"https:\/\/www.sortir06.fr\/actualites\/non-classe\/mandelieu-le-14e-salon-bien-etre-bio-medecines-douces-revient-du-13-au-15-mars-2026\/#breadcrumb\",\"itemListElement\":[{\"@type\":\"ListItem\",\"position\":1,\"name\":\"Accueil\",\"item\":\"https:\/\/www.sortir06.fr\/actualites\/\"},{\"@type\":\"ListItem\",\"position\":2,\"name\":\"Mandelieu : le 14e Salon Bien-\u00catre, Bio &amp; M\u00e9decines Douces revient du 13 au 15 mars 2026\"}]},{\"@type\":\"WebSite\",\"@id\":\"https:\/\/www.sortir06.fr\/actualites\/#website\",\"url\":\"https:\/\/www.sortir06.fr\/actualites\/\",\"name\":\"Actualit\u00e9s C\u00f4te d\\\"Azur (06)\",\"description\":\"\",\"publisher\":{\"@id\":\"https:\/\/www.sortir06.fr\/actualites\/#organization\"},\"alternateName\":\"Retrouvez toutes les infos presse et news du d\u00e9partement des Alpes Maritimes\",\"potentialAction\":[{\"@type\":\"SearchAction\",\"target\":{\"@type\":\"EntryPoint\",\"urlTemplate\":\"https:\/\/www.sortir06.fr\/actualites\/?s={search_term_string}\"},\"query-input\":\"required name=search_term_string\"}],\"inLanguage\":\"fr-FR\"},{\"@type\":\"Organization\",\"@id\":\"https:\/\/www.sortir06.fr\/actualites\/#organization\",\"name\":\"Sortir 06 Actualit\u00e9s\",\"url\":\"https:\/\/www.sortir06.fr\/actualites\/\",\"logo\":{\"@type\":\"ImageObject\",\"inLanguage\":\"fr-FR\",\"@id\":\"https:\/\/www.sortir06.fr\/actualites\/#\/schema\/logo\/image\/\",\"url\":\"https:\/\/www.sortir06.fr\/actualites\/wp-content\/uploads\/2024\/08\/sortir06actualites-1.webp\",\"contentUrl\":\"https:\/\/www.sortir06.fr\/actualites\/wp-content\/uploads\/2024\/08\/sortir06actualites-1.webp\",\"width\":1200,\"height\":375,\"caption\":\"Sortir 06 Actualit\u00e9s\"},\"image\":{\"@id\":\"https:\/\/www.sortir06.fr\/actualites\/#\/schema\/logo\/image\/\"}},{\"@type\":\"Person\",\"@id\":\"https:\/\/www.sortir06.fr\/actualites\/#\/schema\/person\/d1da1901725ffa2aebaf8209035b2308\",\"name\":\"Melissa Musson\",\"sameAs\":[\"https:\/\/www.sortir06.fr\/actualites\"],\"url\":\"https:\/\/www.sortir06.fr\/actualites\/author\/admins06actu\/\"}]}<\/script>\n<!-- \/ Yoast SEO plugin. -->","yoast_head_json":{"title":"Mandelieu : le 14e Salon Bien-\u00catre, Bio &amp; M\u00e9decines Douces revient du 13 au 15 mars 2026","robots":{"index":"index","follow":"follow","max-snippet":"max-snippet:-1","max-image-preview":"max-image-preview:large","max-video-preview":"max-video-preview:-1"},"canonical":"https:\/\/www.sortir06.fr\/actualites\/non-classe\/mandelieu-le-14e-salon-bien-etre-bio-medecines-douces-revient-du-13-au-15-mars-2026\/","og_locale":"fr_FR","og_type":"article","og_title":"Mandelieu : le 14e Salon Bien-\u00catre, Bio &amp; M\u00e9decines Douces revient du 13 au 15 mars 2026","og_description":"Du 13 au 15 mars 2026, la ville de Mandelieu-la-Napoule accueillera la 14e \u00e9dition du Salon Bien-\u00catre, Bio &amp; M\u00e9decines [&hellip;]","og_url":"https:\/\/www.sortir06.fr\/actualites\/non-classe\/mandelieu-le-14e-salon-bien-etre-bio-medecines-douces-revient-du-13-au-15-mars-2026\/","og_site_name":"Actualit\u00e9s du 06 \/ Infos Presse","article_published_time":"2026-03-05T07:23:31+00:00","article_modified_time":"2026-03-08T18:17:13+00:00","og_image":[{"width":1200,"height":904,"url":"https:\/\/www.sortir06.fr\/actualites\/wp-content\/uploads\/2026\/03\/salon-bien-etre-mandelieu-01.webp","type":"image\/webp"}],"author":"Melissa Musson","twitter_card":"summary_large_image","twitter_misc":{"\u00c9crit par":"Melissa Musson","Dur\u00e9e de lecture estim\u00e9e":"5 minutes"},"schema":{"@context":"https:\/\/schema.org","@graph":[{"@type":"Article","@id":"https:\/\/www.sortir06.fr\/actualites\/non-classe\/mandelieu-le-14e-salon-bien-etre-bio-medecines-douces-revient-du-13-au-15-mars-2026\/#article","isPartOf":{"@id":"https:\/\/www.sortir06.fr\/actualites\/non-classe\/mandelieu-le-14e-salon-bien-etre-bio-medecines-douces-revient-du-13-au-15-mars-2026\/"},"author":{"name":"Melissa Musson","@id":"https:\/\/www.sortir06.fr\/actualites\/#\/schema\/person\/d1da1901725ffa2aebaf8209035b2308"},"headline":"Mandelieu : le 14e Salon Bien-\u00catre, Bio &amp; M\u00e9decines Douces revient du 13 au 15 mars 2026","datePublished":"2026-03-05T07:23:31+00:00","dateModified":"2026-03-08T18:17:13+00:00","mainEntityOfPage":{"@id":"https:\/\/www.sortir06.fr\/actualites\/non-classe\/mandelieu-le-14e-salon-bien-etre-bio-medecines-douces-revient-du-13-au-15-mars-2026\/"},"wordCount":646,"publisher":{"@id":"https:\/\/www.sortir06.fr\/actualites\/#organization"},"image":{"@id":"https:\/\/www.sortir06.fr\/actualites\/non-classe\/mandelieu-le-14e-salon-bien-etre-bio-medecines-douces-revient-du-13-au-15-mars-2026\/#primaryimage"},"thumbnailUrl":"https:\/\/www.sortir06.fr\/actualites\/wp-content\/uploads\/2026\/03\/salon-bien-etre-mandelieu-01.webp","keywords":["Mandelieu la Napoule"],"inLanguage":"fr-FR"},{"@type":"WebPage","@id":"https:\/\/www.sortir06.fr\/actualites\/non-classe\/mandelieu-le-14e-salon-bien-etre-bio-medecines-douces-revient-du-13-au-15-mars-2026\/","url":"https:\/\/www.sortir06.fr\/actualites\/non-classe\/mandelieu-le-14e-salon-bien-etre-bio-medecines-douces-revient-du-13-au-15-mars-2026\/","name":"Mandelieu : le 14e Salon Bien-\u00catre, Bio &amp; M\u00e9decines Douces revient du 13 au 15 mars 2026","isPartOf":{"@id":"https:\/\/www.sortir06.fr\/actualites\/#website"},"primaryImageOfPage":{"@id":"https:\/\/www.sortir06.fr\/actualites\/non-classe\/mandelieu-le-14e-salon-bien-etre-bio-medecines-douces-revient-du-13-au-15-mars-2026\/#primaryimage"},"image":{"@id":"https:\/\/www.sortir06.fr\/actualites\/non-classe\/mandelieu-le-14e-salon-bien-etre-bio-medecines-douces-revient-du-13-au-15-mars-2026\/#primaryimage"},"thumbnailUrl":"https:\/\/www.sortir06.fr\/actualites\/wp-content\/uploads\/2026\/03\/salon-bien-etre-mandelieu-01.webp","datePublished":"2026-03-05T07:23:31+00:00","dateModified":"2026-03-08T18:17:13+00:00","breadcrumb":{"@id":"https:\/\/www.sortir06.fr\/actualites\/non-classe\/mandelieu-le-14e-salon-bien-etre-bio-medecines-douces-revient-du-13-au-15-mars-2026\/#breadcrumb"},"inLanguage":"fr-FR","potentialAction":[{"@type":"ReadAction","target":["https:\/\/www.sortir06.fr\/actualites\/non-classe\/mandelieu-le-14e-salon-bien-etre-bio-medecines-douces-revient-du-13-au-15-mars-2026\/"]}]},{"@type":"ImageObject","inLanguage":"fr-FR","@id":"https:\/\/www.sortir06.fr\/actualites\/non-classe\/mandelieu-le-14e-salon-bien-etre-bio-medecines-douces-revient-du-13-au-15-mars-2026\/#primaryimage","url":"https:\/\/www.sortir06.fr\/actualites\/wp-content\/uploads\/2026\/03\/salon-bien-etre-mandelieu-01.webp","contentUrl":"https:\/\/www.sortir06.fr\/actualites\/wp-content\/uploads\/2026\/03\/salon-bien-etre-mandelieu-01.webp","width":1200,"height":904,"caption":"Du 13 au 15 mars 2026 : 14e Salon Bien \u00catre, Bio & M\u00e9decines Douce de Mandelieu"},{"@type":"BreadcrumbList","@id":"https:\/\/www.sortir06.fr\/actualites\/non-classe\/mandelieu-le-14e-salon-bien-etre-bio-medecines-douces-revient-du-13-au-15-mars-2026\/#breadcrumb","itemListElement":[{"@type":"ListItem","position":1,"name":"Accueil","item":"https:\/\/www.sortir06.fr\/actualites\/"},{"@type":"ListItem","position":2,"name":"Mandelieu : le 14e Salon Bien-\u00catre, Bio &amp; M\u00e9decines Douces revient du 13 au 15 mars 2026"}]},{"@type":"WebSite","@id":"https:\/\/www.sortir06.fr\/actualites\/#website","url":"https:\/\/www.sortir06.fr\/actualites\/","name":"Actualit\u00e9s C\u00f4te d\"Azur (06)","description":"","publisher":{"@id":"https:\/\/www.sortir06.fr\/actualites\/#organization"},"alternateName":"Retrouvez toutes les infos presse et news du d\u00e9partement des Alpes Maritimes","potentialAction":[{"@type":"SearchAction","target":{"@type":"EntryPoint","urlTemplate":"https:\/\/www.sortir06.fr\/actualites\/?s={search_term_string}"},"query-input":"required name=search_term_string"}],"inLanguage":"fr-FR"},{"@type":"Organization","@id":"https:\/\/www.sortir06.fr\/actualites\/#organization","name":"Sortir 06 Actualit\u00e9s","url":"https:\/\/www.sortir06.fr\/actualites\/","logo":{"@type":"ImageObject","inLanguage":"fr-FR","@id":"https:\/\/www.sortir06.fr\/actualites\/#\/schema\/logo\/image\/","url":"https:\/\/www.sortir06.fr\/actualites\/wp-content\/uploads\/2024\/08\/sortir06actualites-1.webp","contentUrl":"https:\/\/www.sortir06.fr\/actualites\/wp-content\/uploads\/2024\/08\/sortir06actualites-1.webp","width":1200,"height":375,"caption":"Sortir 06 Actualit\u00e9s"},"image":{"@id":"https:\/\/www.sortir06.fr\/actualites\/#\/schema\/logo\/image\/"}},{"@type":"Person","@id":"https:\/\/www.sortir06.fr\/actualites\/#\/schema\/person\/d1da1901725ffa2aebaf8209035b2308","name":"Melissa Musson","sameAs":["https:\/\/www.sortir06.fr\/actualites"],"url":"https:\/\/www.sortir06.fr\/actualites\/author\/admins06actu\/"}]}},"_links":{"self":[{"href":"https:\/\/www.sortir06.fr\/actualites\/wp-json\/wp\/v2\/posts\/2498","targetHints":{"allow":["GET"]}}],"collection":[{"href":"https:\/\/www.sortir06.fr\/actualites\/wp-json\/wp\/v2\/posts"}],"about":[{"href":"https:\/\/www.sortir06.fr\/actualites\/wp-json\/wp\/v2\/types\/post"}],"author":[{"embeddable":true,"href":"https:\/\/www.sortir06.fr\/actualites\/wp-json\/wp\/v2\/users\/1"}],"replies":[{"embeddable":true,"href":"https:\/\/www.sortir06.fr\/actualites\/wp-json\/wp\/v2\/comments?post=2498"}],"version-history":[{"count":7,"href":"https:\/\/www.sortir06.fr\/actualites\/wp-json\/wp\/v2\/posts\/2498\/revisions"}],"predecessor-version":[{"id":2512,"href":"https:\/\/www.sortir06.fr\/actualites\/wp-json\/wp\/v2\/posts\/2498\/revisions\/2512"}],"wp:featuredmedia":[{"embeddable":true,"href":"https:\/\/www.sortir06.fr\/actualites\/wp-json\/wp\/v2\/media\/2505"}],"wp:attachment":[{"href":"https:\/\/www.sortir06.fr\/actualites\/wp-json\/wp\/v2\/media?parent=2498"}],"wp:term":[{"taxonomy":"category","embeddable":true,"href":"https:\/\/www.sortir06.fr\/actualites\/wp-json\/wp\/v2\/categories?post=2498"},{"taxonomy":"post_tag","embeddable":true,"href":"https:\/\/www.sortir06.fr\/actualites\/wp-json\/wp\/v2\/tags?post=2498"}],"curies":[{"name":"wp","href":"https:\/\/api.w.org\/{rel}","templated":true}]}}