{"id":2550,"date":"2026-03-10T20:40:56","date_gmt":"2026-03-10T19:40:56","guid":{"rendered":"https:\/\/www.sortir06.fr\/actualites\/?p=2550"},"modified":"2026-03-10T20:58:24","modified_gmt":"2026-03-10T19:58:24","slug":"le-groupe-hotelier-solestia-fait-lacquisition-de-3-hotels-a-cannes","status":"publish","type":"post","link":"https:\/\/www.sortir06.fr\/actualites\/economie\/le-groupe-hotelier-solestia-fait-lacquisition-de-3-hotels-a-cannes\/","title":{"rendered":"Le groupe h\u00f4telier Solestia fait l&rsquo;acquisition de 3 h\u00f4tels \u00e0 Cannes"},"content":{"rendered":"\t\t<div data-elementor-type=\"wp-post\" data-elementor-id=\"2550\" class=\"elementor elementor-2550\" data-elementor-post-type=\"post\">\n\t\t\t\t<div class=\"elementor-element elementor-element-39e1b3a e-flex e-con-boxed e-con e-parent\" data-id=\"39e1b3a\" data-element_type=\"container\">\n\t\t\t\t\t<div class=\"e-con-inner\">\n\t\t\t\t<div class=\"elementor-element elementor-element-e10208f elementor-widget elementor-widget-text-editor\" data-id=\"e10208f\" data-element_type=\"widget\" data-widget_type=\"text-editor.default\">\n\t\t\t\t<div class=\"elementor-widget-container\">\n\t\t\t<style>\/*! elementor - v3.23.0 - 05-08-2024 *\/\n.elementor-widget-text-editor.elementor-drop-cap-view-stacked .elementor-drop-cap{background-color:#69727d;color:#fff}.elementor-widget-text-editor.elementor-drop-cap-view-framed .elementor-drop-cap{color:#69727d;border:3px solid;background-color:transparent}.elementor-widget-text-editor:not(.elementor-drop-cap-view-default) .elementor-drop-cap{margin-top:8px}.elementor-widget-text-editor:not(.elementor-drop-cap-view-default) .elementor-drop-cap-letter{width:1em;height:1em}.elementor-widget-text-editor .elementor-drop-cap{float:left;text-align:center;line-height:1;font-size:50px}.elementor-widget-text-editor .elementor-drop-cap-letter{display:inline-block}<\/style>\t\t\t\t<p>Nouvel acteur du tourisme sur la C\u00f4te d\u2019Azur, le groupe Solestia annonce son lancement avec l\u2019acquisition de trois h\u00f4tels \u00e0 Cannes, dont l\u2019<strong>h\u00f4tel Verlaine****<\/strong>. Il pr\u00e9voit \u00e9galement l\u2019ouverture \u00e0 Nice, courant 2026, d\u2019un h\u00f4tel et d\u2019un restaurant.<\/p><p>\u00a0<\/p><p>S\u2019inscrivant dans une d\u00e9marche de cr\u00e9ation de lieux \u00e0 forte identit\u00e9, fond\u00e9e sur l\u2019exigence du<br \/>d\u00e9tail et dans un esprit m\u00e9diterran\u00e9en, le nouveau groupe h\u00f4telier Solestia fait une entr\u00e9e<br \/>remarqu\u00e9e sur le march\u00e9 azur\u00e9en.<\/p><p><br \/>Le groupe annonce en effet l\u2019acquisition de trois h\u00f4tels embl\u00e9matiques de Cannes,<br \/>id\u00e9alement situ\u00e9s \u00e0 proximit\u00e9 de la Croisette et de la rue d\u2019Antibes : <strong>l\u2019h\u00f4tel Verlaine****<\/strong>, <strong>l\u2019h\u00f4tel &amp; Spa C\u00e9zanne****<\/strong> et l<strong>\u2019h\u00f4tel Renoir****.<\/strong> Totalisant 106 chambres, en cat\u00e9gories Classique,<br \/>Sup\u00e9rieure et Suite, ces \u00e9tablissements constituent le point de d\u00e9part du d\u00e9veloppement du<br \/>groupe, port\u00e9 par une vision de l\u2019hospitalit\u00e9 centr\u00e9e sur l\u2019humain et l\u2019exp\u00e9rience client.<\/p><p>\u00a0<\/p><p>\u00ab Solestia incarne la lumi\u00e8re et l\u2019accueil, deux piliers de notre vision. Nous souhaitons cr\u00e9er des lieux \u00e0 la fois \u00e9l\u00e9gants et sinc\u00e8res, o\u00f9 la chaleur humaine rencontre la beaut\u00e9 des d\u00e9tails. Un hymne \u00e0 la M\u00e9diterran\u00e9e, \u00e0 la douceur de vivre et \u00e0 une beaut\u00e9 intemporelle qui unit les rivages du Sud \u00bb, explique le groupe<\/p>\t\t\t\t\t\t<\/div>\n\t\t\t\t<\/div>\n\t\t\t\t\t<\/div>\n\t\t\t\t<\/div>\n\t\t<div class=\"elementor-element elementor-element-4eee410 e-flex e-con-boxed e-con e-parent\" data-id=\"4eee410\" data-element_type=\"container\">\n\t\t\t\t\t<div class=\"e-con-inner\">\n\t\t\t\t<div class=\"elementor-element elementor-element-87141e6 elementor-widget elementor-widget-heading\" data-id=\"87141e6\" data-element_type=\"widget\" data-widget_type=\"heading.default\">\n\t\t\t\t<div class=\"elementor-widget-container\">\n\t\t\t<style>\/*! elementor - v3.23.0 - 05-08-2024 *\/\n.elementor-heading-title{padding:0;margin:0;line-height:1}.elementor-widget-heading .elementor-heading-title[class*=elementor-size-]>a{color:inherit;font-size:inherit;line-height:inherit}.elementor-widget-heading .elementor-heading-title.elementor-size-small{font-size:15px}.elementor-widget-heading .elementor-heading-title.elementor-size-medium{font-size:19px}.elementor-widget-heading .elementor-heading-title.elementor-size-large{font-size:29px}.elementor-widget-heading .elementor-heading-title.elementor-size-xl{font-size:39px}.elementor-widget-heading .elementor-heading-title.elementor-size-xxl{font-size:59px}<\/style><h2 class=\"elementor-heading-title elementor-size-default\">Le groupe Solestia pr\u00e9voit un vaste programme de r\u00e9novation et de d\u00e9veloppement<\/h2>\t\t<\/div>\n\t\t\t\t<\/div>\n\t\t\t\t\t<\/div>\n\t\t\t\t<\/div>\n\t\t<div class=\"elementor-element elementor-element-b9acf52 e-flex e-con-boxed e-con e-parent\" data-id=\"b9acf52\" data-element_type=\"container\">\n\t\t\t\t\t<div class=\"e-con-inner\">\n\t\t\t\t<div class=\"elementor-element elementor-element-ec04001 elementor-widget elementor-widget-text-editor\" data-id=\"ec04001\" data-element_type=\"widget\" data-widget_type=\"text-editor.default\">\n\t\t\t\t<div class=\"elementor-widget-container\">\n\t\t\t\t\t\t\t<p>Sur ses trois \u00e9tablissements cannois, Solestia a engag\u00e9 un vaste programme de r\u00e9novation et de r\u00e9habilitation, pour un investissement total de 500 K euros, d\u00e9but\u00e9 sur les h\u00f4tels Renoir et C\u00e9zanne avant d\u2019\u00eatre \u00e9tendu prochainement au Verlaine.<\/p><p><strong>L\u2019h\u00f4tel Renoir****<\/strong> a notamment b\u00e9n\u00e9ficier d\u2019une refonte compl\u00e8te de son lobby et de sa salle<br \/>de petit-d\u00e9jeuner, imagin\u00e9e par le cabinet d\u2019architecture ni\u00e7ois Bleu Gris.<\/p><p><strong>L\u2019h\u00f4tel Verlaine****<\/strong>, quant \u00e0 lui, conna\u00eetra aussi des travaux d\u2019am\u00e9nagements, mais reste \u00e0<br \/>ce jour la version la plus aboutie de la marque. Ancien h\u00f4tel particulier de style Belle \u00c9poque, il<br \/>dispose de 46 chambres et suites r\u00e9parties entre le b\u00e2timent principal, sur 4 niveaux, et son<br \/>annexe, baptis\u00e9e l\u2019Atelier. Entre inspiration jungle, art graphique et papillon, toutes les<br \/>chambres sont climatis\u00e9es, \u00e9quip\u00e9es d\u2019un mini-bar, d\u2019un coffre fort, d\u2019un acc\u00e8s \u00e0 internet<br \/>gratuit et d\u2019une t\u00e9l\u00e9vision \u00e0 \u00e9cran plat. C\u00f4t\u00e9 salle de bain, des s\u00e8ches cheveux, des peignoirs,<br \/>de grandes serviettes et des produits d\u2019accueil sign\u00e9s NUXE compl\u00e8tent l\u2019offre.<br \/>V\u00e9ritable parenth\u00e8se de bien-\u00eatre, o\u00f9 la douceur m\u00e9diterran\u00e9enne est omnipr\u00e9sente, l\u2019h\u00f4tel<br \/>Verlaine dispose aussi d\u2019un patio privatif ombrag\u00e9, loin de l\u2019agitation urbaine. L\u2019h\u00f4tel dispose<br \/>\u00e9galement d\u2019un bar, d\u2019une salle de r\u00e9union et d\u2019un parking privatif, r\u00e9pondant aux attentes<br \/>d\u2019une client\u00e8le de loisirs comme d&rsquo;affaires.<\/p><p>Solestia ne compte pas en rester l\u00e0. Dans une logique de d\u00e9veloppement, et apr\u00e8s<br \/>l\u2019acquisition de ses premiers h\u00f4tels, le groupe pr\u00e9voit aussi, courant 2026, l\u2019ouverture de<br \/><strong>l\u2019h\u00f4tel Posidonia****<\/strong> et du <strong>restaurant Sacha<\/strong> en plein coeur de Nice et actuellement en cours<br \/>de construction.<\/p>\t\t\t\t\t\t<\/div>\n\t\t\t\t<\/div>\n\t\t\t\t\t<\/div>\n\t\t\t\t<\/div>\n\t\t<div class=\"elementor-element elementor-element-457d7b0 e-flex e-con-boxed e-con e-parent\" data-id=\"457d7b0\" data-element_type=\"container\">\n\t\t\t\t\t<div class=\"e-con-inner\">\n\t\t\t\t<div class=\"elementor-element elementor-element-fb1bab8 elementor-arrows-position-inside elementor-pagination-position-outside elementor-widget elementor-widget-image-carousel\" data-id=\"fb1bab8\" data-element_type=\"widget\" data-settings=\"{&quot;slides_to_show&quot;:&quot;1&quot;,&quot;navigation&quot;:&quot;both&quot;,&quot;autoplay&quot;:&quot;yes&quot;,&quot;pause_on_hover&quot;:&quot;yes&quot;,&quot;pause_on_interaction&quot;:&quot;yes&quot;,&quot;autoplay_speed&quot;:5000,&quot;infinite&quot;:&quot;yes&quot;,&quot;effect&quot;:&quot;slide&quot;,&quot;speed&quot;:500}\" data-widget_type=\"image-carousel.default\">\n\t\t\t\t<div class=\"elementor-widget-container\">\n\t\t\t<style>\/*! elementor - v3.23.0 - 05-08-2024 *\/\n.elementor-widget-image-carousel .swiper,.elementor-widget-image-carousel .swiper-container{position:static}.elementor-widget-image-carousel .swiper-container .swiper-slide figure,.elementor-widget-image-carousel .swiper .swiper-slide figure{line-height:inherit}.elementor-widget-image-carousel .swiper-slide{text-align:center}.elementor-image-carousel-wrapper:not(.swiper-container-initialized):not(.swiper-initialized) .swiper-slide{max-width:calc(100% \/ var(--e-image-carousel-slides-to-show, 3))}<\/style>\t\t<div class=\"elementor-image-carousel-wrapper swiper\" dir=\"ltr\">\n\t\t\t<div class=\"elementor-image-carousel swiper-wrapper\" aria-live=\"off\">\n\t\t\t\t\t\t\t\t<div class=\"swiper-slide\" role=\"group\" aria-roledescription=\"slide\" aria-label=\"1 sur 13\"><figure class=\"swiper-slide-inner\"><img decoding=\"async\" class=\"swiper-slide-image\" src=\"https:\/\/www.sortir06.fr\/actualites\/wp-content\/uploads\/2026\/03\/hotel-verlaine-cannes-01.webp\" alt=\"Hotel Verlaine Cannes\" \/><\/figure><\/div><div class=\"swiper-slide\" role=\"group\" aria-roledescription=\"slide\" aria-label=\"2 sur 13\"><figure class=\"swiper-slide-inner\"><img decoding=\"async\" class=\"swiper-slide-image\" src=\"https:\/\/www.sortir06.fr\/actualites\/wp-content\/uploads\/2026\/03\/hotel-verlaine-cannes-02.webp\" alt=\"Hotel Verlaine Cannes\" \/><\/figure><\/div><div class=\"swiper-slide\" role=\"group\" aria-roledescription=\"slide\" aria-label=\"3 sur 13\"><figure class=\"swiper-slide-inner\"><img decoding=\"async\" class=\"swiper-slide-image\" src=\"https:\/\/www.sortir06.fr\/actualites\/wp-content\/uploads\/2026\/03\/hotel-verlaine-cannes-03.webp\" alt=\"Hotel Verlaine Cannes\" \/><\/figure><\/div><div class=\"swiper-slide\" role=\"group\" aria-roledescription=\"slide\" aria-label=\"4 sur 13\"><figure class=\"swiper-slide-inner\"><img decoding=\"async\" class=\"swiper-slide-image\" src=\"https:\/\/www.sortir06.fr\/actualites\/wp-content\/uploads\/2026\/03\/hotel-verlaine-cannes-04.webp\" alt=\"Hotel Verlaine Cannes\" \/><\/figure><\/div><div class=\"swiper-slide\" role=\"group\" aria-roledescription=\"slide\" aria-label=\"5 sur 13\"><figure class=\"swiper-slide-inner\"><img decoding=\"async\" class=\"swiper-slide-image\" src=\"https:\/\/www.sortir06.fr\/actualites\/wp-content\/uploads\/2026\/03\/hotel-verlaine-cannes-05.webp\" alt=\"Hotel Verlaine Cannes\" \/><\/figure><\/div><div class=\"swiper-slide\" role=\"group\" aria-roledescription=\"slide\" aria-label=\"6 sur 13\"><figure class=\"swiper-slide-inner\"><img decoding=\"async\" class=\"swiper-slide-image\" src=\"https:\/\/www.sortir06.fr\/actualites\/wp-content\/uploads\/2026\/03\/hotel-verlaine-cannes-06.webp\" alt=\"Hotel Verlaine Cannes\" \/><\/figure><\/div><div class=\"swiper-slide\" role=\"group\" aria-roledescription=\"slide\" aria-label=\"7 sur 13\"><figure class=\"swiper-slide-inner\"><img decoding=\"async\" class=\"swiper-slide-image\" src=\"https:\/\/www.sortir06.fr\/actualites\/wp-content\/uploads\/2026\/03\/hotel-verlaine-cannes-07.webp\" alt=\"Hotel Verlaine Cannes\" \/><\/figure><\/div><div class=\"swiper-slide\" role=\"group\" aria-roledescription=\"slide\" aria-label=\"8 sur 13\"><figure class=\"swiper-slide-inner\"><img decoding=\"async\" class=\"swiper-slide-image\" src=\"https:\/\/www.sortir06.fr\/actualites\/wp-content\/uploads\/2026\/03\/hotel-verlaine-cannes-08.webp\" alt=\"Hotel Verlaine Cannes\" \/><\/figure><\/div><div class=\"swiper-slide\" role=\"group\" aria-roledescription=\"slide\" aria-label=\"9 sur 13\"><figure class=\"swiper-slide-inner\"><img decoding=\"async\" class=\"swiper-slide-image\" src=\"https:\/\/www.sortir06.fr\/actualites\/wp-content\/uploads\/2026\/03\/hotel-verlaine-cannes-09.webp\" alt=\"Hotel Verlaine Cannes\" \/><\/figure><\/div><div class=\"swiper-slide\" role=\"group\" aria-roledescription=\"slide\" aria-label=\"10 sur 13\"><figure class=\"swiper-slide-inner\"><img decoding=\"async\" class=\"swiper-slide-image\" src=\"https:\/\/www.sortir06.fr\/actualites\/wp-content\/uploads\/2026\/03\/hotel-verlaine-cannes-10.webp\" alt=\"Hotel Verlaine Cannes\" \/><\/figure><\/div><div class=\"swiper-slide\" role=\"group\" aria-roledescription=\"slide\" aria-label=\"11 sur 13\"><figure class=\"swiper-slide-inner\"><img decoding=\"async\" class=\"swiper-slide-image\" src=\"https:\/\/www.sortir06.fr\/actualites\/wp-content\/uploads\/2026\/03\/hotel-renoir-cannes-02.webp\" alt=\"Hotel Renoir Cannes\" \/><\/figure><\/div><div class=\"swiper-slide\" role=\"group\" aria-roledescription=\"slide\" aria-label=\"12 sur 13\"><figure class=\"swiper-slide-inner\"><img decoding=\"async\" class=\"swiper-slide-image\" src=\"https:\/\/www.sortir06.fr\/actualites\/wp-content\/uploads\/2026\/03\/hotel-renoir-cannes-01.webp\" alt=\"Hotel Renoir Cannes\" \/><\/figure><\/div><div class=\"swiper-slide\" role=\"group\" aria-roledescription=\"slide\" aria-label=\"13 sur 13\"><figure class=\"swiper-slide-inner\"><img decoding=\"async\" class=\"swiper-slide-image\" src=\"https:\/\/www.sortir06.fr\/actualites\/wp-content\/uploads\/2026\/03\/solestia-group.webp\" alt=\"Le groupe h\u00f4telier Solestia fait l&#039;acquisition de h\u00f4tels \u00e0 Cannes\" \/><\/figure><\/div>\t\t\t<\/div>\n\t\t\t\t\t\t\t\t\t\t\t\t<div class=\"elementor-swiper-button elementor-swiper-button-prev\" role=\"button\" tabindex=\"0\">\n\t\t\t\t\t\t<svg aria-hidden=\"true\" class=\"e-font-icon-svg e-fas-chevron-circle-left\" viewBox=\"0 0 512 512\" xmlns=\"http:\/\/www.w3.org\/2000\/svg\"><path d=\"M256 504C119 504 8 393 8 256S119 8 256 8s248 111 248 248-111 248-248 248zM142.1 273l135.5 135.5c9.4 9.4 24.6 9.4 33.9 0l17-17c9.4-9.4 9.4-24.6 0-33.9L226.9 256l101.6-101.6c9.4-9.4 9.4-24.6 0-33.9l-17-17c-9.4-9.4-24.6-9.4-33.9 0L142.1 239c-9.4 9.4-9.4 24.6 0 34z\"><\/path><\/svg>\t\t\t\t\t<\/div>\n\t\t\t\t\t<div class=\"elementor-swiper-button elementor-swiper-button-next\" role=\"button\" tabindex=\"0\">\n\t\t\t\t\t\t<svg aria-hidden=\"true\" class=\"e-font-icon-svg e-fas-chevron-circle-right\" viewBox=\"0 0 512 512\" xmlns=\"http:\/\/www.w3.org\/2000\/svg\"><path d=\"M256 8c137 0 248 111 248 248S393 504 256 504 8 393 8 256 119 8 256 8zm113.9 231L234.4 103.5c-9.4-9.4-24.6-9.4-33.9 0l-17 17c-9.4 9.4-9.4 24.6 0 33.9L285.1 256 183.5 357.6c-9.4 9.4-9.4 24.6 0 33.9l17 17c9.4 9.4 24.6 9.4 33.9 0L369.9 273c9.4-9.4 9.4-24.6 0-34z\"><\/path><\/svg>\t\t\t\t\t<\/div>\n\t\t\t\t\n\t\t\t\t\t\t\t\t\t<div class=\"swiper-pagination\"><\/div>\n\t\t\t\t\t\t\t\t\t<\/div>\n\t\t\t\t<\/div>\n\t\t\t\t<\/div>\n\t\t\t\t\t<\/div>\n\t\t\t\t<\/div>\n\t\t<div class=\"elementor-element elementor-element-e269c12 e-flex e-con-boxed e-con e-parent\" data-id=\"e269c12\" data-element_type=\"container\">\n\t\t\t\t\t<div class=\"e-con-inner\">\n\t\t\t\t<div class=\"elementor-element elementor-element-7ceebc4 elementor-widget elementor-widget-heading\" data-id=\"7ceebc4\" data-element_type=\"widget\" data-widget_type=\"heading.default\">\n\t\t\t\t<div class=\"elementor-widget-container\">\n\t\t\t<h2 class=\"elementor-heading-title elementor-size-default\">A propos du groupe Solestia<\/h2>\t\t<\/div>\n\t\t\t\t<\/div>\n\t\t\t\t\t<\/div>\n\t\t\t\t<\/div>\n\t\t<div class=\"elementor-element elementor-element-0e40bad e-flex e-con-boxed e-con e-parent\" data-id=\"0e40bad\" data-element_type=\"container\">\n\t\t\t\t\t<div class=\"e-con-inner\">\n\t\t\t\t<div class=\"elementor-element elementor-element-0f74251 elementor-widget elementor-widget-text-editor\" data-id=\"0f74251\" data-element_type=\"widget\" data-widget_type=\"text-editor.default\">\n\t\t\t\t<div class=\"elementor-widget-container\">\n\t\t\t\t\t\t\t<p>Fond\u00e9 en octobre 2025, Solestia est un groupe h\u00f4telier familial et ind\u00e9pendant, dont le nom est n\u00e9 de la rencontre entre Sol, le soleil en latin, symbole de chaleur et de vitalit\u00e9, et Hestia, d\u00e9esse grecque du foyer et de la lumi\u00e8re sacr\u00e9e. Ancr\u00e9 sur la C\u00f4te d\u2019Azur, et plus pr\u00e9cis\u00e9ment \u00e0 Nice, Solestia d\u00e9fend une vision de l\u2019hospitalit\u00e9 centr\u00e9e sur l\u2019humain, l\u2019exp\u00e9rience client et l\u2019art de vivre m\u00e9diterran\u00e9en.<\/p>\t\t\t\t\t\t<\/div>\n\t\t\t\t<\/div>\n\t\t\t\t\t<\/div>\n\t\t\t\t<\/div>\n\t\t\t\t<\/div>\n\t\t\n\n<div class=\"kk-star-ratings kksr-auto kksr-align-center kksr-valign-bottom\"\n    data-payload='{&quot;align&quot;:&quot;center&quot;,&quot;id&quot;:&quot;2550&quot;,&quot;slug&quot;:&quot;default&quot;,&quot;valign&quot;:&quot;bottom&quot;,&quot;ignore&quot;:&quot;&quot;,&quot;reference&quot;:&quot;auto&quot;,&quot;class&quot;:&quot;&quot;,&quot;count&quot;:&quot;2&quot;,&quot;legendonly&quot;:&quot;&quot;,&quot;readonly&quot;:&quot;&quot;,&quot;score&quot;:&quot;5&quot;,&quot;starsonly&quot;:&quot;&quot;,&quot;best&quot;:&quot;5&quot;,&quot;gap&quot;:&quot;5&quot;,&quot;greet&quot;:&quot;Vous aimez ?&quot;,&quot;legend&quot;:&quot;5\\\/5 - (2 votes)&quot;,&quot;size&quot;:&quot;24&quot;,&quot;title&quot;:&quot;Le groupe h\u00f4telier Solestia fait l\\u0026#039;acquisition de 3 h\u00f4tels \u00e0 Cannes&quot;,&quot;width&quot;:&quot;142.5&quot;,&quot;_legend&quot;:&quot;{score}\\\/{best} - ({count} {votes})&quot;,&quot;font_factor&quot;:&quot;1.25&quot;}'>\n            \n<div class=\"kksr-stars\">\n    \n<div class=\"kksr-stars-inactive\">\n            <div class=\"kksr-star\" data-star=\"1\" style=\"padding-right: 5px\">\n            \n\n<div class=\"kksr-icon\" style=\"width: 24px; height: 24px;\"><\/div>\n        <\/div>\n            <div class=\"kksr-star\" data-star=\"2\" style=\"padding-right: 5px\">\n            \n\n<div class=\"kksr-icon\" style=\"width: 24px; height: 24px;\"><\/div>\n        <\/div>\n            <div class=\"kksr-star\" data-star=\"3\" style=\"padding-right: 5px\">\n            \n\n<div class=\"kksr-icon\" style=\"width: 24px; height: 24px;\"><\/div>\n        <\/div>\n            <div class=\"kksr-star\" data-star=\"4\" style=\"padding-right: 5px\">\n            \n\n<div class=\"kksr-icon\" style=\"width: 24px; height: 24px;\"><\/div>\n        <\/div>\n            <div class=\"kksr-star\" data-star=\"5\" style=\"padding-right: 5px\">\n            \n\n<div class=\"kksr-icon\" style=\"width: 24px; height: 24px;\"><\/div>\n        <\/div>\n    <\/div>\n    \n<div class=\"kksr-stars-active\" style=\"width: 142.5px;\">\n            <div class=\"kksr-star\" style=\"padding-right: 5px\">\n            \n\n<div class=\"kksr-icon\" style=\"width: 24px; height: 24px;\"><\/div>\n        <\/div>\n            <div class=\"kksr-star\" style=\"padding-right: 5px\">\n            \n\n<div class=\"kksr-icon\" style=\"width: 24px; height: 24px;\"><\/div>\n        <\/div>\n            <div class=\"kksr-star\" style=\"padding-right: 5px\">\n            \n\n<div class=\"kksr-icon\" style=\"width: 24px; height: 24px;\"><\/div>\n        <\/div>\n            <div class=\"kksr-star\" style=\"padding-right: 5px\">\n            \n\n<div class=\"kksr-icon\" style=\"width: 24px; height: 24px;\"><\/div>\n        <\/div>\n            <div class=\"kksr-star\" style=\"padding-right: 5px\">\n            \n\n<div class=\"kksr-icon\" style=\"width: 24px; height: 24px;\"><\/div>\n        <\/div>\n    <\/div>\n<\/div>\n                \n\n<div class=\"kksr-legend\" style=\"font-size: 19.2px;\">\n            5\/5 - (2 votes)    <\/div>\n    <\/div>\n","protected":false},"excerpt":{"rendered":"<p>Nouvel acteur du tourisme sur la C\u00f4te d\u2019Azur, le groupe Solestia annonce son lancement avec l\u2019acquisition de trois h\u00f4tels \u00e0 [&hellip;]<\/p>\n","protected":false},"author":1,"featured_media":2561,"comment_status":"closed","ping_status":"closed","sticky":false,"template":"","format":"standard","meta":{"site-sidebar-layout":"default","site-content-layout":"","ast-site-content-layout":"","site-content-style":"default","site-sidebar-style":"default","ast-global-header-display":"","ast-banner-title-visibility":"","ast-main-header-display":"","ast-hfb-above-header-display":"","ast-hfb-below-header-display":"","ast-hfb-mobile-header-display":"","site-post-title":"","ast-breadcrumbs-content":"","ast-featured-img":"","footer-sml-layout":"","theme-transparent-header-meta":"","adv-header-id-meta":"","stick-header-meta":"","header-above-stick-meta":"","header-main-stick-meta":"","header-below-stick-meta":"","astra-migrate-meta-layouts":"default","ast-page-background-enabled":"default","ast-page-background-meta":{"desktop":{"background-color":"var(--ast-global-color-4)","background-image":"","background-repeat":"repeat","background-position":"center center","background-size":"auto","background-attachment":"scroll","background-type":"","background-media":"","overlay-type":"","overlay-color":"","overlay-opacity":"","overlay-gradient":""},"tablet":{"background-color":"","background-image":"","background-repeat":"repeat","background-position":"center center","background-size":"auto","background-attachment":"scroll","background-type":"","background-media":"","overlay-type":"","overlay-color":"","overlay-opacity":"","overlay-gradient":""},"mobile":{"background-color":"","background-image":"","background-repeat":"repeat","background-position":"center center","background-size":"auto","background-attachment":"scroll","background-type":"","background-media":"","overlay-type":"","overlay-color":"","overlay-opacity":"","overlay-gradient":""}},"ast-content-background-meta":{"desktop":{"background-color":"var(--ast-global-color-5)","background-image":"","background-repeat":"repeat","background-position":"center center","background-size":"auto","background-attachment":"scroll","background-type":"","background-media":"","overlay-type":"","overlay-color":"","overlay-opacity":"","overlay-gradient":""},"tablet":{"background-color":"var(--ast-global-color-5)","background-image":"","background-repeat":"repeat","background-position":"center center","background-size":"auto","background-attachment":"scroll","background-type":"","background-media":"","overlay-type":"","overlay-color":"","overlay-opacity":"","overlay-gradient":""},"mobile":{"background-color":"var(--ast-global-color-5)","background-image":"","background-repeat":"repeat","background-position":"center center","background-size":"auto","background-attachment":"scroll","background-type":"","background-media":"","overlay-type":"","overlay-color":"","overlay-opacity":"","overlay-gradient":""}},"footnotes":""},"categories":[172],"tags":[29],"class_list":["post-2550","post","type-post","status-publish","format-standard","has-post-thumbnail","hentry","category-economie","tag-cannes"],"yoast_head":"<!-- This site is optimized with the Yoast SEO plugin v23.2 - https:\/\/yoast.com\/wordpress\/plugins\/seo\/ -->\n<title>Le groupe h\u00f4telier Solestia fait l&#039;acquisition de 3 h\u00f4tels \u00e0 Cannes<\/title>\n<meta name=\"robots\" content=\"index, follow, max-snippet:-1, max-image-preview:large, max-video-preview:-1\" \/>\n<link rel=\"canonical\" href=\"https:\/\/www.sortir06.fr\/actualites\/economie\/le-groupe-hotelier-solestia-fait-lacquisition-de-3-hotels-a-cannes\/\" \/>\n<meta property=\"og:locale\" content=\"fr_FR\" \/>\n<meta property=\"og:type\" content=\"article\" \/>\n<meta property=\"og:title\" content=\"Le groupe h\u00f4telier Solestia fait l&#039;acquisition de 3 h\u00f4tels \u00e0 Cannes\" \/>\n<meta property=\"og:description\" content=\"Nouvel acteur du tourisme sur la C\u00f4te d\u2019Azur, le groupe Solestia annonce son lancement avec l\u2019acquisition de trois h\u00f4tels \u00e0 [&hellip;]\" \/>\n<meta property=\"og:url\" content=\"https:\/\/www.sortir06.fr\/actualites\/economie\/le-groupe-hotelier-solestia-fait-lacquisition-de-3-hotels-a-cannes\/\" \/>\n<meta property=\"og:site_name\" content=\"Actualit\u00e9s du 06 \/ Infos Presse\" \/>\n<meta property=\"article:published_time\" content=\"2026-03-10T19:40:56+00:00\" \/>\n<meta property=\"article:modified_time\" content=\"2026-03-10T19:58:24+00:00\" \/>\n<meta property=\"og:image\" content=\"https:\/\/www.sortir06.fr\/actualites\/wp-content\/uploads\/2026\/03\/hotel-verlaine-cannes-01.webp\" \/>\n\t<meta property=\"og:image:width\" content=\"1200\" \/>\n\t<meta property=\"og:image:height\" content=\"904\" \/>\n\t<meta property=\"og:image:type\" content=\"image\/webp\" \/>\n<meta name=\"author\" content=\"Melissa Musson\" \/>\n<meta name=\"twitter:card\" content=\"summary_large_image\" \/>\n<meta name=\"twitter:label1\" content=\"\u00c9crit par\" \/>\n\t<meta name=\"twitter:data1\" content=\"Melissa Musson\" \/>\n\t<meta name=\"twitter:label2\" content=\"Dur\u00e9e de lecture estim\u00e9e\" \/>\n\t<meta name=\"twitter:data2\" content=\"6 minutes\" \/>\n<script type=\"application\/ld+json\" class=\"yoast-schema-graph\">{\"@context\":\"https:\/\/schema.org\",\"@graph\":[{\"@type\":\"Article\",\"@id\":\"https:\/\/www.sortir06.fr\/actualites\/economie\/le-groupe-hotelier-solestia-fait-lacquisition-de-3-hotels-a-cannes\/#article\",\"isPartOf\":{\"@id\":\"https:\/\/www.sortir06.fr\/actualites\/economie\/le-groupe-hotelier-solestia-fait-lacquisition-de-3-hotels-a-cannes\/\"},\"author\":{\"name\":\"Melissa Musson\",\"@id\":\"https:\/\/www.sortir06.fr\/actualites\/#\/schema\/person\/d1da1901725ffa2aebaf8209035b2308\"},\"headline\":\"Le groupe h\u00f4telier Solestia fait l&rsquo;acquisition de 3 h\u00f4tels \u00e0 Cannes\",\"datePublished\":\"2026-03-10T19:40:56+00:00\",\"dateModified\":\"2026-03-10T19:58:24+00:00\",\"mainEntityOfPage\":{\"@id\":\"https:\/\/www.sortir06.fr\/actualites\/economie\/le-groupe-hotelier-solestia-fait-lacquisition-de-3-hotels-a-cannes\/\"},\"wordCount\":647,\"publisher\":{\"@id\":\"https:\/\/www.sortir06.fr\/actualites\/#organization\"},\"image\":{\"@id\":\"https:\/\/www.sortir06.fr\/actualites\/economie\/le-groupe-hotelier-solestia-fait-lacquisition-de-3-hotels-a-cannes\/#primaryimage\"},\"thumbnailUrl\":\"https:\/\/www.sortir06.fr\/actualites\/wp-content\/uploads\/2026\/03\/hotel-verlaine-cannes-01.webp\",\"keywords\":[\"Cannes\"],\"articleSection\":[\"\u00c9conomie\"],\"inLanguage\":\"fr-FR\"},{\"@type\":\"WebPage\",\"@id\":\"https:\/\/www.sortir06.fr\/actualites\/economie\/le-groupe-hotelier-solestia-fait-lacquisition-de-3-hotels-a-cannes\/\",\"url\":\"https:\/\/www.sortir06.fr\/actualites\/economie\/le-groupe-hotelier-solestia-fait-lacquisition-de-3-hotels-a-cannes\/\",\"name\":\"Le groupe h\u00f4telier Solestia fait l'acquisition de 3 h\u00f4tels \u00e0 Cannes\",\"isPartOf\":{\"@id\":\"https:\/\/www.sortir06.fr\/actualites\/#website\"},\"primaryImageOfPage\":{\"@id\":\"https:\/\/www.sortir06.fr\/actualites\/economie\/le-groupe-hotelier-solestia-fait-lacquisition-de-3-hotels-a-cannes\/#primaryimage\"},\"image\":{\"@id\":\"https:\/\/www.sortir06.fr\/actualites\/economie\/le-groupe-hotelier-solestia-fait-lacquisition-de-3-hotels-a-cannes\/#primaryimage\"},\"thumbnailUrl\":\"https:\/\/www.sortir06.fr\/actualites\/wp-content\/uploads\/2026\/03\/hotel-verlaine-cannes-01.webp\",\"datePublished\":\"2026-03-10T19:40:56+00:00\",\"dateModified\":\"2026-03-10T19:58:24+00:00\",\"breadcrumb\":{\"@id\":\"https:\/\/www.sortir06.fr\/actualites\/economie\/le-groupe-hotelier-solestia-fait-lacquisition-de-3-hotels-a-cannes\/#breadcrumb\"},\"inLanguage\":\"fr-FR\",\"potentialAction\":[{\"@type\":\"ReadAction\",\"target\":[\"https:\/\/www.sortir06.fr\/actualites\/economie\/le-groupe-hotelier-solestia-fait-lacquisition-de-3-hotels-a-cannes\/\"]}]},{\"@type\":\"ImageObject\",\"inLanguage\":\"fr-FR\",\"@id\":\"https:\/\/www.sortir06.fr\/actualites\/economie\/le-groupe-hotelier-solestia-fait-lacquisition-de-3-hotels-a-cannes\/#primaryimage\",\"url\":\"https:\/\/www.sortir06.fr\/actualites\/wp-content\/uploads\/2026\/03\/hotel-verlaine-cannes-01.webp\",\"contentUrl\":\"https:\/\/www.sortir06.fr\/actualites\/wp-content\/uploads\/2026\/03\/hotel-verlaine-cannes-01.webp\",\"width\":1200,\"height\":904,\"caption\":\"Hotel Verlaine Cannes\"},{\"@type\":\"BreadcrumbList\",\"@id\":\"https:\/\/www.sortir06.fr\/actualites\/economie\/le-groupe-hotelier-solestia-fait-lacquisition-de-3-hotels-a-cannes\/#breadcrumb\",\"itemListElement\":[{\"@type\":\"ListItem\",\"position\":1,\"name\":\"Accueil\",\"item\":\"https:\/\/www.sortir06.fr\/actualites\/\"},{\"@type\":\"ListItem\",\"position\":2,\"name\":\"Le groupe h\u00f4telier Solestia fait l&rsquo;acquisition de 3 h\u00f4tels \u00e0 Cannes\"}]},{\"@type\":\"WebSite\",\"@id\":\"https:\/\/www.sortir06.fr\/actualites\/#website\",\"url\":\"https:\/\/www.sortir06.fr\/actualites\/\",\"name\":\"Actualit\u00e9s C\u00f4te d\\\"Azur (06)\",\"description\":\"\",\"publisher\":{\"@id\":\"https:\/\/www.sortir06.fr\/actualites\/#organization\"},\"alternateName\":\"Retrouvez toutes les infos presse et news du d\u00e9partement des Alpes Maritimes\",\"potentialAction\":[{\"@type\":\"SearchAction\",\"target\":{\"@type\":\"EntryPoint\",\"urlTemplate\":\"https:\/\/www.sortir06.fr\/actualites\/?s={search_term_string}\"},\"query-input\":\"required name=search_term_string\"}],\"inLanguage\":\"fr-FR\"},{\"@type\":\"Organization\",\"@id\":\"https:\/\/www.sortir06.fr\/actualites\/#organization\",\"name\":\"Sortir 06 Actualit\u00e9s\",\"url\":\"https:\/\/www.sortir06.fr\/actualites\/\",\"logo\":{\"@type\":\"ImageObject\",\"inLanguage\":\"fr-FR\",\"@id\":\"https:\/\/www.sortir06.fr\/actualites\/#\/schema\/logo\/image\/\",\"url\":\"https:\/\/www.sortir06.fr\/actualites\/wp-content\/uploads\/2024\/08\/sortir06actualites-1.webp\",\"contentUrl\":\"https:\/\/www.sortir06.fr\/actualites\/wp-content\/uploads\/2024\/08\/sortir06actualites-1.webp\",\"width\":1200,\"height\":375,\"caption\":\"Sortir 06 Actualit\u00e9s\"},\"image\":{\"@id\":\"https:\/\/www.sortir06.fr\/actualites\/#\/schema\/logo\/image\/\"}},{\"@type\":\"Person\",\"@id\":\"https:\/\/www.sortir06.fr\/actualites\/#\/schema\/person\/d1da1901725ffa2aebaf8209035b2308\",\"name\":\"Melissa Musson\",\"sameAs\":[\"https:\/\/www.sortir06.fr\/actualites\"],\"url\":\"https:\/\/www.sortir06.fr\/actualites\/author\/admins06actu\/\"}]}<\/script>\n<!-- \/ Yoast SEO plugin. -->","yoast_head_json":{"title":"Le groupe h\u00f4telier Solestia fait l'acquisition de 3 h\u00f4tels \u00e0 Cannes","robots":{"index":"index","follow":"follow","max-snippet":"max-snippet:-1","max-image-preview":"max-image-preview:large","max-video-preview":"max-video-preview:-1"},"canonical":"https:\/\/www.sortir06.fr\/actualites\/economie\/le-groupe-hotelier-solestia-fait-lacquisition-de-3-hotels-a-cannes\/","og_locale":"fr_FR","og_type":"article","og_title":"Le groupe h\u00f4telier Solestia fait l'acquisition de 3 h\u00f4tels \u00e0 Cannes","og_description":"Nouvel acteur du tourisme sur la C\u00f4te d\u2019Azur, le groupe Solestia annonce son lancement avec l\u2019acquisition de trois h\u00f4tels \u00e0 [&hellip;]","og_url":"https:\/\/www.sortir06.fr\/actualites\/economie\/le-groupe-hotelier-solestia-fait-lacquisition-de-3-hotels-a-cannes\/","og_site_name":"Actualit\u00e9s du 06 \/ Infos Presse","article_published_time":"2026-03-10T19:40:56+00:00","article_modified_time":"2026-03-10T19:58:24+00:00","og_image":[{"width":1200,"height":904,"url":"https:\/\/www.sortir06.fr\/actualites\/wp-content\/uploads\/2026\/03\/hotel-verlaine-cannes-01.webp","type":"image\/webp"}],"author":"Melissa Musson","twitter_card":"summary_large_image","twitter_misc":{"\u00c9crit par":"Melissa Musson","Dur\u00e9e de lecture estim\u00e9e":"6 minutes"},"schema":{"@context":"https:\/\/schema.org","@graph":[{"@type":"Article","@id":"https:\/\/www.sortir06.fr\/actualites\/economie\/le-groupe-hotelier-solestia-fait-lacquisition-de-3-hotels-a-cannes\/#article","isPartOf":{"@id":"https:\/\/www.sortir06.fr\/actualites\/economie\/le-groupe-hotelier-solestia-fait-lacquisition-de-3-hotels-a-cannes\/"},"author":{"name":"Melissa Musson","@id":"https:\/\/www.sortir06.fr\/actualites\/#\/schema\/person\/d1da1901725ffa2aebaf8209035b2308"},"headline":"Le groupe h\u00f4telier Solestia fait l&rsquo;acquisition de 3 h\u00f4tels \u00e0 Cannes","datePublished":"2026-03-10T19:40:56+00:00","dateModified":"2026-03-10T19:58:24+00:00","mainEntityOfPage":{"@id":"https:\/\/www.sortir06.fr\/actualites\/economie\/le-groupe-hotelier-solestia-fait-lacquisition-de-3-hotels-a-cannes\/"},"wordCount":647,"publisher":{"@id":"https:\/\/www.sortir06.fr\/actualites\/#organization"},"image":{"@id":"https:\/\/www.sortir06.fr\/actualites\/economie\/le-groupe-hotelier-solestia-fait-lacquisition-de-3-hotels-a-cannes\/#primaryimage"},"thumbnailUrl":"https:\/\/www.sortir06.fr\/actualites\/wp-content\/uploads\/2026\/03\/hotel-verlaine-cannes-01.webp","keywords":["Cannes"],"articleSection":["\u00c9conomie"],"inLanguage":"fr-FR"},{"@type":"WebPage","@id":"https:\/\/www.sortir06.fr\/actualites\/economie\/le-groupe-hotelier-solestia-fait-lacquisition-de-3-hotels-a-cannes\/","url":"https:\/\/www.sortir06.fr\/actualites\/economie\/le-groupe-hotelier-solestia-fait-lacquisition-de-3-hotels-a-cannes\/","name":"Le groupe h\u00f4telier Solestia fait l'acquisition de 3 h\u00f4tels \u00e0 Cannes","isPartOf":{"@id":"https:\/\/www.sortir06.fr\/actualites\/#website"},"primaryImageOfPage":{"@id":"https:\/\/www.sortir06.fr\/actualites\/economie\/le-groupe-hotelier-solestia-fait-lacquisition-de-3-hotels-a-cannes\/#primaryimage"},"image":{"@id":"https:\/\/www.sortir06.fr\/actualites\/economie\/le-groupe-hotelier-solestia-fait-lacquisition-de-3-hotels-a-cannes\/#primaryimage"},"thumbnailUrl":"https:\/\/www.sortir06.fr\/actualites\/wp-content\/uploads\/2026\/03\/hotel-verlaine-cannes-01.webp","datePublished":"2026-03-10T19:40:56+00:00","dateModified":"2026-03-10T19:58:24+00:00","breadcrumb":{"@id":"https:\/\/www.sortir06.fr\/actualites\/economie\/le-groupe-hotelier-solestia-fait-lacquisition-de-3-hotels-a-cannes\/#breadcrumb"},"inLanguage":"fr-FR","potentialAction":[{"@type":"ReadAction","target":["https:\/\/www.sortir06.fr\/actualites\/economie\/le-groupe-hotelier-solestia-fait-lacquisition-de-3-hotels-a-cannes\/"]}]},{"@type":"ImageObject","inLanguage":"fr-FR","@id":"https:\/\/www.sortir06.fr\/actualites\/economie\/le-groupe-hotelier-solestia-fait-lacquisition-de-3-hotels-a-cannes\/#primaryimage","url":"https:\/\/www.sortir06.fr\/actualites\/wp-content\/uploads\/2026\/03\/hotel-verlaine-cannes-01.webp","contentUrl":"https:\/\/www.sortir06.fr\/actualites\/wp-content\/uploads\/2026\/03\/hotel-verlaine-cannes-01.webp","width":1200,"height":904,"caption":"Hotel Verlaine Cannes"},{"@type":"BreadcrumbList","@id":"https:\/\/www.sortir06.fr\/actualites\/economie\/le-groupe-hotelier-solestia-fait-lacquisition-de-3-hotels-a-cannes\/#breadcrumb","itemListElement":[{"@type":"ListItem","position":1,"name":"Accueil","item":"https:\/\/www.sortir06.fr\/actualites\/"},{"@type":"ListItem","position":2,"name":"Le groupe h\u00f4telier Solestia fait l&rsquo;acquisition de 3 h\u00f4tels \u00e0 Cannes"}]},{"@type":"WebSite","@id":"https:\/\/www.sortir06.fr\/actualites\/#website","url":"https:\/\/www.sortir06.fr\/actualites\/","name":"Actualit\u00e9s C\u00f4te d\"Azur (06)","description":"","publisher":{"@id":"https:\/\/www.sortir06.fr\/actualites\/#organization"},"alternateName":"Retrouvez toutes les infos presse et news du d\u00e9partement des Alpes Maritimes","potentialAction":[{"@type":"SearchAction","target":{"@type":"EntryPoint","urlTemplate":"https:\/\/www.sortir06.fr\/actualites\/?s={search_term_string}"},"query-input":"required name=search_term_string"}],"inLanguage":"fr-FR"},{"@type":"Organization","@id":"https:\/\/www.sortir06.fr\/actualites\/#organization","name":"Sortir 06 Actualit\u00e9s","url":"https:\/\/www.sortir06.fr\/actualites\/","logo":{"@type":"ImageObject","inLanguage":"fr-FR","@id":"https:\/\/www.sortir06.fr\/actualites\/#\/schema\/logo\/image\/","url":"https:\/\/www.sortir06.fr\/actualites\/wp-content\/uploads\/2024\/08\/sortir06actualites-1.webp","contentUrl":"https:\/\/www.sortir06.fr\/actualites\/wp-content\/uploads\/2024\/08\/sortir06actualites-1.webp","width":1200,"height":375,"caption":"Sortir 06 Actualit\u00e9s"},"image":{"@id":"https:\/\/www.sortir06.fr\/actualites\/#\/schema\/logo\/image\/"}},{"@type":"Person","@id":"https:\/\/www.sortir06.fr\/actualites\/#\/schema\/person\/d1da1901725ffa2aebaf8209035b2308","name":"Melissa Musson","sameAs":["https:\/\/www.sortir06.fr\/actualites"],"url":"https:\/\/www.sortir06.fr\/actualites\/author\/admins06actu\/"}]}},"_links":{"self":[{"href":"https:\/\/www.sortir06.fr\/actualites\/wp-json\/wp\/v2\/posts\/2550","targetHints":{"allow":["GET"]}}],"collection":[{"href":"https:\/\/www.sortir06.fr\/actualites\/wp-json\/wp\/v2\/posts"}],"about":[{"href":"https:\/\/www.sortir06.fr\/actualites\/wp-json\/wp\/v2\/types\/post"}],"author":[{"embeddable":true,"href":"https:\/\/www.sortir06.fr\/actualites\/wp-json\/wp\/v2\/users\/1"}],"replies":[{"embeddable":true,"href":"https:\/\/www.sortir06.fr\/actualites\/wp-json\/wp\/v2\/comments?post=2550"}],"version-history":[{"count":11,"href":"https:\/\/www.sortir06.fr\/actualites\/wp-json\/wp\/v2\/posts\/2550\/revisions"}],"predecessor-version":[{"id":2574,"href":"https:\/\/www.sortir06.fr\/actualites\/wp-json\/wp\/v2\/posts\/2550\/revisions\/2574"}],"wp:featuredmedia":[{"embeddable":true,"href":"https:\/\/www.sortir06.fr\/actualites\/wp-json\/wp\/v2\/media\/2561"}],"wp:attachment":[{"href":"https:\/\/www.sortir06.fr\/actualites\/wp-json\/wp\/v2\/media?parent=2550"}],"wp:term":[{"taxonomy":"category","embeddable":true,"href":"https:\/\/www.sortir06.fr\/actualites\/wp-json\/wp\/v2\/categories?post=2550"},{"taxonomy":"post_tag","embeddable":true,"href":"https:\/\/www.sortir06.fr\/actualites\/wp-json\/wp\/v2\/tags?post=2550"}],"curies":[{"name":"wp","href":"https:\/\/api.w.org\/{rel}","templated":true}]}}