{"id":2578,"date":"2026-03-19T13:19:59","date_gmt":"2026-03-19T12:19:59","guid":{"rendered":"https:\/\/www.sortir06.fr\/actualites\/?p=2578"},"modified":"2026-03-19T13:24:49","modified_gmt":"2026-03-19T12:24:49","slug":"appel-a-candidature-le-groupe-3a-hotels-la-collection-recherche-les-artistes-de-demain-pour-la-2eme-edition-de-3art","status":"publish","type":"post","link":"https:\/\/www.sortir06.fr\/actualites\/arts-culture\/appel-a-candidature-le-groupe-3a-hotels-la-collection-recherche-les-artistes-de-demain-pour-la-2eme-edition-de-3art\/","title":{"rendered":"Appel \u00e0 candidature : le groupe 3A H\u00f4tels la collection recherche les artistes de demain pour la 2\u00e8me \u00e9dition de 3Art"},"content":{"rendered":"\t\t<div data-elementor-type=\"wp-post\" data-elementor-id=\"2578\" class=\"elementor elementor-2578\" data-elementor-post-type=\"post\">\n\t\t\t\t<div class=\"elementor-element elementor-element-28077af e-flex e-con-boxed e-con e-parent\" data-id=\"28077af\" data-element_type=\"container\">\n\t\t\t\t\t<div class=\"e-con-inner\">\n\t\t\t\t<div class=\"elementor-element elementor-element-bfbf22b elementor-widget elementor-widget-text-editor\" data-id=\"bfbf22b\" data-element_type=\"widget\" data-widget_type=\"text-editor.default\">\n\t\t\t\t<div class=\"elementor-widget-container\">\n\t\t\t<style>\/*! elementor - v3.23.0 - 05-08-2024 *\/\n.elementor-widget-text-editor.elementor-drop-cap-view-stacked .elementor-drop-cap{background-color:#69727d;color:#fff}.elementor-widget-text-editor.elementor-drop-cap-view-framed .elementor-drop-cap{color:#69727d;border:3px solid;background-color:transparent}.elementor-widget-text-editor:not(.elementor-drop-cap-view-default) .elementor-drop-cap{margin-top:8px}.elementor-widget-text-editor:not(.elementor-drop-cap-view-default) .elementor-drop-cap-letter{width:1em;height:1em}.elementor-widget-text-editor .elementor-drop-cap{float:left;text-align:center;line-height:1;font-size:50px}.elementor-widget-text-editor .elementor-drop-cap-letter{display:inline-block}<\/style>\t\t\t\t<p>Cet \u00e9t\u00e9, le groupe 3A H\u00f4tels La Collection lancera la deuxi\u00e8me \u00e9dition de 3ART, un parcours d\u2019art contemporain au c\u0153ur de la ville de Nice. Avec comme principal souhait de valoriser l\u2019art sous toutes ses formes, l\u2019H\u00f4tel Aston La Scala, l\u2019H\u00f4tel West End et l\u2019H\u00f4tel &amp; Plage Beau Rivage offrent aux artistes de demain une occasion unique de voir leurs \u0153uvres expos\u00e9es au sein de leurs \u00e9tablissements pour la toute premi\u00e8re fois.<\/p><p><br>Jusqu\u2019au 19 avril 2026 inclus, les artistes azur\u00e9ens, qu\u2019ils soient amateurs ou jeunes professionnels encore peu connus du grand public, peuvent envoyer leurs cr\u00e9ations. Et tous les univers sont les bienvenus : street art, pop art, peinture, dessin ou sculpture. Cette deuxi\u00e8me \u00e9dition se veut ouverte, inclusive et tourn\u00e9e vers la diversit\u00e9 des expressions.<\/p>\n<p><\/p>\t\t\t\t\t\t<\/div>\n\t\t\t\t<\/div>\n\t\t\t\t\t<\/div>\n\t\t\t\t<\/div>\n\t\t<div class=\"elementor-element elementor-element-bba656b e-flex e-con-boxed e-con e-parent\" data-id=\"bba656b\" data-element_type=\"container\">\n\t\t\t\t\t<div class=\"e-con-inner\">\n\t\t\t\t<div class=\"elementor-element elementor-element-388a6ff elementor-widget elementor-widget-image\" data-id=\"388a6ff\" data-element_type=\"widget\" data-widget_type=\"image.default\">\n\t\t\t\t<div class=\"elementor-widget-container\">\n\t\t\t<style>\/*! elementor - v3.23.0 - 05-08-2024 *\/\n.elementor-widget-image{text-align:center}.elementor-widget-image a{display:inline-block}.elementor-widget-image a img[src$=\".svg\"]{width:48px}.elementor-widget-image img{vertical-align:middle;display:inline-block}<\/style>\t\t\t\t\t\t\t\t\t\t<img fetchpriority=\"high\" decoding=\"async\" width=\"1024\" height=\"771\" src=\"https:\/\/www.sortir06.fr\/actualites\/wp-content\/uploads\/2026\/03\/appel-candidature-artistes06-01-1024x771.webp\" class=\"attachment-large size-large wp-image-2581\" alt=\"\" srcset=\"https:\/\/www.sortir06.fr\/actualites\/wp-content\/uploads\/2026\/03\/appel-candidature-artistes06-01-1024x771.webp 1024w, https:\/\/www.sortir06.fr\/actualites\/wp-content\/uploads\/2026\/03\/appel-candidature-artistes06-01-300x226.webp 300w, https:\/\/www.sortir06.fr\/actualites\/wp-content\/uploads\/2026\/03\/appel-candidature-artistes06-01-768x578.webp 768w, https:\/\/www.sortir06.fr\/actualites\/wp-content\/uploads\/2026\/03\/appel-candidature-artistes06-01.webp 1140w\" sizes=\"(max-width: 1024px) 100vw, 1024px\" \/>\t\t\t\t\t\t\t\t\t\t\t\t\t<\/div>\n\t\t\t\t<\/div>\n\t\t\t\t\t<\/div>\n\t\t\t\t<\/div>\n\t\t<div class=\"elementor-element elementor-element-1df6861 e-flex e-con-boxed e-con e-parent\" data-id=\"1df6861\" data-element_type=\"container\">\n\t\t\t\t\t<div class=\"e-con-inner\">\n\t\t\t\t<div class=\"elementor-element elementor-element-dce5166 elementor-widget elementor-widget-heading\" data-id=\"dce5166\" data-element_type=\"widget\" data-widget_type=\"heading.default\">\n\t\t\t\t<div class=\"elementor-widget-container\">\n\t\t\t<style>\/*! elementor - v3.23.0 - 05-08-2024 *\/\n.elementor-heading-title{padding:0;margin:0;line-height:1}.elementor-widget-heading .elementor-heading-title[class*=elementor-size-]>a{color:inherit;font-size:inherit;line-height:inherit}.elementor-widget-heading .elementor-heading-title.elementor-size-small{font-size:15px}.elementor-widget-heading .elementor-heading-title.elementor-size-medium{font-size:19px}.elementor-widget-heading .elementor-heading-title.elementor-size-large{font-size:29px}.elementor-widget-heading .elementor-heading-title.elementor-size-xl{font-size:39px}.elementor-widget-heading .elementor-heading-title.elementor-size-xxl{font-size:59px}<\/style><h2 class=\"elementor-heading-title elementor-size-default\">SAB, marraine de cette 2\u00e8me \u00e9dition<\/h2>\t\t<\/div>\n\t\t\t\t<\/div>\n\t\t\t\t\t<\/div>\n\t\t\t\t<\/div>\n\t\t<div class=\"elementor-element elementor-element-a343446 e-flex e-con-boxed e-con e-parent\" data-id=\"a343446\" data-element_type=\"container\">\n\t\t\t\t\t<div class=\"e-con-inner\">\n\t\t\t\t<div class=\"elementor-element elementor-element-a8487ea elementor-widget elementor-widget-text-editor\" data-id=\"a8487ea\" data-element_type=\"widget\" data-widget_type=\"text-editor.default\">\n\t\t\t\t<div class=\"elementor-widget-container\">\n\t\t\t\t\t\t\t<p>Cette ann\u00e9e, l\u2019artiste Sabine \u201cSAB\u201d Geraudie fait l\u2019honneur d\u2019\u00eatre la marraine de cette nouvelle \u00e9dition. Plus de 10 ans apr\u00e8s avoir \u00e9t\u00e9 r\u00e9v\u00e9l\u00e9e au grand public gr\u00e2ce \u00e0 sa mythique \u201cChaise de SAB\u201d qui tr\u00f4ne sur la Promenade des Anglais, cette artiste au grand coeur et aux multiples talents, s\u00e9lectionnera aux c\u00f4t\u00e9s du groupe 3A H\u00f4tels La Collection, les candidats de demain qui verront leurs oeuvres expos\u00e9es le temps d\u2019un \u00e9t\u00e9.<\/p><p><br \/>\u00c0 noter que la premi\u00e8re \u00e9dition en 2022, l&rsquo;H\u00f4tel Beau Rivage avait accueilli les photographies de Fr\u00e9d\u00e9ric Le Qu\u00e9r\u00e9 avec des images de la C\u00f4te d&rsquo;Azur qui jouent avec la sym\u00e9trie et les perspectives. Isabelle Deromas quant \u00e0 elle avait pris ses quartiers \u00e0 l&rsquo;H\u00f4tel West End avec ses clich\u00e9s repr\u00e9sentant des instants de vie des azur\u00e9ens. Enfin, l&rsquo;H\u00f4tel Aston La Scala d\u00e9voilait les \u0153uvres graphiques et remplies de lumi\u00e8re de Mariya Velychko.<\/p><p>\u00a0<\/p><p>Artiste peintre, sculpteur et plasticienne, Sabine Geraudie, plus connue sous le nom de SAB, s\u2019est impos\u00e9e comme une figure incontournable du paysage artistique ni\u00e7ois. Elle est \u00e0 l\u2019origine de la c\u00e9l\u00e8bre \u00ab Chaise de SAB \u00bb, imagin\u00e9e en 2009 et install\u00e9e sur la Promenade des Anglais en 2014. Haute de 3,40 m\u00e8tres et pos\u00e9e sur un pi\u00e9destal, cette \u0153uvre est devenue l\u2019un des symboles les plus photographi\u00e9s de Nice et de la C\u00f4te d\u2019Azur, autant pris\u00e9e des visiteurs que des Ni\u00e7ois.<\/p><p><br \/>Autour de cette cr\u00e9ation embl\u00e9matique, SAB a d\u00e9velopp\u00e9 tout un univers artistique d\u00e9clin\u00e9 en tableaux et sculptures. Elle multiplie \u00e9galement les collaborations avec des acteurs locaux, tels que la bijouterie Ferret depuis 11 ans ou encore le chocolatier Pascal LAC depuis 8 ans.<\/p><p>Artiste aux multiples talents, elle explore aussi bien la sculpture que la peinture ou la d\u00e9coration d\u2019int\u00e9rieur, insufflant \u00e0 chacune de ses cr\u00e9ations une identit\u00e9 forte, profond\u00e9ment ancr\u00e9e dans l\u2019esprit de la C\u00f4te d\u2019Azur.<\/p>\t\t\t\t\t\t<\/div>\n\t\t\t\t<\/div>\n\t\t\t\t\t<\/div>\n\t\t\t\t<\/div>\n\t\t<div class=\"elementor-element elementor-element-3c79b39 e-flex e-con-boxed e-con e-parent\" data-id=\"3c79b39\" data-element_type=\"container\">\n\t\t\t\t\t<div class=\"e-con-inner\">\n\t\t\t\t<div class=\"elementor-element elementor-element-caaae90 elementor-widget elementor-widget-image\" data-id=\"caaae90\" data-element_type=\"widget\" data-widget_type=\"image.default\">\n\t\t\t\t<div class=\"elementor-widget-container\">\n\t\t\t\t\t\t\t\t\t\t\t\t\t<img decoding=\"async\" width=\"1024\" height=\"771\" src=\"https:\/\/www.sortir06.fr\/actualites\/wp-content\/uploads\/2026\/03\/appel-candidature-artistes06-02-1024x771.webp\" class=\"attachment-large size-large wp-image-2580\" alt=\"artiste Sabine \u201cSAB\u201d Geraudie et sa \u201cChaise de SAB\u201d \u00e0 Nice sur la promenade des Anglais\" srcset=\"https:\/\/www.sortir06.fr\/actualites\/wp-content\/uploads\/2026\/03\/appel-candidature-artistes06-02-1024x771.webp 1024w, https:\/\/www.sortir06.fr\/actualites\/wp-content\/uploads\/2026\/03\/appel-candidature-artistes06-02-300x226.webp 300w, https:\/\/www.sortir06.fr\/actualites\/wp-content\/uploads\/2026\/03\/appel-candidature-artistes06-02-768x578.webp 768w, https:\/\/www.sortir06.fr\/actualites\/wp-content\/uploads\/2026\/03\/appel-candidature-artistes06-02.webp 1140w\" sizes=\"(max-width: 1024px) 100vw, 1024px\" \/>\t\t\t\t\t\t\t\t\t\t\t\t\t<\/div>\n\t\t\t\t<\/div>\n\t\t\t\t\t<\/div>\n\t\t\t\t<\/div>\n\t\t<div class=\"elementor-element elementor-element-f5bc390 e-flex e-con-boxed e-con e-parent\" data-id=\"f5bc390\" data-element_type=\"container\">\n\t\t\t\t\t<div class=\"e-con-inner\">\n\t\t\t\t<div class=\"elementor-element elementor-element-aa7750a elementor-widget elementor-widget-heading\" data-id=\"aa7750a\" data-element_type=\"widget\" data-widget_type=\"heading.default\">\n\t\t\t\t<div class=\"elementor-widget-container\">\n\t\t\t<h2 class=\"elementor-heading-title elementor-size-default\">Le groupe 3A H\u00f4tels<\/h2>\t\t<\/div>\n\t\t\t\t<\/div>\n\t\t\t\t\t<\/div>\n\t\t\t\t<\/div>\n\t\t<div class=\"elementor-element elementor-element-60d18c8 e-flex e-con-boxed e-con e-parent\" data-id=\"60d18c8\" data-element_type=\"container\">\n\t\t\t\t\t<div class=\"e-con-inner\">\n\t\t\t\t<div class=\"elementor-element elementor-element-a436be8 elementor-widget elementor-widget-text-editor\" data-id=\"a436be8\" data-element_type=\"widget\" data-widget_type=\"text-editor.default\">\n\t\t\t\t<div class=\"elementor-widget-container\">\n\t\t\t\t\t\t\t<p>La Collection s\u2019impose comme l\u2019un des groupes h\u00f4teliers les plus influents \u00e0 Nice, avec 401 chambres et appartements, 1420 m\u00b2 de salles de s\u00e9minaire, un beach club, trois restaurants et trois bars. Il regroupe l\u2019H\u00f4tel West End, l\u2019Aston La Scala et l\u2019H\u00f4tel Beau Rivage, chacun offrant un style unique et b\u00e9n\u00e9ficiant des emplacements les plus embl\u00e9matiques de la ville de Nice.<\/p><p>\u00a0<\/p><p>L\u2019H\u00f4tel West End, premier h\u00f4tel construit sur la Promenade des Anglais en 1842, incarne l\u2019architecture Belle \u00c9poque avec 121 chambres, dont la plupart offrent une vue sur la Baie des Anges. Son restaurant Le Si\u00e8cle, face \u00e0 la mer, propose une cuisine m\u00e9diterran\u00e9enne traditionnelle o\u00f9 chaque hiver les amateurs d\u2019Op\u00e9ra peuvent venir profiter de soir\u00e9es musicales Live durant tout l\u2019hiver.<\/p><p>\u00a0<\/p><p>L\u2019H\u00f4tel Beau Rivage, fond\u00e9 en 1860, a vu se succ\u00e9der les plus c\u00e9l\u00e8bres artistes et intellectuels comme Fitzgerald, Tchekov ou encore Henri Matisse. Aujourd\u2019hui, il continue de promouvoir l\u2019art \u00e0 travers des expositions temporaires. \u00c0 50m de l\u00e0, la plage Beau Rivage, est ouverte toute l\u2019ann\u00e9e au rythme des rayons du soleil.<\/p><p>\u00a0<\/p><p>Enfin, l\u2019H\u00f4tel Aston La Scala offre 149 chambres et trois espaces de restauration, le restaurant L\u2019Horloge, un rooftop ainsi que le bar panoramique Aston Club, avec une vue impressionnante sur la ville. Il s\u2019\u00e9tend d\u00e9sormais sur une annexe, la R\u00e9sidence Aston La Scala, inaugur\u00e9e en 2025, dans laquelle les voyageurs peuvent profiter du confort de 17 appartements tout en b\u00e9n\u00e9ficiant<br \/>des services d\u2019un h\u00f4tel 4*.<\/p>\t\t\t\t\t\t<\/div>\n\t\t\t\t<\/div>\n\t\t\t\t\t<\/div>\n\t\t\t\t<\/div>\n\t\t<div class=\"elementor-element elementor-element-20b23aa e-flex e-con-boxed e-con e-parent\" data-id=\"20b23aa\" data-element_type=\"container\" data-settings=\"{&quot;background_background&quot;:&quot;classic&quot;}\">\n\t\t\t\t\t<div class=\"e-con-inner\">\n\t\t\t\t<div class=\"elementor-element elementor-element-a4b6636 elementor-widget elementor-widget-text-editor\" data-id=\"a4b6636\" data-element_type=\"widget\" data-widget_type=\"text-editor.default\">\n\t\t\t\t<div class=\"elementor-widget-container\">\n\t\t\t\t\t\t\t<p>Les artistes sont invit\u00e9s \u00e0 soumettre leur candidature en envoyant leurs coordonn\u00e9es ainsi que les photos des \u0153uvres par mail jusqu\u2019au 19 avril \u00e0 <a href=\"mailto:commercial@3ahotels.com\">commercial@3ahotels.com<\/a><\/p>\t\t\t\t\t\t<\/div>\n\t\t\t\t<\/div>\n\t\t\t\t\t<\/div>\n\t\t\t\t<\/div>\n\t\t\t\t<\/div>\n\t\t\n\n<div class=\"kk-star-ratings kksr-auto kksr-align-center kksr-valign-bottom\"\n    data-payload='{&quot;align&quot;:&quot;center&quot;,&quot;id&quot;:&quot;2578&quot;,&quot;slug&quot;:&quot;default&quot;,&quot;valign&quot;:&quot;bottom&quot;,&quot;ignore&quot;:&quot;&quot;,&quot;reference&quot;:&quot;auto&quot;,&quot;class&quot;:&quot;&quot;,&quot;count&quot;:&quot;1&quot;,&quot;legendonly&quot;:&quot;&quot;,&quot;readonly&quot;:&quot;&quot;,&quot;score&quot;:&quot;5&quot;,&quot;starsonly&quot;:&quot;&quot;,&quot;best&quot;:&quot;5&quot;,&quot;gap&quot;:&quot;5&quot;,&quot;greet&quot;:&quot;Vous aimez ?&quot;,&quot;legend&quot;:&quot;5\\\/5 - (1 vote)&quot;,&quot;size&quot;:&quot;24&quot;,&quot;title&quot;:&quot;Appel \u00e0 candidature : le groupe 3A H\u00f4tels la collection recherche les artistes de demain pour la 2\u00e8me \u00e9dition de 3Art&quot;,&quot;width&quot;:&quot;142.5&quot;,&quot;_legend&quot;:&quot;{score}\\\/{best} - ({count} {votes})&quot;,&quot;font_factor&quot;:&quot;1.25&quot;}'>\n            \n<div class=\"kksr-stars\">\n    \n<div class=\"kksr-stars-inactive\">\n            <div class=\"kksr-star\" data-star=\"1\" style=\"padding-right: 5px\">\n            \n\n<div class=\"kksr-icon\" style=\"width: 24px; height: 24px;\"><\/div>\n        <\/div>\n            <div class=\"kksr-star\" data-star=\"2\" style=\"padding-right: 5px\">\n            \n\n<div class=\"kksr-icon\" style=\"width: 24px; height: 24px;\"><\/div>\n        <\/div>\n            <div class=\"kksr-star\" data-star=\"3\" style=\"padding-right: 5px\">\n            \n\n<div class=\"kksr-icon\" style=\"width: 24px; height: 24px;\"><\/div>\n        <\/div>\n            <div class=\"kksr-star\" data-star=\"4\" style=\"padding-right: 5px\">\n            \n\n<div class=\"kksr-icon\" style=\"width: 24px; height: 24px;\"><\/div>\n        <\/div>\n            <div class=\"kksr-star\" data-star=\"5\" style=\"padding-right: 5px\">\n            \n\n<div class=\"kksr-icon\" style=\"width: 24px; height: 24px;\"><\/div>\n        <\/div>\n    <\/div>\n    \n<div class=\"kksr-stars-active\" style=\"width: 142.5px;\">\n            <div class=\"kksr-star\" style=\"padding-right: 5px\">\n            \n\n<div class=\"kksr-icon\" style=\"width: 24px; height: 24px;\"><\/div>\n        <\/div>\n            <div class=\"kksr-star\" style=\"padding-right: 5px\">\n            \n\n<div class=\"kksr-icon\" style=\"width: 24px; height: 24px;\"><\/div>\n        <\/div>\n            <div class=\"kksr-star\" style=\"padding-right: 5px\">\n            \n\n<div class=\"kksr-icon\" style=\"width: 24px; height: 24px;\"><\/div>\n        <\/div>\n            <div class=\"kksr-star\" style=\"padding-right: 5px\">\n            \n\n<div class=\"kksr-icon\" style=\"width: 24px; height: 24px;\"><\/div>\n        <\/div>\n            <div class=\"kksr-star\" style=\"padding-right: 5px\">\n            \n\n<div class=\"kksr-icon\" style=\"width: 24px; height: 24px;\"><\/div>\n        <\/div>\n    <\/div>\n<\/div>\n                \n\n<div class=\"kksr-legend\" style=\"font-size: 19.2px;\">\n            5\/5 - (1 vote)    <\/div>\n    <\/div>\n","protected":false},"excerpt":{"rendered":"<p>Cet \u00e9t\u00e9, le groupe 3A H\u00f4tels La Collection lancera la deuxi\u00e8me \u00e9dition de 3ART, un parcours d\u2019art contemporain au c\u0153ur [&hellip;]<\/p>\n","protected":false},"author":1,"featured_media":2579,"comment_status":"closed","ping_status":"closed","sticky":false,"template":"","format":"standard","meta":{"site-sidebar-layout":"default","site-content-layout":"","ast-site-content-layout":"","site-content-style":"default","site-sidebar-style":"default","ast-global-header-display":"","ast-banner-title-visibility":"","ast-main-header-display":"","ast-hfb-above-header-display":"","ast-hfb-below-header-display":"","ast-hfb-mobile-header-display":"","site-post-title":"","ast-breadcrumbs-content":"","ast-featured-img":"","footer-sml-layout":"","theme-transparent-header-meta":"","adv-header-id-meta":"","stick-header-meta":"","header-above-stick-meta":"","header-main-stick-meta":"","header-below-stick-meta":"","astra-migrate-meta-layouts":"default","ast-page-background-enabled":"default","ast-page-background-meta":{"desktop":{"background-color":"var(--ast-global-color-4)","background-image":"","background-repeat":"repeat","background-position":"center center","background-size":"auto","background-attachment":"scroll","background-type":"","background-media":"","overlay-type":"","overlay-color":"","overlay-opacity":"","overlay-gradient":""},"tablet":{"background-color":"","background-image":"","background-repeat":"repeat","background-position":"center center","background-size":"auto","background-attachment":"scroll","background-type":"","background-media":"","overlay-type":"","overlay-color":"","overlay-opacity":"","overlay-gradient":""},"mobile":{"background-color":"","background-image":"","background-repeat":"repeat","background-position":"center center","background-size":"auto","background-attachment":"scroll","background-type":"","background-media":"","overlay-type":"","overlay-color":"","overlay-opacity":"","overlay-gradient":""}},"ast-content-background-meta":{"desktop":{"background-color":"var(--ast-global-color-5)","background-image":"","background-repeat":"repeat","background-position":"center center","background-size":"auto","background-attachment":"scroll","background-type":"","background-media":"","overlay-type":"","overlay-color":"","overlay-opacity":"","overlay-gradient":""},"tablet":{"background-color":"var(--ast-global-color-5)","background-image":"","background-repeat":"repeat","background-position":"center center","background-size":"auto","background-attachment":"scroll","background-type":"","background-media":"","overlay-type":"","overlay-color":"","overlay-opacity":"","overlay-gradient":""},"mobile":{"background-color":"var(--ast-global-color-5)","background-image":"","background-repeat":"repeat","background-position":"center center","background-size":"auto","background-attachment":"scroll","background-type":"","background-media":"","overlay-type":"","overlay-color":"","overlay-opacity":"","overlay-gradient":""}},"footnotes":""},"categories":[171],"tags":[101],"class_list":["post-2578","post","type-post","status-publish","format-standard","has-post-thumbnail","hentry","category-arts-culture","tag-nice"],"yoast_head":"<!-- This site is optimized with the Yoast SEO plugin v23.2 - https:\/\/yoast.com\/wordpress\/plugins\/seo\/ -->\n<title>Appel \u00e0 candidature : le groupe 3A H\u00f4tels la collection recherche les artistes de demain pour la 2\u00e8me \u00e9dition de 3Art<\/title>\n<meta name=\"robots\" content=\"index, follow, max-snippet:-1, max-image-preview:large, max-video-preview:-1\" \/>\n<link rel=\"canonical\" href=\"https:\/\/www.sortir06.fr\/actualites\/arts-culture\/appel-a-candidature-le-groupe-3a-hotels-la-collection-recherche-les-artistes-de-demain-pour-la-2eme-edition-de-3art\/\" \/>\n<meta property=\"og:locale\" content=\"fr_FR\" \/>\n<meta property=\"og:type\" content=\"article\" \/>\n<meta property=\"og:title\" content=\"Appel \u00e0 candidature : le groupe 3A H\u00f4tels la collection recherche les artistes de demain pour la 2\u00e8me \u00e9dition de 3Art\" \/>\n<meta property=\"og:description\" content=\"Cet \u00e9t\u00e9, le groupe 3A H\u00f4tels La Collection lancera la deuxi\u00e8me \u00e9dition de 3ART, un parcours d\u2019art contemporain au c\u0153ur [&hellip;]\" \/>\n<meta property=\"og:url\" content=\"https:\/\/www.sortir06.fr\/actualites\/arts-culture\/appel-a-candidature-le-groupe-3a-hotels-la-collection-recherche-les-artistes-de-demain-pour-la-2eme-edition-de-3art\/\" \/>\n<meta property=\"og:site_name\" content=\"Actualit\u00e9s du 06 \/ Infos Presse\" \/>\n<meta property=\"article:published_time\" content=\"2026-03-19T12:19:59+00:00\" \/>\n<meta property=\"article:modified_time\" content=\"2026-03-19T12:24:49+00:00\" \/>\n<meta property=\"og:image\" content=\"https:\/\/www.sortir06.fr\/actualites\/wp-content\/uploads\/2026\/03\/appel-candidature-artistes06-03.webp\" \/>\n\t<meta property=\"og:image:width\" content=\"1140\" \/>\n\t<meta property=\"og:image:height\" content=\"858\" \/>\n\t<meta property=\"og:image:type\" content=\"image\/webp\" \/>\n<meta name=\"author\" content=\"Melissa Musson\" \/>\n<meta name=\"twitter:card\" content=\"summary_large_image\" \/>\n<meta name=\"twitter:label1\" content=\"\u00c9crit par\" \/>\n\t<meta name=\"twitter:data1\" content=\"Melissa Musson\" \/>\n\t<meta name=\"twitter:label2\" content=\"Dur\u00e9e de lecture estim\u00e9e\" \/>\n\t<meta name=\"twitter:data2\" content=\"4 minutes\" \/>\n<script type=\"application\/ld+json\" class=\"yoast-schema-graph\">{\"@context\":\"https:\/\/schema.org\",\"@graph\":[{\"@type\":\"Article\",\"@id\":\"https:\/\/www.sortir06.fr\/actualites\/arts-culture\/appel-a-candidature-le-groupe-3a-hotels-la-collection-recherche-les-artistes-de-demain-pour-la-2eme-edition-de-3art\/#article\",\"isPartOf\":{\"@id\":\"https:\/\/www.sortir06.fr\/actualites\/arts-culture\/appel-a-candidature-le-groupe-3a-hotels-la-collection-recherche-les-artistes-de-demain-pour-la-2eme-edition-de-3art\/\"},\"author\":{\"name\":\"Melissa Musson\",\"@id\":\"https:\/\/www.sortir06.fr\/actualites\/#\/schema\/person\/d1da1901725ffa2aebaf8209035b2308\"},\"headline\":\"Appel \u00e0 candidature : le groupe 3A H\u00f4tels la collection recherche les artistes de demain pour la 2\u00e8me \u00e9dition de 3Art\",\"datePublished\":\"2026-03-19T12:19:59+00:00\",\"dateModified\":\"2026-03-19T12:24:49+00:00\",\"mainEntityOfPage\":{\"@id\":\"https:\/\/www.sortir06.fr\/actualites\/arts-culture\/appel-a-candidature-le-groupe-3a-hotels-la-collection-recherche-les-artistes-de-demain-pour-la-2eme-edition-de-3art\/\"},\"wordCount\":814,\"publisher\":{\"@id\":\"https:\/\/www.sortir06.fr\/actualites\/#organization\"},\"image\":{\"@id\":\"https:\/\/www.sortir06.fr\/actualites\/arts-culture\/appel-a-candidature-le-groupe-3a-hotels-la-collection-recherche-les-artistes-de-demain-pour-la-2eme-edition-de-3art\/#primaryimage\"},\"thumbnailUrl\":\"https:\/\/www.sortir06.fr\/actualites\/wp-content\/uploads\/2026\/03\/appel-candidature-artistes06-03.webp\",\"keywords\":[\"Nice\"],\"articleSection\":[\"Arts &amp; Culture\"],\"inLanguage\":\"fr-FR\"},{\"@type\":\"WebPage\",\"@id\":\"https:\/\/www.sortir06.fr\/actualites\/arts-culture\/appel-a-candidature-le-groupe-3a-hotels-la-collection-recherche-les-artistes-de-demain-pour-la-2eme-edition-de-3art\/\",\"url\":\"https:\/\/www.sortir06.fr\/actualites\/arts-culture\/appel-a-candidature-le-groupe-3a-hotels-la-collection-recherche-les-artistes-de-demain-pour-la-2eme-edition-de-3art\/\",\"name\":\"Appel \u00e0 candidature : le groupe 3A H\u00f4tels la collection recherche les artistes de demain pour la 2\u00e8me \u00e9dition de 3Art\",\"isPartOf\":{\"@id\":\"https:\/\/www.sortir06.fr\/actualites\/#website\"},\"primaryImageOfPage\":{\"@id\":\"https:\/\/www.sortir06.fr\/actualites\/arts-culture\/appel-a-candidature-le-groupe-3a-hotels-la-collection-recherche-les-artistes-de-demain-pour-la-2eme-edition-de-3art\/#primaryimage\"},\"image\":{\"@id\":\"https:\/\/www.sortir06.fr\/actualites\/arts-culture\/appel-a-candidature-le-groupe-3a-hotels-la-collection-recherche-les-artistes-de-demain-pour-la-2eme-edition-de-3art\/#primaryimage\"},\"thumbnailUrl\":\"https:\/\/www.sortir06.fr\/actualites\/wp-content\/uploads\/2026\/03\/appel-candidature-artistes06-03.webp\",\"datePublished\":\"2026-03-19T12:19:59+00:00\",\"dateModified\":\"2026-03-19T12:24:49+00:00\",\"breadcrumb\":{\"@id\":\"https:\/\/www.sortir06.fr\/actualites\/arts-culture\/appel-a-candidature-le-groupe-3a-hotels-la-collection-recherche-les-artistes-de-demain-pour-la-2eme-edition-de-3art\/#breadcrumb\"},\"inLanguage\":\"fr-FR\",\"potentialAction\":[{\"@type\":\"ReadAction\",\"target\":[\"https:\/\/www.sortir06.fr\/actualites\/arts-culture\/appel-a-candidature-le-groupe-3a-hotels-la-collection-recherche-les-artistes-de-demain-pour-la-2eme-edition-de-3art\/\"]}]},{\"@type\":\"ImageObject\",\"inLanguage\":\"fr-FR\",\"@id\":\"https:\/\/www.sortir06.fr\/actualites\/arts-culture\/appel-a-candidature-le-groupe-3a-hotels-la-collection-recherche-les-artistes-de-demain-pour-la-2eme-edition-de-3art\/#primaryimage\",\"url\":\"https:\/\/www.sortir06.fr\/actualites\/wp-content\/uploads\/2026\/03\/appel-candidature-artistes06-03.webp\",\"contentUrl\":\"https:\/\/www.sortir06.fr\/actualites\/wp-content\/uploads\/2026\/03\/appel-candidature-artistes06-03.webp\",\"width\":1140,\"height\":858,\"caption\":\"Appel \u00e0 candidature : le groupe 3A h\u00f4tels la collection recherche les artistes de demain pour la 2\u00e8me \u00e9dition de 3Art\"},{\"@type\":\"BreadcrumbList\",\"@id\":\"https:\/\/www.sortir06.fr\/actualites\/arts-culture\/appel-a-candidature-le-groupe-3a-hotels-la-collection-recherche-les-artistes-de-demain-pour-la-2eme-edition-de-3art\/#breadcrumb\",\"itemListElement\":[{\"@type\":\"ListItem\",\"position\":1,\"name\":\"Accueil\",\"item\":\"https:\/\/www.sortir06.fr\/actualites\/\"},{\"@type\":\"ListItem\",\"position\":2,\"name\":\"Appel \u00e0 candidature : le groupe 3A H\u00f4tels la collection recherche les artistes de demain pour la 2\u00e8me \u00e9dition de 3Art\"}]},{\"@type\":\"WebSite\",\"@id\":\"https:\/\/www.sortir06.fr\/actualites\/#website\",\"url\":\"https:\/\/www.sortir06.fr\/actualites\/\",\"name\":\"Actualit\u00e9s C\u00f4te d\\\"Azur (06)\",\"description\":\"\",\"publisher\":{\"@id\":\"https:\/\/www.sortir06.fr\/actualites\/#organization\"},\"alternateName\":\"Retrouvez toutes les infos presse et news du d\u00e9partement des Alpes Maritimes\",\"potentialAction\":[{\"@type\":\"SearchAction\",\"target\":{\"@type\":\"EntryPoint\",\"urlTemplate\":\"https:\/\/www.sortir06.fr\/actualites\/?s={search_term_string}\"},\"query-input\":\"required name=search_term_string\"}],\"inLanguage\":\"fr-FR\"},{\"@type\":\"Organization\",\"@id\":\"https:\/\/www.sortir06.fr\/actualites\/#organization\",\"name\":\"Sortir 06 Actualit\u00e9s\",\"url\":\"https:\/\/www.sortir06.fr\/actualites\/\",\"logo\":{\"@type\":\"ImageObject\",\"inLanguage\":\"fr-FR\",\"@id\":\"https:\/\/www.sortir06.fr\/actualites\/#\/schema\/logo\/image\/\",\"url\":\"https:\/\/www.sortir06.fr\/actualites\/wp-content\/uploads\/2024\/08\/sortir06actualites-1.webp\",\"contentUrl\":\"https:\/\/www.sortir06.fr\/actualites\/wp-content\/uploads\/2024\/08\/sortir06actualites-1.webp\",\"width\":1200,\"height\":375,\"caption\":\"Sortir 06 Actualit\u00e9s\"},\"image\":{\"@id\":\"https:\/\/www.sortir06.fr\/actualites\/#\/schema\/logo\/image\/\"}},{\"@type\":\"Person\",\"@id\":\"https:\/\/www.sortir06.fr\/actualites\/#\/schema\/person\/d1da1901725ffa2aebaf8209035b2308\",\"name\":\"Melissa Musson\",\"sameAs\":[\"https:\/\/www.sortir06.fr\/actualites\"],\"url\":\"https:\/\/www.sortir06.fr\/actualites\/author\/admins06actu\/\"}]}<\/script>\n<!-- \/ Yoast SEO plugin. -->","yoast_head_json":{"title":"Appel \u00e0 candidature : le groupe 3A H\u00f4tels la collection recherche les artistes de demain pour la 2\u00e8me \u00e9dition de 3Art","robots":{"index":"index","follow":"follow","max-snippet":"max-snippet:-1","max-image-preview":"max-image-preview:large","max-video-preview":"max-video-preview:-1"},"canonical":"https:\/\/www.sortir06.fr\/actualites\/arts-culture\/appel-a-candidature-le-groupe-3a-hotels-la-collection-recherche-les-artistes-de-demain-pour-la-2eme-edition-de-3art\/","og_locale":"fr_FR","og_type":"article","og_title":"Appel \u00e0 candidature : le groupe 3A H\u00f4tels la collection recherche les artistes de demain pour la 2\u00e8me \u00e9dition de 3Art","og_description":"Cet \u00e9t\u00e9, le groupe 3A H\u00f4tels La Collection lancera la deuxi\u00e8me \u00e9dition de 3ART, un parcours d\u2019art contemporain au c\u0153ur [&hellip;]","og_url":"https:\/\/www.sortir06.fr\/actualites\/arts-culture\/appel-a-candidature-le-groupe-3a-hotels-la-collection-recherche-les-artistes-de-demain-pour-la-2eme-edition-de-3art\/","og_site_name":"Actualit\u00e9s du 06 \/ Infos Presse","article_published_time":"2026-03-19T12:19:59+00:00","article_modified_time":"2026-03-19T12:24:49+00:00","og_image":[{"width":1140,"height":858,"url":"https:\/\/www.sortir06.fr\/actualites\/wp-content\/uploads\/2026\/03\/appel-candidature-artistes06-03.webp","type":"image\/webp"}],"author":"Melissa Musson","twitter_card":"summary_large_image","twitter_misc":{"\u00c9crit par":"Melissa Musson","Dur\u00e9e de lecture estim\u00e9e":"4 minutes"},"schema":{"@context":"https:\/\/schema.org","@graph":[{"@type":"Article","@id":"https:\/\/www.sortir06.fr\/actualites\/arts-culture\/appel-a-candidature-le-groupe-3a-hotels-la-collection-recherche-les-artistes-de-demain-pour-la-2eme-edition-de-3art\/#article","isPartOf":{"@id":"https:\/\/www.sortir06.fr\/actualites\/arts-culture\/appel-a-candidature-le-groupe-3a-hotels-la-collection-recherche-les-artistes-de-demain-pour-la-2eme-edition-de-3art\/"},"author":{"name":"Melissa Musson","@id":"https:\/\/www.sortir06.fr\/actualites\/#\/schema\/person\/d1da1901725ffa2aebaf8209035b2308"},"headline":"Appel \u00e0 candidature : le groupe 3A H\u00f4tels la collection recherche les artistes de demain pour la 2\u00e8me \u00e9dition de 3Art","datePublished":"2026-03-19T12:19:59+00:00","dateModified":"2026-03-19T12:24:49+00:00","mainEntityOfPage":{"@id":"https:\/\/www.sortir06.fr\/actualites\/arts-culture\/appel-a-candidature-le-groupe-3a-hotels-la-collection-recherche-les-artistes-de-demain-pour-la-2eme-edition-de-3art\/"},"wordCount":814,"publisher":{"@id":"https:\/\/www.sortir06.fr\/actualites\/#organization"},"image":{"@id":"https:\/\/www.sortir06.fr\/actualites\/arts-culture\/appel-a-candidature-le-groupe-3a-hotels-la-collection-recherche-les-artistes-de-demain-pour-la-2eme-edition-de-3art\/#primaryimage"},"thumbnailUrl":"https:\/\/www.sortir06.fr\/actualites\/wp-content\/uploads\/2026\/03\/appel-candidature-artistes06-03.webp","keywords":["Nice"],"articleSection":["Arts &amp; Culture"],"inLanguage":"fr-FR"},{"@type":"WebPage","@id":"https:\/\/www.sortir06.fr\/actualites\/arts-culture\/appel-a-candidature-le-groupe-3a-hotels-la-collection-recherche-les-artistes-de-demain-pour-la-2eme-edition-de-3art\/","url":"https:\/\/www.sortir06.fr\/actualites\/arts-culture\/appel-a-candidature-le-groupe-3a-hotels-la-collection-recherche-les-artistes-de-demain-pour-la-2eme-edition-de-3art\/","name":"Appel \u00e0 candidature : le groupe 3A H\u00f4tels la collection recherche les artistes de demain pour la 2\u00e8me \u00e9dition de 3Art","isPartOf":{"@id":"https:\/\/www.sortir06.fr\/actualites\/#website"},"primaryImageOfPage":{"@id":"https:\/\/www.sortir06.fr\/actualites\/arts-culture\/appel-a-candidature-le-groupe-3a-hotels-la-collection-recherche-les-artistes-de-demain-pour-la-2eme-edition-de-3art\/#primaryimage"},"image":{"@id":"https:\/\/www.sortir06.fr\/actualites\/arts-culture\/appel-a-candidature-le-groupe-3a-hotels-la-collection-recherche-les-artistes-de-demain-pour-la-2eme-edition-de-3art\/#primaryimage"},"thumbnailUrl":"https:\/\/www.sortir06.fr\/actualites\/wp-content\/uploads\/2026\/03\/appel-candidature-artistes06-03.webp","datePublished":"2026-03-19T12:19:59+00:00","dateModified":"2026-03-19T12:24:49+00:00","breadcrumb":{"@id":"https:\/\/www.sortir06.fr\/actualites\/arts-culture\/appel-a-candidature-le-groupe-3a-hotels-la-collection-recherche-les-artistes-de-demain-pour-la-2eme-edition-de-3art\/#breadcrumb"},"inLanguage":"fr-FR","potentialAction":[{"@type":"ReadAction","target":["https:\/\/www.sortir06.fr\/actualites\/arts-culture\/appel-a-candidature-le-groupe-3a-hotels-la-collection-recherche-les-artistes-de-demain-pour-la-2eme-edition-de-3art\/"]}]},{"@type":"ImageObject","inLanguage":"fr-FR","@id":"https:\/\/www.sortir06.fr\/actualites\/arts-culture\/appel-a-candidature-le-groupe-3a-hotels-la-collection-recherche-les-artistes-de-demain-pour-la-2eme-edition-de-3art\/#primaryimage","url":"https:\/\/www.sortir06.fr\/actualites\/wp-content\/uploads\/2026\/03\/appel-candidature-artistes06-03.webp","contentUrl":"https:\/\/www.sortir06.fr\/actualites\/wp-content\/uploads\/2026\/03\/appel-candidature-artistes06-03.webp","width":1140,"height":858,"caption":"Appel \u00e0 candidature : le groupe 3A h\u00f4tels la collection recherche les artistes de demain pour la 2\u00e8me \u00e9dition de 3Art"},{"@type":"BreadcrumbList","@id":"https:\/\/www.sortir06.fr\/actualites\/arts-culture\/appel-a-candidature-le-groupe-3a-hotels-la-collection-recherche-les-artistes-de-demain-pour-la-2eme-edition-de-3art\/#breadcrumb","itemListElement":[{"@type":"ListItem","position":1,"name":"Accueil","item":"https:\/\/www.sortir06.fr\/actualites\/"},{"@type":"ListItem","position":2,"name":"Appel \u00e0 candidature : le groupe 3A H\u00f4tels la collection recherche les artistes de demain pour la 2\u00e8me \u00e9dition de 3Art"}]},{"@type":"WebSite","@id":"https:\/\/www.sortir06.fr\/actualites\/#website","url":"https:\/\/www.sortir06.fr\/actualites\/","name":"Actualit\u00e9s C\u00f4te d\"Azur (06)","description":"","publisher":{"@id":"https:\/\/www.sortir06.fr\/actualites\/#organization"},"alternateName":"Retrouvez toutes les infos presse et news du d\u00e9partement des Alpes Maritimes","potentialAction":[{"@type":"SearchAction","target":{"@type":"EntryPoint","urlTemplate":"https:\/\/www.sortir06.fr\/actualites\/?s={search_term_string}"},"query-input":"required name=search_term_string"}],"inLanguage":"fr-FR"},{"@type":"Organization","@id":"https:\/\/www.sortir06.fr\/actualites\/#organization","name":"Sortir 06 Actualit\u00e9s","url":"https:\/\/www.sortir06.fr\/actualites\/","logo":{"@type":"ImageObject","inLanguage":"fr-FR","@id":"https:\/\/www.sortir06.fr\/actualites\/#\/schema\/logo\/image\/","url":"https:\/\/www.sortir06.fr\/actualites\/wp-content\/uploads\/2024\/08\/sortir06actualites-1.webp","contentUrl":"https:\/\/www.sortir06.fr\/actualites\/wp-content\/uploads\/2024\/08\/sortir06actualites-1.webp","width":1200,"height":375,"caption":"Sortir 06 Actualit\u00e9s"},"image":{"@id":"https:\/\/www.sortir06.fr\/actualites\/#\/schema\/logo\/image\/"}},{"@type":"Person","@id":"https:\/\/www.sortir06.fr\/actualites\/#\/schema\/person\/d1da1901725ffa2aebaf8209035b2308","name":"Melissa Musson","sameAs":["https:\/\/www.sortir06.fr\/actualites"],"url":"https:\/\/www.sortir06.fr\/actualites\/author\/admins06actu\/"}]}},"_links":{"self":[{"href":"https:\/\/www.sortir06.fr\/actualites\/wp-json\/wp\/v2\/posts\/2578","targetHints":{"allow":["GET"]}}],"collection":[{"href":"https:\/\/www.sortir06.fr\/actualites\/wp-json\/wp\/v2\/posts"}],"about":[{"href":"https:\/\/www.sortir06.fr\/actualites\/wp-json\/wp\/v2\/types\/post"}],"author":[{"embeddable":true,"href":"https:\/\/www.sortir06.fr\/actualites\/wp-json\/wp\/v2\/users\/1"}],"replies":[{"embeddable":true,"href":"https:\/\/www.sortir06.fr\/actualites\/wp-json\/wp\/v2\/comments?post=2578"}],"version-history":[{"count":7,"href":"https:\/\/www.sortir06.fr\/actualites\/wp-json\/wp\/v2\/posts\/2578\/revisions"}],"predecessor-version":[{"id":2588,"href":"https:\/\/www.sortir06.fr\/actualites\/wp-json\/wp\/v2\/posts\/2578\/revisions\/2588"}],"wp:featuredmedia":[{"embeddable":true,"href":"https:\/\/www.sortir06.fr\/actualites\/wp-json\/wp\/v2\/media\/2579"}],"wp:attachment":[{"href":"https:\/\/www.sortir06.fr\/actualites\/wp-json\/wp\/v2\/media?parent=2578"}],"wp:term":[{"taxonomy":"category","embeddable":true,"href":"https:\/\/www.sortir06.fr\/actualites\/wp-json\/wp\/v2\/categories?post=2578"},{"taxonomy":"post_tag","embeddable":true,"href":"https:\/\/www.sortir06.fr\/actualites\/wp-json\/wp\/v2\/tags?post=2578"}],"curies":[{"name":"wp","href":"https:\/\/api.w.org\/{rel}","templated":true}]}}