{"id":2652,"date":"2026-04-10T13:14:27","date_gmt":"2026-04-10T11:14:27","guid":{"rendered":"https:\/\/www.sortir06.fr\/actualites\/?p=2652"},"modified":"2026-04-10T13:19:34","modified_gmt":"2026-04-10T11:19:34","slug":"la-6%e1%b5%89-edition-du-salon-id-week-end-se-tiendra-les-17-18-et-19-avril-2026-aux-jardins-albert-1-a-nice","status":"publish","type":"post","link":"https:\/\/www.sortir06.fr\/actualites\/non-classe\/la-6%e1%b5%89-edition-du-salon-id-week-end-se-tiendra-les-17-18-et-19-avril-2026-aux-jardins-albert-1-a-nice\/","title":{"rendered":"La 6\u1d49 \u00e9dition du Salon ID Week-End se tiendra les 17, 18 et 19 avril 2026 aux Jardins Albert 1 \u00e0 Nice."},"content":{"rendered":"\t\t<div data-elementor-type=\"wp-post\" data-elementor-id=\"2652\" class=\"elementor elementor-2652\" data-elementor-post-type=\"post\">\n\t\t\t\t<div class=\"elementor-element elementor-element-cce2083 e-flex e-con-boxed e-con e-parent\" data-id=\"cce2083\" data-element_type=\"container\">\n\t\t\t\t\t<div class=\"e-con-inner\">\n\t\t\t\t<div class=\"elementor-element elementor-element-cabd957 elementor-widget elementor-widget-text-editor\" data-id=\"cabd957\" data-element_type=\"widget\" data-widget_type=\"text-editor.default\">\n\t\t\t\t<div class=\"elementor-widget-container\">\n\t\t\t<style>\/*! elementor - v3.23.0 - 05-08-2024 *\/\n.elementor-widget-text-editor.elementor-drop-cap-view-stacked .elementor-drop-cap{background-color:#69727d;color:#fff}.elementor-widget-text-editor.elementor-drop-cap-view-framed .elementor-drop-cap{color:#69727d;border:3px solid;background-color:transparent}.elementor-widget-text-editor:not(.elementor-drop-cap-view-default) .elementor-drop-cap{margin-top:8px}.elementor-widget-text-editor:not(.elementor-drop-cap-view-default) .elementor-drop-cap-letter{width:1em;height:1em}.elementor-widget-text-editor .elementor-drop-cap{float:left;text-align:center;line-height:1;font-size:50px}.elementor-widget-text-editor .elementor-drop-cap-letter{display:inline-block}<\/style>\t\t\t\t<p>ID Week end 2026 : Le salon qui r\u00e9invente l&rsquo;\u00e9vasion\u2026\u00e0 deux pas de chez vous !<br \/>Dans le sillage du grand rendez-vous international du tourisme organis\u00e9 par Atout France \u00e0 Nice, la dynamique se poursuit sur la C\u00f4te d\u2019Azur avec la 6\u1d49 \u00e9dition du Salon ID Week-End, qui se tiendra les 17, 18 et 19 avril 2026 aux Jardins Albert 1 \u00e0 Nice. Apr\u00e8s avoir s\u00e9duit les professionnels du monde entier, la destination azur\u00e9enne s\u2019adresse d\u00e9sormais au grand public avec un \u00e9v\u00e9nement devenu incontournable, gratuit, d\u00e9di\u00e9 \u00e0 la d\u00e9couverte d\u2019un tourisme local, accessible et inspirant.<\/p>\t\t\t\t\t\t<\/div>\n\t\t\t\t<\/div>\n\t\t\t\t\t<\/div>\n\t\t\t\t<\/div>\n\t\t<div class=\"elementor-element elementor-element-2171a27 e-flex e-con-boxed e-con e-parent\" data-id=\"2171a27\" data-element_type=\"container\">\n\t\t\t\t\t<div class=\"e-con-inner\">\n\t\t\t\t<div class=\"elementor-element elementor-element-dc3ebba elementor-widget elementor-widget-heading\" data-id=\"dc3ebba\" data-element_type=\"widget\" data-widget_type=\"heading.default\">\n\t\t\t\t<div class=\"elementor-widget-container\">\n\t\t\t<style>\/*! elementor - v3.23.0 - 05-08-2024 *\/\n.elementor-heading-title{padding:0;margin:0;line-height:1}.elementor-widget-heading .elementor-heading-title[class*=elementor-size-]>a{color:inherit;font-size:inherit;line-height:inherit}.elementor-widget-heading .elementor-heading-title.elementor-size-small{font-size:15px}.elementor-widget-heading .elementor-heading-title.elementor-size-medium{font-size:19px}.elementor-widget-heading .elementor-heading-title.elementor-size-large{font-size:29px}.elementor-widget-heading .elementor-heading-title.elementor-size-xl{font-size:39px}.elementor-widget-heading .elementor-heading-title.elementor-size-xxl{font-size:59px}<\/style><h2 class=\"elementor-heading-title elementor-size-default\">Un nouveau souffle pour un salon embl\u00e9matique<\/h2>\t\t<\/div>\n\t\t\t\t<\/div>\n\t\t\t\t\t<\/div>\n\t\t\t\t<\/div>\n\t\t<div class=\"elementor-element elementor-element-437fc1e e-flex e-con-boxed e-con e-parent\" data-id=\"437fc1e\" data-element_type=\"container\">\n\t\t\t\t\t<div class=\"e-con-inner\">\n\t\t\t\t<div class=\"elementor-element elementor-element-ff44644 elementor-widget elementor-widget-text-editor\" data-id=\"ff44644\" data-element_type=\"widget\" data-widget_type=\"text-editor.default\">\n\t\t\t\t<div class=\"elementor-widget-container\">\n\t\t\t\t\t\t\t<p>\u00ab Dans la continuit\u00e9 du rayonnement international de la C\u00f4te d\u2019Azur, ID Week-End s\u2019adresse au grand public pour faire d\u00e9couvrir un tourisme de proximit\u00e9, fond\u00e9 sur le territoire, le slow tourisme, l\u2019authenticit\u00e9, l\u2019exp\u00e9rience et la rencontre. Appel\u00e9e \u00e0 reprendre et p\u00e9renniser ce rendez-vous en parfaite coh\u00e9rence avec son engagement, NICEXPO a acquis la marque et organise cette 6\u1d49 \u00e9dition avec une ambition claire : faire territoire, f\u00e9d\u00e9rer les acteurs et renforcer le lien entre habitants, visiteurs et professionnels.<br \/>Pour cette nouvelle \u00e9dition, le salon \u00e9volue avec la reprise de son organisation par NICEXPO, acteur majeur de l\u2019\u00e9v\u00e9nementiel azur\u00e9en. Fort de son expertise, l\u2019organisateur ambitionne de faire d\u2019ID Week-End un v\u00e9ritable laboratoire des tendances touristiques, au service du territoire et de ses acteurs.<br \/>Apr\u00e8s Agecotel et la Foire Internationale de Nice, ID Week-End vient consolider notre action au service du rayonnement et du d\u00e9veloppement \u00e9conomique azur\u00e9en, en proposant un \u00e9v\u00e9nement gratuit \u00e0 la fois accessible, f\u00e9d\u00e9rateur et porteur de sens dans un contexte o\u00f9 le besoin de proximit\u00e9 et de lien n\u2019a jamais \u00e9t\u00e9 aussi fort. \u00bb souligne Thomas Gheerbrant, Directeur G\u00e9n\u00e9ral de NICEXPO<\/p>\t\t\t\t\t\t<\/div>\n\t\t\t\t<\/div>\n\t\t\t\t\t<\/div>\n\t\t\t\t<\/div>\n\t\t<div class=\"elementor-element elementor-element-463d3fc e-flex e-con-boxed e-con e-parent\" data-id=\"463d3fc\" data-element_type=\"container\">\n\t\t\t\t\t<div class=\"e-con-inner\">\n\t\t\t\t<div class=\"elementor-element elementor-element-94a3045 elementor-widget elementor-widget-heading\" data-id=\"94a3045\" data-element_type=\"widget\" data-widget_type=\"heading.default\">\n\t\t\t\t<div class=\"elementor-widget-container\">\n\t\t\t<h2 class=\"elementor-heading-title elementor-size-default\">Le tourisme de proximit\u00e9 \u00e0 l'honneur<\/h2>\t\t<\/div>\n\t\t\t\t<\/div>\n\t\t\t\t\t<\/div>\n\t\t\t\t<\/div>\n\t\t<div class=\"elementor-element elementor-element-56bb05c e-flex e-con-boxed e-con e-parent\" data-id=\"56bb05c\" data-element_type=\"container\">\n\t\t\t\t\t<div class=\"e-con-inner\">\n\t\t\t\t<div class=\"elementor-element elementor-element-bc84b37 elementor-widget elementor-widget-text-editor\" data-id=\"bc84b37\" data-element_type=\"widget\" data-widget_type=\"text-editor.default\">\n\t\t\t\t<div class=\"elementor-widget-container\">\n\t\t\t\t\t\t\t<p>Dans un contexte o\u00f9 les voyageurs privil\u00e9gient des s\u00e9jours plus s\u00fbrs, responsables et ma\u00eetris\u00e9s, ID WeekEnd met en lumi\u00e8re une autre fa\u00e7on de voyager :<br \/>explorer, s\u2019\u00e9vader et se d\u00e9payser sans partir loin.<\/p><p>De la C\u00f4te d\u2019Azur \u00e0 son arri\u00e8re-pays, en passant par les territoires voisins (Var, Alpes-de-Haute-Provence, Bouches-du-Rh\u00f4ne\u2026), le salon valorise une offre riche et vari\u00e9e :<\/p><ul><li>S\u00e9jours courts et escapades week-end<\/li><li>Activit\u00e9s culturelles, sportives et nature<\/li><li>Exp\u00e9riences gastronomiques et artisanales<\/li><li>H\u00e9bergements pour tous les budgets<\/li><\/ul><p>Une invitation \u00e0 (re)d\u00e9couvrir un territoire aux multiples facettes, entre mer et montagne, villages perch\u00e9s et \u00e9v\u00e9nements locaux.<\/p>\t\t\t\t\t\t<\/div>\n\t\t\t\t<\/div>\n\t\t\t\t\t<\/div>\n\t\t\t\t<\/div>\n\t\t<div class=\"elementor-element elementor-element-df460fc e-flex e-con-boxed e-con e-parent\" data-id=\"df460fc\" data-element_type=\"container\">\n\t\t\t\t\t<div class=\"e-con-inner\">\n\t\t\t\t<div class=\"elementor-element elementor-element-2150a24 elementor-arrows-position-inside elementor-pagination-position-outside elementor-widget elementor-widget-image-carousel\" data-id=\"2150a24\" data-element_type=\"widget\" data-settings=\"{&quot;slides_to_show&quot;:&quot;1&quot;,&quot;navigation&quot;:&quot;both&quot;,&quot;autoplay&quot;:&quot;yes&quot;,&quot;pause_on_hover&quot;:&quot;yes&quot;,&quot;pause_on_interaction&quot;:&quot;yes&quot;,&quot;autoplay_speed&quot;:5000,&quot;infinite&quot;:&quot;yes&quot;,&quot;effect&quot;:&quot;slide&quot;,&quot;speed&quot;:500}\" data-widget_type=\"image-carousel.default\">\n\t\t\t\t<div class=\"elementor-widget-container\">\n\t\t\t<style>\/*! elementor - v3.23.0 - 05-08-2024 *\/\n.elementor-widget-image-carousel .swiper,.elementor-widget-image-carousel .swiper-container{position:static}.elementor-widget-image-carousel .swiper-container .swiper-slide figure,.elementor-widget-image-carousel .swiper .swiper-slide figure{line-height:inherit}.elementor-widget-image-carousel .swiper-slide{text-align:center}.elementor-image-carousel-wrapper:not(.swiper-container-initialized):not(.swiper-initialized) .swiper-slide{max-width:calc(100% \/ var(--e-image-carousel-slides-to-show, 3))}<\/style>\t\t<div class=\"elementor-image-carousel-wrapper swiper\" dir=\"ltr\">\n\t\t\t<div class=\"elementor-image-carousel swiper-wrapper\" aria-live=\"off\">\n\t\t\t\t\t\t\t\t<div class=\"swiper-slide\" role=\"group\" aria-roledescription=\"slide\" aria-label=\"1 sur 5\"><figure class=\"swiper-slide-inner\"><img decoding=\"async\" class=\"swiper-slide-image\" src=\"https:\/\/www.sortir06.fr\/actualites\/wp-content\/uploads\/2026\/04\/id-weekend-01.webp\" alt=\"La 6\u1d49 \u00e9dition du Salon ID Week-End se tiendra les 17, 18 et 19 avril 2026 aux Jardins Albert 1 \u00e0 Nice.\" \/><\/figure><\/div><div class=\"swiper-slide\" role=\"group\" aria-roledescription=\"slide\" aria-label=\"2 sur 5\"><figure class=\"swiper-slide-inner\"><img decoding=\"async\" class=\"swiper-slide-image\" src=\"https:\/\/www.sortir06.fr\/actualites\/wp-content\/uploads\/2026\/04\/id-weekend-02.webp\" alt=\"Salon ID Week-End Nice 2026\" \/><\/figure><\/div><div class=\"swiper-slide\" role=\"group\" aria-roledescription=\"slide\" aria-label=\"3 sur 5\"><figure class=\"swiper-slide-inner\"><img decoding=\"async\" class=\"swiper-slide-image\" src=\"https:\/\/www.sortir06.fr\/actualites\/wp-content\/uploads\/2026\/04\/id-weekend-03.webp\" alt=\"Salon ID Week-End Nice 2026\" \/><\/figure><\/div><div class=\"swiper-slide\" role=\"group\" aria-roledescription=\"slide\" aria-label=\"4 sur 5\"><figure class=\"swiper-slide-inner\"><img decoding=\"async\" class=\"swiper-slide-image\" src=\"https:\/\/www.sortir06.fr\/actualites\/wp-content\/uploads\/2026\/04\/id-weekend-04.webp\" alt=\"Salon ID Week-End Nice 2026\" \/><\/figure><\/div><div class=\"swiper-slide\" role=\"group\" aria-roledescription=\"slide\" aria-label=\"5 sur 5\"><figure class=\"swiper-slide-inner\"><img decoding=\"async\" class=\"swiper-slide-image\" src=\"https:\/\/www.sortir06.fr\/actualites\/wp-content\/uploads\/2026\/04\/id-weekend-06.webp\" alt=\"Salon ID Week-End Nice 2026\" \/><\/figure><\/div>\t\t\t<\/div>\n\t\t\t\t\t\t\t\t\t\t\t\t<div class=\"elementor-swiper-button elementor-swiper-button-prev\" role=\"button\" tabindex=\"0\">\n\t\t\t\t\t\t<svg aria-hidden=\"true\" class=\"e-font-icon-svg e-fas-chevron-circle-left\" viewBox=\"0 0 512 512\" xmlns=\"http:\/\/www.w3.org\/2000\/svg\"><path d=\"M256 504C119 504 8 393 8 256S119 8 256 8s248 111 248 248-111 248-248 248zM142.1 273l135.5 135.5c9.4 9.4 24.6 9.4 33.9 0l17-17c9.4-9.4 9.4-24.6 0-33.9L226.9 256l101.6-101.6c9.4-9.4 9.4-24.6 0-33.9l-17-17c-9.4-9.4-24.6-9.4-33.9 0L142.1 239c-9.4 9.4-9.4 24.6 0 34z\"><\/path><\/svg>\t\t\t\t\t<\/div>\n\t\t\t\t\t<div class=\"elementor-swiper-button elementor-swiper-button-next\" role=\"button\" tabindex=\"0\">\n\t\t\t\t\t\t<svg aria-hidden=\"true\" class=\"e-font-icon-svg e-fas-chevron-circle-right\" viewBox=\"0 0 512 512\" xmlns=\"http:\/\/www.w3.org\/2000\/svg\"><path d=\"M256 8c137 0 248 111 248 248S393 504 256 504 8 393 8 256 119 8 256 8zm113.9 231L234.4 103.5c-9.4-9.4-24.6-9.4-33.9 0l-17 17c-9.4 9.4-9.4 24.6 0 33.9L285.1 256 183.5 357.6c-9.4 9.4-9.4 24.6 0 33.9l17 17c9.4 9.4 24.6 9.4 33.9 0L369.9 273c9.4-9.4 9.4-24.6 0-34z\"><\/path><\/svg>\t\t\t\t\t<\/div>\n\t\t\t\t\n\t\t\t\t\t\t\t\t\t<div class=\"swiper-pagination\"><\/div>\n\t\t\t\t\t\t\t\t\t<\/div>\n\t\t\t\t<\/div>\n\t\t\t\t<\/div>\n\t\t\t\t\t<\/div>\n\t\t\t\t<\/div>\n\t\t<div class=\"elementor-element elementor-element-28cbb0d e-flex e-con-boxed e-con e-parent\" data-id=\"28cbb0d\" data-element_type=\"container\">\n\t\t\t\t\t<div class=\"e-con-inner\">\n\t\t\t\t<div class=\"elementor-element elementor-element-b826e85 elementor-widget elementor-widget-text-editor\" data-id=\"b826e85\" data-element_type=\"widget\" data-widget_type=\"text-editor.default\">\n\t\t\t\t<div class=\"elementor-widget-container\">\n\t\t\t\t\t\t\t<p><strong>Place Mass\u00e9na &amp; Jardins Albert 1er<\/strong><br \/>06000 Nice<\/p>\t\t\t\t\t\t<\/div>\n\t\t\t\t<\/div>\n\t\t\t\t\t<\/div>\n\t\t\t\t<\/div>\n\t\t\t\t<\/div>\n\t\t\n\n<div class=\"kk-star-ratings kksr-auto kksr-align-center kksr-valign-bottom\"\n    data-payload='{&quot;align&quot;:&quot;center&quot;,&quot;id&quot;:&quot;2652&quot;,&quot;slug&quot;:&quot;default&quot;,&quot;valign&quot;:&quot;bottom&quot;,&quot;ignore&quot;:&quot;&quot;,&quot;reference&quot;:&quot;auto&quot;,&quot;class&quot;:&quot;&quot;,&quot;count&quot;:&quot;1&quot;,&quot;legendonly&quot;:&quot;&quot;,&quot;readonly&quot;:&quot;&quot;,&quot;score&quot;:&quot;5&quot;,&quot;starsonly&quot;:&quot;&quot;,&quot;best&quot;:&quot;5&quot;,&quot;gap&quot;:&quot;5&quot;,&quot;greet&quot;:&quot;Vous aimez ?&quot;,&quot;legend&quot;:&quot;5\\\/5 - (1 vote)&quot;,&quot;size&quot;:&quot;24&quot;,&quot;title&quot;:&quot;La 6\u1d49 \u00e9dition du Salon ID Week-End se tiendra les 17, 18 et 19 avril 2026 aux Jardins Albert 1 \u00e0 Nice.&quot;,&quot;width&quot;:&quot;142.5&quot;,&quot;_legend&quot;:&quot;{score}\\\/{best} - ({count} {votes})&quot;,&quot;font_factor&quot;:&quot;1.25&quot;}'>\n            \n<div class=\"kksr-stars\">\n    \n<div class=\"kksr-stars-inactive\">\n            <div class=\"kksr-star\" data-star=\"1\" style=\"padding-right: 5px\">\n            \n\n<div class=\"kksr-icon\" style=\"width: 24px; height: 24px;\"><\/div>\n        <\/div>\n            <div class=\"kksr-star\" data-star=\"2\" style=\"padding-right: 5px\">\n            \n\n<div class=\"kksr-icon\" style=\"width: 24px; height: 24px;\"><\/div>\n        <\/div>\n            <div class=\"kksr-star\" data-star=\"3\" style=\"padding-right: 5px\">\n            \n\n<div class=\"kksr-icon\" style=\"width: 24px; height: 24px;\"><\/div>\n        <\/div>\n            <div class=\"kksr-star\" data-star=\"4\" style=\"padding-right: 5px\">\n            \n\n<div class=\"kksr-icon\" style=\"width: 24px; height: 24px;\"><\/div>\n        <\/div>\n            <div class=\"kksr-star\" data-star=\"5\" style=\"padding-right: 5px\">\n            \n\n<div class=\"kksr-icon\" style=\"width: 24px; height: 24px;\"><\/div>\n        <\/div>\n    <\/div>\n    \n<div class=\"kksr-stars-active\" style=\"width: 142.5px;\">\n            <div class=\"kksr-star\" style=\"padding-right: 5px\">\n            \n\n<div class=\"kksr-icon\" style=\"width: 24px; height: 24px;\"><\/div>\n        <\/div>\n            <div class=\"kksr-star\" style=\"padding-right: 5px\">\n            \n\n<div class=\"kksr-icon\" style=\"width: 24px; height: 24px;\"><\/div>\n        <\/div>\n            <div class=\"kksr-star\" style=\"padding-right: 5px\">\n            \n\n<div class=\"kksr-icon\" style=\"width: 24px; height: 24px;\"><\/div>\n        <\/div>\n            <div class=\"kksr-star\" style=\"padding-right: 5px\">\n            \n\n<div class=\"kksr-icon\" style=\"width: 24px; height: 24px;\"><\/div>\n        <\/div>\n            <div class=\"kksr-star\" style=\"padding-right: 5px\">\n            \n\n<div class=\"kksr-icon\" style=\"width: 24px; height: 24px;\"><\/div>\n        <\/div>\n    <\/div>\n<\/div>\n                \n\n<div class=\"kksr-legend\" style=\"font-size: 19.2px;\">\n            5\/5 - (1 vote)    <\/div>\n    <\/div>\n","protected":false},"excerpt":{"rendered":"<p>ID Week end 2026 : Le salon qui r\u00e9invente l&rsquo;\u00e9vasion\u2026\u00e0 deux pas de chez vous !Dans le sillage du grand [&hellip;]<\/p>\n","protected":false},"author":1,"featured_media":2657,"comment_status":"closed","ping_status":"closed","sticky":false,"template":"","format":"standard","meta":{"site-sidebar-layout":"default","site-content-layout":"","ast-site-content-layout":"","site-content-style":"default","site-sidebar-style":"default","ast-global-header-display":"","ast-banner-title-visibility":"","ast-main-header-display":"","ast-hfb-above-header-display":"","ast-hfb-below-header-display":"","ast-hfb-mobile-header-display":"","site-post-title":"","ast-breadcrumbs-content":"","ast-featured-img":"","footer-sml-layout":"","theme-transparent-header-meta":"","adv-header-id-meta":"","stick-header-meta":"","header-above-stick-meta":"","header-main-stick-meta":"","header-below-stick-meta":"","astra-migrate-meta-layouts":"default","ast-page-background-enabled":"default","ast-page-background-meta":{"desktop":{"background-color":"var(--ast-global-color-4)","background-image":"","background-repeat":"repeat","background-position":"center center","background-size":"auto","background-attachment":"scroll","background-type":"","background-media":"","overlay-type":"","overlay-color":"","overlay-opacity":"","overlay-gradient":""},"tablet":{"background-color":"","background-image":"","background-repeat":"repeat","background-position":"center center","background-size":"auto","background-attachment":"scroll","background-type":"","background-media":"","overlay-type":"","overlay-color":"","overlay-opacity":"","overlay-gradient":""},"mobile":{"background-color":"","background-image":"","background-repeat":"repeat","background-position":"center center","background-size":"auto","background-attachment":"scroll","background-type":"","background-media":"","overlay-type":"","overlay-color":"","overlay-opacity":"","overlay-gradient":""}},"ast-content-background-meta":{"desktop":{"background-color":"var(--ast-global-color-5)","background-image":"","background-repeat":"repeat","background-position":"center center","background-size":"auto","background-attachment":"scroll","background-type":"","background-media":"","overlay-type":"","overlay-color":"","overlay-opacity":"","overlay-gradient":""},"tablet":{"background-color":"var(--ast-global-color-5)","background-image":"","background-repeat":"repeat","background-position":"center center","background-size":"auto","background-attachment":"scroll","background-type":"","background-media":"","overlay-type":"","overlay-color":"","overlay-opacity":"","overlay-gradient":""},"mobile":{"background-color":"var(--ast-global-color-5)","background-image":"","background-repeat":"repeat","background-position":"center center","background-size":"auto","background-attachment":"scroll","background-type":"","background-media":"","overlay-type":"","overlay-color":"","overlay-opacity":"","overlay-gradient":""}},"footnotes":""},"categories":[1],"tags":[101],"class_list":["post-2652","post","type-post","status-publish","format-standard","has-post-thumbnail","hentry","category-non-classe","tag-nice"],"yoast_head":"<!-- This site is optimized with the Yoast SEO plugin v23.2 - https:\/\/yoast.com\/wordpress\/plugins\/seo\/ -->\n<title>La 6\u1d49 \u00e9dition du Salon ID Week-End se tiendra les 17, 18 et 19 avril 2026 aux Jardins Albert 1 \u00e0 Nice.<\/title>\n<meta name=\"robots\" content=\"index, follow, max-snippet:-1, max-image-preview:large, max-video-preview:-1\" \/>\n<link rel=\"canonical\" href=\"https:\/\/www.sortir06.fr\/actualites\/non-classe\/la-6\u1d49-edition-du-salon-id-week-end-se-tiendra-les-17-18-et-19-avril-2026-aux-jardins-albert-1-a-nice\/\" \/>\n<meta property=\"og:locale\" content=\"fr_FR\" \/>\n<meta property=\"og:type\" content=\"article\" \/>\n<meta property=\"og:title\" content=\"La 6\u1d49 \u00e9dition du Salon ID Week-End se tiendra les 17, 18 et 19 avril 2026 aux Jardins Albert 1 \u00e0 Nice.\" \/>\n<meta property=\"og:description\" content=\"ID Week end 2026 : Le salon qui r\u00e9invente l&rsquo;\u00e9vasion\u2026\u00e0 deux pas de chez vous !Dans le sillage du grand [&hellip;]\" \/>\n<meta property=\"og:url\" content=\"https:\/\/www.sortir06.fr\/actualites\/non-classe\/la-6\u1d49-edition-du-salon-id-week-end-se-tiendra-les-17-18-et-19-avril-2026-aux-jardins-albert-1-a-nice\/\" \/>\n<meta property=\"og:site_name\" content=\"Actualit\u00e9s du 06 \/ Infos Presse\" \/>\n<meta property=\"article:published_time\" content=\"2026-04-10T11:14:27+00:00\" \/>\n<meta property=\"article:modified_time\" content=\"2026-04-10T11:19:34+00:00\" \/>\n<meta property=\"og:image\" content=\"https:\/\/www.sortir06.fr\/actualites\/wp-content\/uploads\/2026\/04\/id-weekend-01.webp\" \/>\n\t<meta property=\"og:image:width\" content=\"1140\" \/>\n\t<meta property=\"og:image:height\" content=\"858\" \/>\n\t<meta property=\"og:image:type\" content=\"image\/webp\" \/>\n<meta name=\"author\" content=\"Melissa Musson\" \/>\n<meta name=\"twitter:card\" content=\"summary_large_image\" \/>\n<meta name=\"twitter:label1\" content=\"\u00c9crit par\" \/>\n\t<meta name=\"twitter:data1\" content=\"Melissa Musson\" \/>\n\t<meta name=\"twitter:label2\" content=\"Dur\u00e9e de lecture estim\u00e9e\" \/>\n\t<meta name=\"twitter:data2\" content=\"4 minutes\" \/>\n<script type=\"application\/ld+json\" class=\"yoast-schema-graph\">{\"@context\":\"https:\/\/schema.org\",\"@graph\":[{\"@type\":\"Article\",\"@id\":\"https:\/\/www.sortir06.fr\/actualites\/non-classe\/la-6%e1%b5%89-edition-du-salon-id-week-end-se-tiendra-les-17-18-et-19-avril-2026-aux-jardins-albert-1-a-nice\/#article\",\"isPartOf\":{\"@id\":\"https:\/\/www.sortir06.fr\/actualites\/non-classe\/la-6%e1%b5%89-edition-du-salon-id-week-end-se-tiendra-les-17-18-et-19-avril-2026-aux-jardins-albert-1-a-nice\/\"},\"author\":{\"name\":\"Melissa Musson\",\"@id\":\"https:\/\/www.sortir06.fr\/actualites\/#\/schema\/person\/d1da1901725ffa2aebaf8209035b2308\"},\"headline\":\"La 6\u1d49 \u00e9dition du Salon ID Week-End se tiendra les 17, 18 et 19 avril 2026 aux Jardins Albert 1 \u00e0 Nice.\",\"datePublished\":\"2026-04-10T11:14:27+00:00\",\"dateModified\":\"2026-04-10T11:19:34+00:00\",\"mainEntityOfPage\":{\"@id\":\"https:\/\/www.sortir06.fr\/actualites\/non-classe\/la-6%e1%b5%89-edition-du-salon-id-week-end-se-tiendra-les-17-18-et-19-avril-2026-aux-jardins-albert-1-a-nice\/\"},\"wordCount\":449,\"publisher\":{\"@id\":\"https:\/\/www.sortir06.fr\/actualites\/#organization\"},\"image\":{\"@id\":\"https:\/\/www.sortir06.fr\/actualites\/non-classe\/la-6%e1%b5%89-edition-du-salon-id-week-end-se-tiendra-les-17-18-et-19-avril-2026-aux-jardins-albert-1-a-nice\/#primaryimage\"},\"thumbnailUrl\":\"https:\/\/www.sortir06.fr\/actualites\/wp-content\/uploads\/2026\/04\/id-weekend-01.webp\",\"keywords\":[\"Nice\"],\"inLanguage\":\"fr-FR\"},{\"@type\":\"WebPage\",\"@id\":\"https:\/\/www.sortir06.fr\/actualites\/non-classe\/la-6%e1%b5%89-edition-du-salon-id-week-end-se-tiendra-les-17-18-et-19-avril-2026-aux-jardins-albert-1-a-nice\/\",\"url\":\"https:\/\/www.sortir06.fr\/actualites\/non-classe\/la-6%e1%b5%89-edition-du-salon-id-week-end-se-tiendra-les-17-18-et-19-avril-2026-aux-jardins-albert-1-a-nice\/\",\"name\":\"La 6\u1d49 \u00e9dition du Salon ID Week-End se tiendra les 17, 18 et 19 avril 2026 aux Jardins Albert 1 \u00e0 Nice.\",\"isPartOf\":{\"@id\":\"https:\/\/www.sortir06.fr\/actualites\/#website\"},\"primaryImageOfPage\":{\"@id\":\"https:\/\/www.sortir06.fr\/actualites\/non-classe\/la-6%e1%b5%89-edition-du-salon-id-week-end-se-tiendra-les-17-18-et-19-avril-2026-aux-jardins-albert-1-a-nice\/#primaryimage\"},\"image\":{\"@id\":\"https:\/\/www.sortir06.fr\/actualites\/non-classe\/la-6%e1%b5%89-edition-du-salon-id-week-end-se-tiendra-les-17-18-et-19-avril-2026-aux-jardins-albert-1-a-nice\/#primaryimage\"},\"thumbnailUrl\":\"https:\/\/www.sortir06.fr\/actualites\/wp-content\/uploads\/2026\/04\/id-weekend-01.webp\",\"datePublished\":\"2026-04-10T11:14:27+00:00\",\"dateModified\":\"2026-04-10T11:19:34+00:00\",\"breadcrumb\":{\"@id\":\"https:\/\/www.sortir06.fr\/actualites\/non-classe\/la-6%e1%b5%89-edition-du-salon-id-week-end-se-tiendra-les-17-18-et-19-avril-2026-aux-jardins-albert-1-a-nice\/#breadcrumb\"},\"inLanguage\":\"fr-FR\",\"potentialAction\":[{\"@type\":\"ReadAction\",\"target\":[\"https:\/\/www.sortir06.fr\/actualites\/non-classe\/la-6%e1%b5%89-edition-du-salon-id-week-end-se-tiendra-les-17-18-et-19-avril-2026-aux-jardins-albert-1-a-nice\/\"]}]},{\"@type\":\"ImageObject\",\"inLanguage\":\"fr-FR\",\"@id\":\"https:\/\/www.sortir06.fr\/actualites\/non-classe\/la-6%e1%b5%89-edition-du-salon-id-week-end-se-tiendra-les-17-18-et-19-avril-2026-aux-jardins-albert-1-a-nice\/#primaryimage\",\"url\":\"https:\/\/www.sortir06.fr\/actualites\/wp-content\/uploads\/2026\/04\/id-weekend-01.webp\",\"contentUrl\":\"https:\/\/www.sortir06.fr\/actualites\/wp-content\/uploads\/2026\/04\/id-weekend-01.webp\",\"width\":1140,\"height\":858,\"caption\":\"La 6\u1d49 \u00e9dition du Salon ID Week-End se tiendra les 17, 18 et 19 avril 2026 aux Jardins Albert 1 \u00e0 Nice.\"},{\"@type\":\"BreadcrumbList\",\"@id\":\"https:\/\/www.sortir06.fr\/actualites\/non-classe\/la-6%e1%b5%89-edition-du-salon-id-week-end-se-tiendra-les-17-18-et-19-avril-2026-aux-jardins-albert-1-a-nice\/#breadcrumb\",\"itemListElement\":[{\"@type\":\"ListItem\",\"position\":1,\"name\":\"Accueil\",\"item\":\"https:\/\/www.sortir06.fr\/actualites\/\"},{\"@type\":\"ListItem\",\"position\":2,\"name\":\"La 6\u1d49 \u00e9dition du Salon ID Week-End se tiendra les 17, 18 et 19 avril 2026 aux Jardins Albert 1 \u00e0 Nice.\"}]},{\"@type\":\"WebSite\",\"@id\":\"https:\/\/www.sortir06.fr\/actualites\/#website\",\"url\":\"https:\/\/www.sortir06.fr\/actualites\/\",\"name\":\"Actualit\u00e9s C\u00f4te d\\\"Azur (06)\",\"description\":\"\",\"publisher\":{\"@id\":\"https:\/\/www.sortir06.fr\/actualites\/#organization\"},\"alternateName\":\"Retrouvez toutes les infos presse et news du d\u00e9partement des Alpes Maritimes\",\"potentialAction\":[{\"@type\":\"SearchAction\",\"target\":{\"@type\":\"EntryPoint\",\"urlTemplate\":\"https:\/\/www.sortir06.fr\/actualites\/?s={search_term_string}\"},\"query-input\":\"required name=search_term_string\"}],\"inLanguage\":\"fr-FR\"},{\"@type\":\"Organization\",\"@id\":\"https:\/\/www.sortir06.fr\/actualites\/#organization\",\"name\":\"Sortir 06 Actualit\u00e9s\",\"url\":\"https:\/\/www.sortir06.fr\/actualites\/\",\"logo\":{\"@type\":\"ImageObject\",\"inLanguage\":\"fr-FR\",\"@id\":\"https:\/\/www.sortir06.fr\/actualites\/#\/schema\/logo\/image\/\",\"url\":\"https:\/\/www.sortir06.fr\/actualites\/wp-content\/uploads\/2024\/08\/sortir06actualites-1.webp\",\"contentUrl\":\"https:\/\/www.sortir06.fr\/actualites\/wp-content\/uploads\/2024\/08\/sortir06actualites-1.webp\",\"width\":1200,\"height\":375,\"caption\":\"Sortir 06 Actualit\u00e9s\"},\"image\":{\"@id\":\"https:\/\/www.sortir06.fr\/actualites\/#\/schema\/logo\/image\/\"}},{\"@type\":\"Person\",\"@id\":\"https:\/\/www.sortir06.fr\/actualites\/#\/schema\/person\/d1da1901725ffa2aebaf8209035b2308\",\"name\":\"Melissa Musson\",\"sameAs\":[\"https:\/\/www.sortir06.fr\/actualites\"],\"url\":\"https:\/\/www.sortir06.fr\/actualites\/author\/admins06actu\/\"}]}<\/script>\n<!-- \/ Yoast SEO plugin. -->","yoast_head_json":{"title":"La 6\u1d49 \u00e9dition du Salon ID Week-End se tiendra les 17, 18 et 19 avril 2026 aux Jardins Albert 1 \u00e0 Nice.","robots":{"index":"index","follow":"follow","max-snippet":"max-snippet:-1","max-image-preview":"max-image-preview:large","max-video-preview":"max-video-preview:-1"},"canonical":"https:\/\/www.sortir06.fr\/actualites\/non-classe\/la-6\u1d49-edition-du-salon-id-week-end-se-tiendra-les-17-18-et-19-avril-2026-aux-jardins-albert-1-a-nice\/","og_locale":"fr_FR","og_type":"article","og_title":"La 6\u1d49 \u00e9dition du Salon ID Week-End se tiendra les 17, 18 et 19 avril 2026 aux Jardins Albert 1 \u00e0 Nice.","og_description":"ID Week end 2026 : Le salon qui r\u00e9invente l&rsquo;\u00e9vasion\u2026\u00e0 deux pas de chez vous !Dans le sillage du grand [&hellip;]","og_url":"https:\/\/www.sortir06.fr\/actualites\/non-classe\/la-6\u1d49-edition-du-salon-id-week-end-se-tiendra-les-17-18-et-19-avril-2026-aux-jardins-albert-1-a-nice\/","og_site_name":"Actualit\u00e9s du 06 \/ Infos Presse","article_published_time":"2026-04-10T11:14:27+00:00","article_modified_time":"2026-04-10T11:19:34+00:00","og_image":[{"width":1140,"height":858,"url":"https:\/\/www.sortir06.fr\/actualites\/wp-content\/uploads\/2026\/04\/id-weekend-01.webp","type":"image\/webp"}],"author":"Melissa Musson","twitter_card":"summary_large_image","twitter_misc":{"\u00c9crit par":"Melissa Musson","Dur\u00e9e de lecture estim\u00e9e":"4 minutes"},"schema":{"@context":"https:\/\/schema.org","@graph":[{"@type":"Article","@id":"https:\/\/www.sortir06.fr\/actualites\/non-classe\/la-6%e1%b5%89-edition-du-salon-id-week-end-se-tiendra-les-17-18-et-19-avril-2026-aux-jardins-albert-1-a-nice\/#article","isPartOf":{"@id":"https:\/\/www.sortir06.fr\/actualites\/non-classe\/la-6%e1%b5%89-edition-du-salon-id-week-end-se-tiendra-les-17-18-et-19-avril-2026-aux-jardins-albert-1-a-nice\/"},"author":{"name":"Melissa Musson","@id":"https:\/\/www.sortir06.fr\/actualites\/#\/schema\/person\/d1da1901725ffa2aebaf8209035b2308"},"headline":"La 6\u1d49 \u00e9dition du Salon ID Week-End se tiendra les 17, 18 et 19 avril 2026 aux Jardins Albert 1 \u00e0 Nice.","datePublished":"2026-04-10T11:14:27+00:00","dateModified":"2026-04-10T11:19:34+00:00","mainEntityOfPage":{"@id":"https:\/\/www.sortir06.fr\/actualites\/non-classe\/la-6%e1%b5%89-edition-du-salon-id-week-end-se-tiendra-les-17-18-et-19-avril-2026-aux-jardins-albert-1-a-nice\/"},"wordCount":449,"publisher":{"@id":"https:\/\/www.sortir06.fr\/actualites\/#organization"},"image":{"@id":"https:\/\/www.sortir06.fr\/actualites\/non-classe\/la-6%e1%b5%89-edition-du-salon-id-week-end-se-tiendra-les-17-18-et-19-avril-2026-aux-jardins-albert-1-a-nice\/#primaryimage"},"thumbnailUrl":"https:\/\/www.sortir06.fr\/actualites\/wp-content\/uploads\/2026\/04\/id-weekend-01.webp","keywords":["Nice"],"inLanguage":"fr-FR"},{"@type":"WebPage","@id":"https:\/\/www.sortir06.fr\/actualites\/non-classe\/la-6%e1%b5%89-edition-du-salon-id-week-end-se-tiendra-les-17-18-et-19-avril-2026-aux-jardins-albert-1-a-nice\/","url":"https:\/\/www.sortir06.fr\/actualites\/non-classe\/la-6%e1%b5%89-edition-du-salon-id-week-end-se-tiendra-les-17-18-et-19-avril-2026-aux-jardins-albert-1-a-nice\/","name":"La 6\u1d49 \u00e9dition du Salon ID Week-End se tiendra les 17, 18 et 19 avril 2026 aux Jardins Albert 1 \u00e0 Nice.","isPartOf":{"@id":"https:\/\/www.sortir06.fr\/actualites\/#website"},"primaryImageOfPage":{"@id":"https:\/\/www.sortir06.fr\/actualites\/non-classe\/la-6%e1%b5%89-edition-du-salon-id-week-end-se-tiendra-les-17-18-et-19-avril-2026-aux-jardins-albert-1-a-nice\/#primaryimage"},"image":{"@id":"https:\/\/www.sortir06.fr\/actualites\/non-classe\/la-6%e1%b5%89-edition-du-salon-id-week-end-se-tiendra-les-17-18-et-19-avril-2026-aux-jardins-albert-1-a-nice\/#primaryimage"},"thumbnailUrl":"https:\/\/www.sortir06.fr\/actualites\/wp-content\/uploads\/2026\/04\/id-weekend-01.webp","datePublished":"2026-04-10T11:14:27+00:00","dateModified":"2026-04-10T11:19:34+00:00","breadcrumb":{"@id":"https:\/\/www.sortir06.fr\/actualites\/non-classe\/la-6%e1%b5%89-edition-du-salon-id-week-end-se-tiendra-les-17-18-et-19-avril-2026-aux-jardins-albert-1-a-nice\/#breadcrumb"},"inLanguage":"fr-FR","potentialAction":[{"@type":"ReadAction","target":["https:\/\/www.sortir06.fr\/actualites\/non-classe\/la-6%e1%b5%89-edition-du-salon-id-week-end-se-tiendra-les-17-18-et-19-avril-2026-aux-jardins-albert-1-a-nice\/"]}]},{"@type":"ImageObject","inLanguage":"fr-FR","@id":"https:\/\/www.sortir06.fr\/actualites\/non-classe\/la-6%e1%b5%89-edition-du-salon-id-week-end-se-tiendra-les-17-18-et-19-avril-2026-aux-jardins-albert-1-a-nice\/#primaryimage","url":"https:\/\/www.sortir06.fr\/actualites\/wp-content\/uploads\/2026\/04\/id-weekend-01.webp","contentUrl":"https:\/\/www.sortir06.fr\/actualites\/wp-content\/uploads\/2026\/04\/id-weekend-01.webp","width":1140,"height":858,"caption":"La 6\u1d49 \u00e9dition du Salon ID Week-End se tiendra les 17, 18 et 19 avril 2026 aux Jardins Albert 1 \u00e0 Nice."},{"@type":"BreadcrumbList","@id":"https:\/\/www.sortir06.fr\/actualites\/non-classe\/la-6%e1%b5%89-edition-du-salon-id-week-end-se-tiendra-les-17-18-et-19-avril-2026-aux-jardins-albert-1-a-nice\/#breadcrumb","itemListElement":[{"@type":"ListItem","position":1,"name":"Accueil","item":"https:\/\/www.sortir06.fr\/actualites\/"},{"@type":"ListItem","position":2,"name":"La 6\u1d49 \u00e9dition du Salon ID Week-End se tiendra les 17, 18 et 19 avril 2026 aux Jardins Albert 1 \u00e0 Nice."}]},{"@type":"WebSite","@id":"https:\/\/www.sortir06.fr\/actualites\/#website","url":"https:\/\/www.sortir06.fr\/actualites\/","name":"Actualit\u00e9s C\u00f4te d\"Azur (06)","description":"","publisher":{"@id":"https:\/\/www.sortir06.fr\/actualites\/#organization"},"alternateName":"Retrouvez toutes les infos presse et news du d\u00e9partement des Alpes Maritimes","potentialAction":[{"@type":"SearchAction","target":{"@type":"EntryPoint","urlTemplate":"https:\/\/www.sortir06.fr\/actualites\/?s={search_term_string}"},"query-input":"required name=search_term_string"}],"inLanguage":"fr-FR"},{"@type":"Organization","@id":"https:\/\/www.sortir06.fr\/actualites\/#organization","name":"Sortir 06 Actualit\u00e9s","url":"https:\/\/www.sortir06.fr\/actualites\/","logo":{"@type":"ImageObject","inLanguage":"fr-FR","@id":"https:\/\/www.sortir06.fr\/actualites\/#\/schema\/logo\/image\/","url":"https:\/\/www.sortir06.fr\/actualites\/wp-content\/uploads\/2024\/08\/sortir06actualites-1.webp","contentUrl":"https:\/\/www.sortir06.fr\/actualites\/wp-content\/uploads\/2024\/08\/sortir06actualites-1.webp","width":1200,"height":375,"caption":"Sortir 06 Actualit\u00e9s"},"image":{"@id":"https:\/\/www.sortir06.fr\/actualites\/#\/schema\/logo\/image\/"}},{"@type":"Person","@id":"https:\/\/www.sortir06.fr\/actualites\/#\/schema\/person\/d1da1901725ffa2aebaf8209035b2308","name":"Melissa Musson","sameAs":["https:\/\/www.sortir06.fr\/actualites"],"url":"https:\/\/www.sortir06.fr\/actualites\/author\/admins06actu\/"}]}},"_links":{"self":[{"href":"https:\/\/www.sortir06.fr\/actualites\/wp-json\/wp\/v2\/posts\/2652","targetHints":{"allow":["GET"]}}],"collection":[{"href":"https:\/\/www.sortir06.fr\/actualites\/wp-json\/wp\/v2\/posts"}],"about":[{"href":"https:\/\/www.sortir06.fr\/actualites\/wp-json\/wp\/v2\/types\/post"}],"author":[{"embeddable":true,"href":"https:\/\/www.sortir06.fr\/actualites\/wp-json\/wp\/v2\/users\/1"}],"replies":[{"embeddable":true,"href":"https:\/\/www.sortir06.fr\/actualites\/wp-json\/wp\/v2\/comments?post=2652"}],"version-history":[{"count":4,"href":"https:\/\/www.sortir06.fr\/actualites\/wp-json\/wp\/v2\/posts\/2652\/revisions"}],"predecessor-version":[{"id":2661,"href":"https:\/\/www.sortir06.fr\/actualites\/wp-json\/wp\/v2\/posts\/2652\/revisions\/2661"}],"wp:featuredmedia":[{"embeddable":true,"href":"https:\/\/www.sortir06.fr\/actualites\/wp-json\/wp\/v2\/media\/2657"}],"wp:attachment":[{"href":"https:\/\/www.sortir06.fr\/actualites\/wp-json\/wp\/v2\/media?parent=2652"}],"wp:term":[{"taxonomy":"category","embeddable":true,"href":"https:\/\/www.sortir06.fr\/actualites\/wp-json\/wp\/v2\/categories?post=2652"},{"taxonomy":"post_tag","embeddable":true,"href":"https:\/\/www.sortir06.fr\/actualites\/wp-json\/wp\/v2\/tags?post=2652"}],"curies":[{"name":"wp","href":"https:\/\/api.w.org\/{rel}","templated":true}]}}