{"id":2680,"date":"2026-04-28T18:49:32","date_gmt":"2026-04-28T16:49:32","guid":{"rendered":"https:\/\/www.sortir06.fr\/actualites\/?p=2680"},"modified":"2026-04-28T19:49:52","modified_gmt":"2026-04-28T17:49:52","slug":"canneseries-2026-judith-light-francis-huster-et-adam-scott-rejoignent-le-chemin-des-etoiles","status":"publish","type":"post","link":"https:\/\/www.sortir06.fr\/actualites\/arts-culture\/canneseries-2026-judith-light-francis-huster-et-adam-scott-rejoignent-le-chemin-des-etoiles\/","title":{"rendered":"CANNESERIES 2026 : Judith Light, Francis Huster et Adam Scott rejoignent le \u00ab\u00a0Chemin des Etoiles\u00a0\u00bb"},"content":{"rendered":"\t\t<div data-elementor-type=\"wp-post\" data-elementor-id=\"2680\" class=\"elementor elementor-2680\" data-elementor-post-type=\"post\">\n\t\t\t\t<div class=\"elementor-element elementor-element-7c5373f e-flex e-con-boxed e-con e-parent\" data-id=\"7c5373f\" data-element_type=\"container\">\n\t\t\t\t\t<div class=\"e-con-inner\">\n\t\t\t\t<div class=\"elementor-element elementor-element-f0a1584 elementor-widget elementor-widget-text-editor\" data-id=\"f0a1584\" data-element_type=\"widget\" data-widget_type=\"text-editor.default\">\n\t\t\t\t<div class=\"elementor-widget-container\">\n\t\t\t<style>\/*! elementor - v3.23.0 - 05-08-2024 *\/\n.elementor-widget-text-editor.elementor-drop-cap-view-stacked .elementor-drop-cap{background-color:#69727d;color:#fff}.elementor-widget-text-editor.elementor-drop-cap-view-framed .elementor-drop-cap{color:#69727d;border:3px solid;background-color:transparent}.elementor-widget-text-editor:not(.elementor-drop-cap-view-default) .elementor-drop-cap{margin-top:8px}.elementor-widget-text-editor:not(.elementor-drop-cap-view-default) .elementor-drop-cap-letter{width:1em;height:1em}.elementor-widget-text-editor .elementor-drop-cap{float:left;text-align:center;line-height:1;font-size:50px}.elementor-widget-text-editor .elementor-drop-cap-letter{display:inline-block}<\/style>\t\t\t\t<p>\u00c0 l&rsquo;occasion de la 9e saison de CANNESERIES, le c\u00e9l\u00e8bre \u00ab Chemin des \u00c9toiles \u00bb de Cannes s&rsquo;est enrichi de trois nouvelles empreintes. Judith Light, Francis Huster et Adam Scott, personnalit\u00e9s embl\u00e9matiques, ont particip\u00e9 \u00e0 la c\u00e9r\u00e9monie de prises d\u2019empreintes de mains, r\u00e9serv\u00e9e aux figures marquantes du cin\u00e9ma et des s\u00e9ries.<\/p><p>Ils ont immortalis\u00e9 leurs empreintes, rejoignant ainsi les quelque 450 autres d\u00e9j\u00e0 r\u00e9alis\u00e9es parmi lesquelles figurent otamment Quentin Tarantino, Spike Lee, Catherine Deneuve, Sharon Stone, Meryl Streep, Tim Burton, ou encore Sylvester Stallone.<\/p><p><br \/>Cette reconnaissance s\u2019inscrit dans l\u2019identit\u00e9 cr\u00e9ative de Cannes et de son Palais des Festivals et des Congr\u00e8s, qui font du cin\u00e9ma et des s\u00e9ries un m\u00eame espace d\u2019expression au service de la r\u00e9v\u00e9lation et de la cons\u00e9cration des talents.<\/p>\t\t\t\t\t\t<\/div>\n\t\t\t\t<\/div>\n\t\t\t\t\t<\/div>\n\t\t\t\t<\/div>\n\t\t<div class=\"elementor-element elementor-element-3a30f94 e-flex e-con-boxed e-con e-parent\" data-id=\"3a30f94\" data-element_type=\"container\">\n\t\t\t\t\t<div class=\"e-con-inner\">\n\t\t\t\t<div class=\"elementor-element elementor-element-cc22223 elementor-widget elementor-widget-heading\" data-id=\"cc22223\" data-element_type=\"widget\" data-widget_type=\"heading.default\">\n\t\t\t\t<div class=\"elementor-widget-container\">\n\t\t\t<style>\/*! elementor - v3.23.0 - 05-08-2024 *\/\n.elementor-heading-title{padding:0;margin:0;line-height:1}.elementor-widget-heading .elementor-heading-title[class*=elementor-size-]>a{color:inherit;font-size:inherit;line-height:inherit}.elementor-widget-heading .elementor-heading-title.elementor-size-small{font-size:15px}.elementor-widget-heading .elementor-heading-title.elementor-size-medium{font-size:19px}.elementor-widget-heading .elementor-heading-title.elementor-size-large{font-size:29px}.elementor-widget-heading .elementor-heading-title.elementor-size-xl{font-size:39px}.elementor-widget-heading .elementor-heading-title.elementor-size-xxl{font-size:59px}<\/style><h2 class=\"elementor-heading-title elementor-size-default\">Judith Light, Madame est servie<\/h2>\t\t<\/div>\n\t\t\t\t<\/div>\n\t\t\t\t<div class=\"elementor-element elementor-element-9cf2f82 elementor-widget elementor-widget-text-editor\" data-id=\"9cf2f82\" data-element_type=\"widget\" data-widget_type=\"text-editor.default\">\n\t\t\t\t<div class=\"elementor-widget-container\">\n\t\t\t\t\t\t\t<p>Ic\u00f4ne du petit \u00e9cran, Judith Light a marqu\u00e9 toute une g\u00e9n\u00e9ration gr\u00e2ce \u00e0 son r\u00f4le d\u2019Angela Bower dans la sitcom culte Madame est servie (Who\u2019s the Boss?), diffus\u00e9e de 1984 \u00e0 1992. R\u00e9compens\u00e9e \u00e0 plusieurs reprises, notamment par des Tony Awards pour ses performances \u00e0 Broadway, elle s\u2019est illustr\u00e9e avec autant de succ\u00e8s sur sc\u00e8ne que sur les \u00e9crans.<\/p><p>Au fil des ann\u00e9es, elle a su se r\u00e9inventer en participant \u00e0 des s\u00e9ries acclam\u00e9es telles que Transparent, qui lui a valu une reconnaissance critique renouvel\u00e9e, ou encore The Politician. Engag\u00e9e de longue date dans des causes sociales et humanitaires, elle est \u00e9galement une voix influente dans la d\u00e9fense des droits civiques. Invit\u00e9e \u00e0 CANNESERIES, elle y pr\u00e9sente la nouvelle saison de The Terror, confirmant la richesse et la long\u00e9vit\u00e9 de sa carri\u00e8re.<\/p><p>\u00a0<\/p>\t\t\t\t\t\t<\/div>\n\t\t\t\t<\/div>\n\t\t\t\t\t<\/div>\n\t\t\t\t<\/div>\n\t\t<div class=\"elementor-element elementor-element-567df2d e-flex e-con-boxed e-con e-parent\" data-id=\"567df2d\" data-element_type=\"container\">\n\t\t\t\t\t<div class=\"e-con-inner\">\n\t\t\t\t<div class=\"elementor-element elementor-element-83d350b elementor-widget elementor-widget-heading\" data-id=\"83d350b\" data-element_type=\"widget\" data-widget_type=\"heading.default\">\n\t\t\t\t<div class=\"elementor-widget-container\">\n\t\t\t<h2 class=\"elementor-heading-title elementor-size-default\">Francis Huster<\/h2>\t\t<\/div>\n\t\t\t\t<\/div>\n\t\t\t\t<div class=\"elementor-element elementor-element-3466e3e elementor-widget elementor-widget-text-editor\" data-id=\"3466e3e\" data-element_type=\"widget\" data-widget_type=\"text-editor.default\">\n\t\t\t\t<div class=\"elementor-widget-container\">\n\t\t\t\t\t\t\t<p>Figure majeure de la sc\u00e8ne artistique fran\u00e7aise, Francis Huster est \u00e0 la fois acteur, metteur en sc\u00e8ne, r\u00e9alisateur et \u00e9crivain. Ancien pensionnaire de la Com\u00e9die-Fran\u00e7aise, il s\u2019est impos\u00e9 comme un interpr\u00e8te incontournable du r\u00e9pertoire classique, notamment des \u0153uvres de Moli\u00e8re, dont il est un fervent d\u00e9fenseur.<\/p><p>Pr\u00e9sent \u00e0 CANNESERIES pour d\u00e9fendre la s\u00e9rie Zodiaque, il incarne pleinement le lien entre tradition th\u00e9\u00e2trale et cr\u00e9ation audiovisuelle contemporaine.<br \/><br \/><\/p><p>R\u00e9compens\u00e9 par un Moli\u00e8re d\u2019honneur en 2024 pour l\u2019ensemble de sa carri\u00e8re, il continue de s\u2019investir dans la cr\u00e9ation et la transmission artistique. Ce Moli\u00e8re se retrouve d\u2019ailleurs immortalis\u00e9 lui aussi dans la plaque. <\/p>\t\t\t\t\t\t<\/div>\n\t\t\t\t<\/div>\n\t\t\t\t\t<\/div>\n\t\t\t\t<\/div>\n\t\t<div class=\"elementor-element elementor-element-f50ffba e-flex e-con-boxed e-con e-parent\" data-id=\"f50ffba\" data-element_type=\"container\">\n\t\t\t\t\t<div class=\"e-con-inner\">\n\t\t\t\t<div class=\"elementor-element elementor-element-58ec8e6 elementor-widget elementor-widget-video\" data-id=\"58ec8e6\" data-element_type=\"widget\" data-settings=\"{&quot;youtube_url&quot;:&quot;https:\\\/\\\/www.youtube.com\\\/watch?v=qnoZumkUY3k&quot;,&quot;video_type&quot;:&quot;youtube&quot;,&quot;controls&quot;:&quot;yes&quot;}\" data-widget_type=\"video.default\">\n\t\t\t\t<div class=\"elementor-widget-container\">\n\t\t\t<style>\/*! elementor - v3.23.0 - 05-08-2024 *\/\n.elementor-widget-video .elementor-widget-container{overflow:hidden;transform:translateZ(0)}.elementor-widget-video .elementor-wrapper{aspect-ratio:var(--video-aspect-ratio)}.elementor-widget-video .elementor-wrapper iframe,.elementor-widget-video .elementor-wrapper video{height:100%;width:100%;display:flex;border:none;background-color:#000}@supports not (aspect-ratio:1\/1){.elementor-widget-video .elementor-wrapper{position:relative;overflow:hidden;height:0;padding-bottom:calc(100% \/ var(--video-aspect-ratio))}.elementor-widget-video .elementor-wrapper iframe,.elementor-widget-video .elementor-wrapper video{position:absolute;top:0;right:0;bottom:0;left:0}}.elementor-widget-video .elementor-open-inline .elementor-custom-embed-image-overlay{position:absolute;top:0;right:0;bottom:0;left:0;background-size:cover;background-position:50%}.elementor-widget-video .elementor-custom-embed-image-overlay{cursor:pointer;text-align:center}.elementor-widget-video .elementor-custom-embed-image-overlay:hover .elementor-custom-embed-play i{opacity:1}.elementor-widget-video .elementor-custom-embed-image-overlay img{display:block;width:100%;aspect-ratio:var(--video-aspect-ratio);-o-object-fit:cover;object-fit:cover;-o-object-position:center center;object-position:center center}@supports not (aspect-ratio:1\/1){.elementor-widget-video .elementor-custom-embed-image-overlay{position:relative;overflow:hidden;height:0;padding-bottom:calc(100% \/ var(--video-aspect-ratio))}.elementor-widget-video .elementor-custom-embed-image-overlay img{position:absolute;top:0;right:0;bottom:0;left:0}}.elementor-widget-video .e-hosted-video .elementor-video{-o-object-fit:cover;object-fit:cover}.e-con-inner>.elementor-widget-video,.e-con>.elementor-widget-video{width:var(--container-widget-width);--flex-grow:var(--container-widget-flex-grow)}<\/style>\t\t<div class=\"elementor-wrapper elementor-open-inline\">\n\t\t\t<div class=\"elementor-video\"><\/div>\t\t<\/div>\n\t\t\t\t<\/div>\n\t\t\t\t<\/div>\n\t\t\t\t\t<\/div>\n\t\t\t\t<\/div>\n\t\t<div class=\"elementor-element elementor-element-ecf56bb e-flex e-con-boxed e-con e-parent\" data-id=\"ecf56bb\" data-element_type=\"container\">\n\t\t\t\t\t<div class=\"e-con-inner\">\n\t\t\t\t<div class=\"elementor-element elementor-element-631fa7b elementor-widget elementor-widget-heading\" data-id=\"631fa7b\" data-element_type=\"widget\" data-widget_type=\"heading.default\">\n\t\t\t\t<div class=\"elementor-widget-container\">\n\t\t\t<h2 class=\"elementor-heading-title elementor-size-default\">Adam Scott<\/h2>\t\t<\/div>\n\t\t\t\t<\/div>\n\t\t\t\t<div class=\"elementor-element elementor-element-e756656 elementor-widget elementor-widget-text-editor\" data-id=\"e756656\" data-element_type=\"widget\" data-widget_type=\"text-editor.default\">\n\t\t\t\t<div class=\"elementor-widget-container\">\n\t\t\t\t\t\t\t<p>Acteur, producteur et figure incontournable de la t\u00e9l\u00e9vision am\u00e9ricaine, Adam Scott s\u2019est impos\u00e9 comme l\u2019un des visages majeurs des s\u00e9ries contemporaines. Il est mondialement reconnu pour son r\u00f4le principal dans Severance, thriller psychologique acclam\u00e9 par la critique, pour lequel il officie \u00e9galement en tant que producteur ex\u00e9cutif. Sa performance lui a valu de nombreuses nominations aux Emmy Awards, aux Golden Globes et aux Critics\u2019 Choice Awards.<\/p><p>\u00a0<\/p><p>Avant ce succ\u00e8s, il s\u2019\u00e9tait illustr\u00e9 dans des s\u00e9ries cultes comme Parks and Recreation ou encore Big Little Lies. En parall\u00e8le de sa carri\u00e8re d\u2019acteur, il d\u00e9veloppe des projets en tant que producteur et co-anime le podcast The Severance Podcast avec Ben Stiller. Il sera prochainement \u00e0 l\u2019affiche de plusieurs projets attendus, dont Hokum, pr\u00e9sent\u00e9 au South by Southwest 2026, ainsi que The Whisper Man aux c\u00f4t\u00e9s de Robert De Niro et The Saviors, qu\u2019il a \u00e9galement produit. Il a re\u00e7u il y a quelques jours le Canal+ Icon Award lors de la c\u00e9r\u00e9monie d\u2019ouverture de CANNESERIES.<\/p>\t\t\t\t\t\t<\/div>\n\t\t\t\t<\/div>\n\t\t\t\t\t<\/div>\n\t\t\t\t<\/div>\n\t\t<div class=\"elementor-element elementor-element-fad982a e-flex e-con-boxed e-con e-parent\" data-id=\"fad982a\" data-element_type=\"container\">\n\t\t\t\t\t<div class=\"e-con-inner\">\n\t\t\t\t<div class=\"elementor-element elementor-element-e42133f elementor-arrows-position-inside elementor-pagination-position-outside elementor-widget elementor-widget-image-carousel\" data-id=\"e42133f\" data-element_type=\"widget\" data-settings=\"{&quot;slides_to_show&quot;:&quot;1&quot;,&quot;navigation&quot;:&quot;both&quot;,&quot;autoplay&quot;:&quot;yes&quot;,&quot;pause_on_hover&quot;:&quot;yes&quot;,&quot;pause_on_interaction&quot;:&quot;yes&quot;,&quot;autoplay_speed&quot;:5000,&quot;infinite&quot;:&quot;yes&quot;,&quot;effect&quot;:&quot;slide&quot;,&quot;speed&quot;:500}\" data-widget_type=\"image-carousel.default\">\n\t\t\t\t<div class=\"elementor-widget-container\">\n\t\t\t<style>\/*! elementor - v3.23.0 - 05-08-2024 *\/\n.elementor-widget-image-carousel .swiper,.elementor-widget-image-carousel .swiper-container{position:static}.elementor-widget-image-carousel .swiper-container .swiper-slide figure,.elementor-widget-image-carousel .swiper .swiper-slide figure{line-height:inherit}.elementor-widget-image-carousel .swiper-slide{text-align:center}.elementor-image-carousel-wrapper:not(.swiper-container-initialized):not(.swiper-initialized) .swiper-slide{max-width:calc(100% \/ var(--e-image-carousel-slides-to-show, 3))}<\/style>\t\t<div class=\"elementor-image-carousel-wrapper swiper\" dir=\"ltr\">\n\t\t\t<div class=\"elementor-image-carousel swiper-wrapper\" aria-live=\"off\">\n\t\t\t\t\t\t\t\t<div class=\"swiper-slide\" role=\"group\" aria-roledescription=\"slide\" aria-label=\"1 sur 9\"><figure class=\"swiper-slide-inner\"><img decoding=\"async\" class=\"swiper-slide-image\" src=\"https:\/\/www.sortir06.fr\/actualites\/wp-content\/uploads\/2026\/04\/judith-light-cannes03.webp\" alt=\"CANNESERIES 2026 : Judith Light, Francis Huster et Adam Scott rejoignent le &quot;Chemin des Etoiles&quot;\" \/><\/figure><\/div><div class=\"swiper-slide\" role=\"group\" aria-roledescription=\"slide\" aria-label=\"2 sur 9\"><figure class=\"swiper-slide-inner\"><img decoding=\"async\" class=\"swiper-slide-image\" src=\"https:\/\/www.sortir06.fr\/actualites\/wp-content\/uploads\/2026\/04\/judith-light-cannes01.webp\" alt=\"CANNESERIES 2026 : empreintes croisette Judith Light\" \/><\/figure><\/div><div class=\"swiper-slide\" role=\"group\" aria-roledescription=\"slide\" aria-label=\"3 sur 9\"><figure class=\"swiper-slide-inner\"><img decoding=\"async\" class=\"swiper-slide-image\" src=\"https:\/\/www.sortir06.fr\/actualites\/wp-content\/uploads\/2026\/04\/judith-light-cannes02.webp\" alt=\"CANNESERIES 2026 : empreintes croisette Judith Light\" \/><\/figure><\/div><div class=\"swiper-slide\" role=\"group\" aria-roledescription=\"slide\" aria-label=\"4 sur 9\"><figure class=\"swiper-slide-inner\"><img decoding=\"async\" class=\"swiper-slide-image\" src=\"https:\/\/www.sortir06.fr\/actualites\/wp-content\/uploads\/2026\/04\/francis-huster-cannes01.webp\" alt=\"CANNESERIES 2026 : empreintes croisette Francis Huster\" \/><\/figure><\/div><div class=\"swiper-slide\" role=\"group\" aria-roledescription=\"slide\" aria-label=\"5 sur 9\"><figure class=\"swiper-slide-inner\"><img decoding=\"async\" class=\"swiper-slide-image\" src=\"https:\/\/www.sortir06.fr\/actualites\/wp-content\/uploads\/2026\/04\/francis-huster-cannes02.webp\" alt=\"CANNESERIES 2026 : empreintes croisette Francis Huster\" \/><\/figure><\/div><div class=\"swiper-slide\" role=\"group\" aria-roledescription=\"slide\" aria-label=\"6 sur 9\"><figure class=\"swiper-slide-inner\"><img decoding=\"async\" class=\"swiper-slide-image\" src=\"https:\/\/www.sortir06.fr\/actualites\/wp-content\/uploads\/2026\/04\/francis-huster-cannes03.webp\" alt=\"CANNESERIES 2026 : empreintes croisette Francis Huster\" \/><\/figure><\/div><div class=\"swiper-slide\" role=\"group\" aria-roledescription=\"slide\" aria-label=\"7 sur 9\"><figure class=\"swiper-slide-inner\"><img decoding=\"async\" class=\"swiper-slide-image\" src=\"https:\/\/www.sortir06.fr\/actualites\/wp-content\/uploads\/2026\/04\/adam-scott-cannes01.webp\" alt=\"CANNESERIES 2026 : empreintes croisette Adam Scott\" \/><\/figure><\/div><div class=\"swiper-slide\" role=\"group\" aria-roledescription=\"slide\" aria-label=\"8 sur 9\"><figure class=\"swiper-slide-inner\"><img decoding=\"async\" class=\"swiper-slide-image\" src=\"https:\/\/www.sortir06.fr\/actualites\/wp-content\/uploads\/2026\/04\/adam-scott-cannes02.webp\" alt=\"CANNESERIES 2026 : empreintes croisette Adam Scott\" \/><\/figure><\/div><div class=\"swiper-slide\" role=\"group\" aria-roledescription=\"slide\" aria-label=\"9 sur 9\"><figure class=\"swiper-slide-inner\"><img decoding=\"async\" class=\"swiper-slide-image\" src=\"https:\/\/www.sortir06.fr\/actualites\/wp-content\/uploads\/2026\/04\/adam-scott-cannes02-1.webp\" alt=\"CANNESERIES 2026 : empreintes croisette Adam Scott\" \/><\/figure><\/div>\t\t\t<\/div>\n\t\t\t\t\t\t\t\t\t\t\t\t<div class=\"elementor-swiper-button elementor-swiper-button-prev\" role=\"button\" tabindex=\"0\">\n\t\t\t\t\t\t<svg aria-hidden=\"true\" class=\"e-font-icon-svg e-fas-arrow-circle-left\" viewBox=\"0 0 512 512\" xmlns=\"http:\/\/www.w3.org\/2000\/svg\"><path d=\"M256 504C119 504 8 393 8 256S119 8 256 8s248 111 248 248-111 248-248 248zm28.9-143.6L209.4 288H392c13.3 0 24-10.7 24-24v-16c0-13.3-10.7-24-24-24H209.4l75.5-72.4c9.7-9.3 9.9-24.8.4-34.3l-11-10.9c-9.4-9.4-24.6-9.4-33.9 0L107.7 239c-9.4 9.4-9.4 24.6 0 33.9l132.7 132.7c9.4 9.4 24.6 9.4 33.9 0l11-10.9c9.5-9.5 9.3-25-.4-34.3z\"><\/path><\/svg>\t\t\t\t\t<\/div>\n\t\t\t\t\t<div class=\"elementor-swiper-button elementor-swiper-button-next\" role=\"button\" tabindex=\"0\">\n\t\t\t\t\t\t<svg aria-hidden=\"true\" class=\"e-font-icon-svg e-fas-arrow-circle-right\" viewBox=\"0 0 512 512\" xmlns=\"http:\/\/www.w3.org\/2000\/svg\"><path d=\"M256 8c137 0 248 111 248 248S393 504 256 504 8 393 8 256 119 8 256 8zm-28.9 143.6l75.5 72.4H120c-13.3 0-24 10.7-24 24v16c0 13.3 10.7 24 24 24h182.6l-75.5 72.4c-9.7 9.3-9.9 24.8-.4 34.3l11 10.9c9.4 9.4 24.6 9.4 33.9 0L404.3 273c9.4-9.4 9.4-24.6 0-33.9L271.6 106.3c-9.4-9.4-24.6-9.4-33.9 0l-11 10.9c-9.5 9.6-9.3 25.1.4 34.4z\"><\/path><\/svg>\t\t\t\t\t<\/div>\n\t\t\t\t\n\t\t\t\t\t\t\t\t\t<div class=\"swiper-pagination\"><\/div>\n\t\t\t\t\t\t\t\t\t<\/div>\n\t\t\t\t<\/div>\n\t\t\t\t<\/div>\n\t\t\t\t\t<\/div>\n\t\t\t\t<\/div>\n\t\t\t\t<\/div>\n\t\t\n\n<div class=\"kk-star-ratings kksr-auto kksr-align-center kksr-valign-bottom\"\n    data-payload='{&quot;align&quot;:&quot;center&quot;,&quot;id&quot;:&quot;2680&quot;,&quot;slug&quot;:&quot;default&quot;,&quot;valign&quot;:&quot;bottom&quot;,&quot;ignore&quot;:&quot;&quot;,&quot;reference&quot;:&quot;auto&quot;,&quot;class&quot;:&quot;&quot;,&quot;count&quot;:&quot;5&quot;,&quot;legendonly&quot;:&quot;&quot;,&quot;readonly&quot;:&quot;&quot;,&quot;score&quot;:&quot;5&quot;,&quot;starsonly&quot;:&quot;&quot;,&quot;best&quot;:&quot;5&quot;,&quot;gap&quot;:&quot;5&quot;,&quot;greet&quot;:&quot;Vous aimez ?&quot;,&quot;legend&quot;:&quot;5\\\/5 - (5 votes)&quot;,&quot;size&quot;:&quot;24&quot;,&quot;title&quot;:&quot;CANNESERIES 2026 : Judith Light, Francis Huster et Adam Scott rejoignent le \\u0026quot;Chemin des Etoiles\\u0026quot;&quot;,&quot;width&quot;:&quot;142.5&quot;,&quot;_legend&quot;:&quot;{score}\\\/{best} - ({count} {votes})&quot;,&quot;font_factor&quot;:&quot;1.25&quot;}'>\n            \n<div class=\"kksr-stars\">\n    \n<div class=\"kksr-stars-inactive\">\n            <div class=\"kksr-star\" data-star=\"1\" style=\"padding-right: 5px\">\n            \n\n<div class=\"kksr-icon\" style=\"width: 24px; height: 24px;\"><\/div>\n        <\/div>\n            <div class=\"kksr-star\" data-star=\"2\" style=\"padding-right: 5px\">\n            \n\n<div class=\"kksr-icon\" style=\"width: 24px; height: 24px;\"><\/div>\n        <\/div>\n            <div class=\"kksr-star\" data-star=\"3\" style=\"padding-right: 5px\">\n            \n\n<div class=\"kksr-icon\" style=\"width: 24px; height: 24px;\"><\/div>\n        <\/div>\n            <div class=\"kksr-star\" data-star=\"4\" style=\"padding-right: 5px\">\n            \n\n<div class=\"kksr-icon\" style=\"width: 24px; height: 24px;\"><\/div>\n        <\/div>\n            <div class=\"kksr-star\" data-star=\"5\" style=\"padding-right: 5px\">\n            \n\n<div class=\"kksr-icon\" style=\"width: 24px; height: 24px;\"><\/div>\n        <\/div>\n    <\/div>\n    \n<div class=\"kksr-stars-active\" style=\"width: 142.5px;\">\n            <div class=\"kksr-star\" style=\"padding-right: 5px\">\n            \n\n<div class=\"kksr-icon\" style=\"width: 24px; height: 24px;\"><\/div>\n        <\/div>\n            <div class=\"kksr-star\" style=\"padding-right: 5px\">\n            \n\n<div class=\"kksr-icon\" style=\"width: 24px; height: 24px;\"><\/div>\n        <\/div>\n            <div class=\"kksr-star\" style=\"padding-right: 5px\">\n            \n\n<div class=\"kksr-icon\" style=\"width: 24px; height: 24px;\"><\/div>\n        <\/div>\n            <div class=\"kksr-star\" style=\"padding-right: 5px\">\n            \n\n<div class=\"kksr-icon\" style=\"width: 24px; height: 24px;\"><\/div>\n        <\/div>\n            <div class=\"kksr-star\" style=\"padding-right: 5px\">\n            \n\n<div class=\"kksr-icon\" style=\"width: 24px; height: 24px;\"><\/div>\n        <\/div>\n    <\/div>\n<\/div>\n                \n\n<div class=\"kksr-legend\" style=\"font-size: 19.2px;\">\n            5\/5 - (5 votes)    <\/div>\n    <\/div>\n","protected":false},"excerpt":{"rendered":"<p>\u00c0 l&rsquo;occasion de la 9e saison de CANNESERIES, le c\u00e9l\u00e8bre \u00ab Chemin des \u00c9toiles \u00bb de Cannes s&rsquo;est enrichi de [&hellip;]<\/p>\n","protected":false},"author":1,"featured_media":2681,"comment_status":"closed","ping_status":"closed","sticky":false,"template":"","format":"standard","meta":{"site-sidebar-layout":"default","site-content-layout":"","ast-site-content-layout":"","site-content-style":"default","site-sidebar-style":"default","ast-global-header-display":"","ast-banner-title-visibility":"","ast-main-header-display":"","ast-hfb-above-header-display":"","ast-hfb-below-header-display":"","ast-hfb-mobile-header-display":"","site-post-title":"","ast-breadcrumbs-content":"","ast-featured-img":"","footer-sml-layout":"","theme-transparent-header-meta":"","adv-header-id-meta":"","stick-header-meta":"","header-above-stick-meta":"","header-main-stick-meta":"","header-below-stick-meta":"","astra-migrate-meta-layouts":"default","ast-page-background-enabled":"default","ast-page-background-meta":{"desktop":{"background-color":"var(--ast-global-color-4)","background-image":"","background-repeat":"repeat","background-position":"center center","background-size":"auto","background-attachment":"scroll","background-type":"","background-media":"","overlay-type":"","overlay-color":"","overlay-opacity":"","overlay-gradient":""},"tablet":{"background-color":"","background-image":"","background-repeat":"repeat","background-position":"center center","background-size":"auto","background-attachment":"scroll","background-type":"","background-media":"","overlay-type":"","overlay-color":"","overlay-opacity":"","overlay-gradient":""},"mobile":{"background-color":"","background-image":"","background-repeat":"repeat","background-position":"center center","background-size":"auto","background-attachment":"scroll","background-type":"","background-media":"","overlay-type":"","overlay-color":"","overlay-opacity":"","overlay-gradient":""}},"ast-content-background-meta":{"desktop":{"background-color":"var(--ast-global-color-5)","background-image":"","background-repeat":"repeat","background-position":"center center","background-size":"auto","background-attachment":"scroll","background-type":"","background-media":"","overlay-type":"","overlay-color":"","overlay-opacity":"","overlay-gradient":""},"tablet":{"background-color":"var(--ast-global-color-5)","background-image":"","background-repeat":"repeat","background-position":"center center","background-size":"auto","background-attachment":"scroll","background-type":"","background-media":"","overlay-type":"","overlay-color":"","overlay-opacity":"","overlay-gradient":""},"mobile":{"background-color":"var(--ast-global-color-5)","background-image":"","background-repeat":"repeat","background-position":"center center","background-size":"auto","background-attachment":"scroll","background-type":"","background-media":"","overlay-type":"","overlay-color":"","overlay-opacity":"","overlay-gradient":""}},"footnotes":""},"categories":[171],"tags":[29],"class_list":["post-2680","post","type-post","status-publish","format-standard","has-post-thumbnail","hentry","category-arts-culture","tag-cannes"],"yoast_head":"<!-- This site is optimized with the Yoast SEO plugin v23.2 - https:\/\/yoast.com\/wordpress\/plugins\/seo\/ -->\n<title>CANNESERIES 2026 : Judith Light, Francis Huster et Adam Scott rejoignent le &quot;Chemin des Etoiles&quot;<\/title>\n<meta name=\"robots\" content=\"index, follow, max-snippet:-1, max-image-preview:large, max-video-preview:-1\" \/>\n<link rel=\"canonical\" href=\"https:\/\/www.sortir06.fr\/actualites\/arts-culture\/canneseries-2026-judith-light-francis-huster-et-adam-scott-rejoignent-le-chemin-des-etoiles\/\" \/>\n<meta property=\"og:locale\" content=\"fr_FR\" \/>\n<meta property=\"og:type\" content=\"article\" \/>\n<meta property=\"og:title\" content=\"CANNESERIES 2026 : Judith Light, Francis Huster et Adam Scott rejoignent le &quot;Chemin des Etoiles&quot;\" \/>\n<meta property=\"og:description\" content=\"\u00c0 l&rsquo;occasion de la 9e saison de CANNESERIES, le c\u00e9l\u00e8bre \u00ab Chemin des \u00c9toiles \u00bb de Cannes s&rsquo;est enrichi de [&hellip;]\" \/>\n<meta property=\"og:url\" content=\"https:\/\/www.sortir06.fr\/actualites\/arts-culture\/canneseries-2026-judith-light-francis-huster-et-adam-scott-rejoignent-le-chemin-des-etoiles\/\" \/>\n<meta property=\"og:site_name\" content=\"Actualit\u00e9s du 06 \/ Infos Presse\" \/>\n<meta property=\"article:published_time\" content=\"2026-04-28T16:49:32+00:00\" \/>\n<meta property=\"article:modified_time\" content=\"2026-04-28T17:49:52+00:00\" \/>\n<meta property=\"og:image\" content=\"https:\/\/www.sortir06.fr\/actualites\/wp-content\/uploads\/2026\/04\/judith-light-cannes03.webp\" \/>\n\t<meta property=\"og:image:width\" content=\"1200\" \/>\n\t<meta property=\"og:image:height\" content=\"800\" \/>\n\t<meta property=\"og:image:type\" content=\"image\/webp\" \/>\n<meta name=\"author\" content=\"Melissa Musson\" \/>\n<meta name=\"twitter:card\" content=\"summary_large_image\" \/>\n<meta name=\"twitter:label1\" content=\"\u00c9crit par\" \/>\n\t<meta name=\"twitter:data1\" content=\"Melissa Musson\" \/>\n\t<meta name=\"twitter:label2\" content=\"Dur\u00e9e de lecture estim\u00e9e\" \/>\n\t<meta name=\"twitter:data2\" content=\"5 minutes\" \/>\n<script type=\"application\/ld+json\" class=\"yoast-schema-graph\">{\"@context\":\"https:\/\/schema.org\",\"@graph\":[{\"@type\":\"Article\",\"@id\":\"https:\/\/www.sortir06.fr\/actualites\/arts-culture\/canneseries-2026-judith-light-francis-huster-et-adam-scott-rejoignent-le-chemin-des-etoiles\/#article\",\"isPartOf\":{\"@id\":\"https:\/\/www.sortir06.fr\/actualites\/arts-culture\/canneseries-2026-judith-light-francis-huster-et-adam-scott-rejoignent-le-chemin-des-etoiles\/\"},\"author\":{\"name\":\"Melissa Musson\",\"@id\":\"https:\/\/www.sortir06.fr\/actualites\/#\/schema\/person\/d1da1901725ffa2aebaf8209035b2308\"},\"headline\":\"CANNESERIES 2026 : Judith Light, Francis Huster et Adam Scott rejoignent le \u00ab\u00a0Chemin des Etoiles\u00a0\u00bb\",\"datePublished\":\"2026-04-28T16:49:32+00:00\",\"dateModified\":\"2026-04-28T17:49:52+00:00\",\"mainEntityOfPage\":{\"@id\":\"https:\/\/www.sortir06.fr\/actualites\/arts-culture\/canneseries-2026-judith-light-francis-huster-et-adam-scott-rejoignent-le-chemin-des-etoiles\/\"},\"wordCount\":629,\"publisher\":{\"@id\":\"https:\/\/www.sortir06.fr\/actualites\/#organization\"},\"image\":{\"@id\":\"https:\/\/www.sortir06.fr\/actualites\/arts-culture\/canneseries-2026-judith-light-francis-huster-et-adam-scott-rejoignent-le-chemin-des-etoiles\/#primaryimage\"},\"thumbnailUrl\":\"https:\/\/www.sortir06.fr\/actualites\/wp-content\/uploads\/2026\/04\/judith-light-cannes03.webp\",\"keywords\":[\"Cannes\"],\"articleSection\":[\"Arts &amp; Culture\"],\"inLanguage\":\"fr-FR\"},{\"@type\":\"WebPage\",\"@id\":\"https:\/\/www.sortir06.fr\/actualites\/arts-culture\/canneseries-2026-judith-light-francis-huster-et-adam-scott-rejoignent-le-chemin-des-etoiles\/\",\"url\":\"https:\/\/www.sortir06.fr\/actualites\/arts-culture\/canneseries-2026-judith-light-francis-huster-et-adam-scott-rejoignent-le-chemin-des-etoiles\/\",\"name\":\"CANNESERIES 2026 : Judith Light, Francis Huster et Adam Scott rejoignent le \\\"Chemin des Etoiles\\\"\",\"isPartOf\":{\"@id\":\"https:\/\/www.sortir06.fr\/actualites\/#website\"},\"primaryImageOfPage\":{\"@id\":\"https:\/\/www.sortir06.fr\/actualites\/arts-culture\/canneseries-2026-judith-light-francis-huster-et-adam-scott-rejoignent-le-chemin-des-etoiles\/#primaryimage\"},\"image\":{\"@id\":\"https:\/\/www.sortir06.fr\/actualites\/arts-culture\/canneseries-2026-judith-light-francis-huster-et-adam-scott-rejoignent-le-chemin-des-etoiles\/#primaryimage\"},\"thumbnailUrl\":\"https:\/\/www.sortir06.fr\/actualites\/wp-content\/uploads\/2026\/04\/judith-light-cannes03.webp\",\"datePublished\":\"2026-04-28T16:49:32+00:00\",\"dateModified\":\"2026-04-28T17:49:52+00:00\",\"breadcrumb\":{\"@id\":\"https:\/\/www.sortir06.fr\/actualites\/arts-culture\/canneseries-2026-judith-light-francis-huster-et-adam-scott-rejoignent-le-chemin-des-etoiles\/#breadcrumb\"},\"inLanguage\":\"fr-FR\",\"potentialAction\":[{\"@type\":\"ReadAction\",\"target\":[\"https:\/\/www.sortir06.fr\/actualites\/arts-culture\/canneseries-2026-judith-light-francis-huster-et-adam-scott-rejoignent-le-chemin-des-etoiles\/\"]}]},{\"@type\":\"ImageObject\",\"inLanguage\":\"fr-FR\",\"@id\":\"https:\/\/www.sortir06.fr\/actualites\/arts-culture\/canneseries-2026-judith-light-francis-huster-et-adam-scott-rejoignent-le-chemin-des-etoiles\/#primaryimage\",\"url\":\"https:\/\/www.sortir06.fr\/actualites\/wp-content\/uploads\/2026\/04\/judith-light-cannes03.webp\",\"contentUrl\":\"https:\/\/www.sortir06.fr\/actualites\/wp-content\/uploads\/2026\/04\/judith-light-cannes03.webp\",\"width\":1200,\"height\":800,\"caption\":\"CANNESERIES 2026 : Judith Light, Francis Huster et Adam Scott rejoignent le \\\"Chemin des Etoiles\\\"\"},{\"@type\":\"BreadcrumbList\",\"@id\":\"https:\/\/www.sortir06.fr\/actualites\/arts-culture\/canneseries-2026-judith-light-francis-huster-et-adam-scott-rejoignent-le-chemin-des-etoiles\/#breadcrumb\",\"itemListElement\":[{\"@type\":\"ListItem\",\"position\":1,\"name\":\"Accueil\",\"item\":\"https:\/\/www.sortir06.fr\/actualites\/\"},{\"@type\":\"ListItem\",\"position\":2,\"name\":\"CANNESERIES 2026 : Judith Light, Francis Huster et Adam Scott rejoignent le \u00ab\u00a0Chemin des Etoiles\u00a0\u00bb\"}]},{\"@type\":\"WebSite\",\"@id\":\"https:\/\/www.sortir06.fr\/actualites\/#website\",\"url\":\"https:\/\/www.sortir06.fr\/actualites\/\",\"name\":\"Actualit\u00e9s C\u00f4te d\\\"Azur (06)\",\"description\":\"\",\"publisher\":{\"@id\":\"https:\/\/www.sortir06.fr\/actualites\/#organization\"},\"alternateName\":\"Retrouvez toutes les infos presse et news du d\u00e9partement des Alpes Maritimes\",\"potentialAction\":[{\"@type\":\"SearchAction\",\"target\":{\"@type\":\"EntryPoint\",\"urlTemplate\":\"https:\/\/www.sortir06.fr\/actualites\/?s={search_term_string}\"},\"query-input\":\"required name=search_term_string\"}],\"inLanguage\":\"fr-FR\"},{\"@type\":\"Organization\",\"@id\":\"https:\/\/www.sortir06.fr\/actualites\/#organization\",\"name\":\"Sortir 06 Actualit\u00e9s\",\"url\":\"https:\/\/www.sortir06.fr\/actualites\/\",\"logo\":{\"@type\":\"ImageObject\",\"inLanguage\":\"fr-FR\",\"@id\":\"https:\/\/www.sortir06.fr\/actualites\/#\/schema\/logo\/image\/\",\"url\":\"https:\/\/www.sortir06.fr\/actualites\/wp-content\/uploads\/2024\/08\/sortir06actualites-1.webp\",\"contentUrl\":\"https:\/\/www.sortir06.fr\/actualites\/wp-content\/uploads\/2024\/08\/sortir06actualites-1.webp\",\"width\":1200,\"height\":375,\"caption\":\"Sortir 06 Actualit\u00e9s\"},\"image\":{\"@id\":\"https:\/\/www.sortir06.fr\/actualites\/#\/schema\/logo\/image\/\"}},{\"@type\":\"Person\",\"@id\":\"https:\/\/www.sortir06.fr\/actualites\/#\/schema\/person\/d1da1901725ffa2aebaf8209035b2308\",\"name\":\"Melissa Musson\",\"sameAs\":[\"https:\/\/www.sortir06.fr\/actualites\"],\"url\":\"https:\/\/www.sortir06.fr\/actualites\/author\/admins06actu\/\"}]}<\/script>\n<!-- \/ Yoast SEO plugin. -->","yoast_head_json":{"title":"CANNESERIES 2026 : Judith Light, Francis Huster et Adam Scott rejoignent le \"Chemin des Etoiles\"","robots":{"index":"index","follow":"follow","max-snippet":"max-snippet:-1","max-image-preview":"max-image-preview:large","max-video-preview":"max-video-preview:-1"},"canonical":"https:\/\/www.sortir06.fr\/actualites\/arts-culture\/canneseries-2026-judith-light-francis-huster-et-adam-scott-rejoignent-le-chemin-des-etoiles\/","og_locale":"fr_FR","og_type":"article","og_title":"CANNESERIES 2026 : Judith Light, Francis Huster et Adam Scott rejoignent le \"Chemin des Etoiles\"","og_description":"\u00c0 l&rsquo;occasion de la 9e saison de CANNESERIES, le c\u00e9l\u00e8bre \u00ab Chemin des \u00c9toiles \u00bb de Cannes s&rsquo;est enrichi de [&hellip;]","og_url":"https:\/\/www.sortir06.fr\/actualites\/arts-culture\/canneseries-2026-judith-light-francis-huster-et-adam-scott-rejoignent-le-chemin-des-etoiles\/","og_site_name":"Actualit\u00e9s du 06 \/ Infos Presse","article_published_time":"2026-04-28T16:49:32+00:00","article_modified_time":"2026-04-28T17:49:52+00:00","og_image":[{"width":1200,"height":800,"url":"https:\/\/www.sortir06.fr\/actualites\/wp-content\/uploads\/2026\/04\/judith-light-cannes03.webp","type":"image\/webp"}],"author":"Melissa Musson","twitter_card":"summary_large_image","twitter_misc":{"\u00c9crit par":"Melissa Musson","Dur\u00e9e de lecture estim\u00e9e":"5 minutes"},"schema":{"@context":"https:\/\/schema.org","@graph":[{"@type":"Article","@id":"https:\/\/www.sortir06.fr\/actualites\/arts-culture\/canneseries-2026-judith-light-francis-huster-et-adam-scott-rejoignent-le-chemin-des-etoiles\/#article","isPartOf":{"@id":"https:\/\/www.sortir06.fr\/actualites\/arts-culture\/canneseries-2026-judith-light-francis-huster-et-adam-scott-rejoignent-le-chemin-des-etoiles\/"},"author":{"name":"Melissa Musson","@id":"https:\/\/www.sortir06.fr\/actualites\/#\/schema\/person\/d1da1901725ffa2aebaf8209035b2308"},"headline":"CANNESERIES 2026 : Judith Light, Francis Huster et Adam Scott rejoignent le \u00ab\u00a0Chemin des Etoiles\u00a0\u00bb","datePublished":"2026-04-28T16:49:32+00:00","dateModified":"2026-04-28T17:49:52+00:00","mainEntityOfPage":{"@id":"https:\/\/www.sortir06.fr\/actualites\/arts-culture\/canneseries-2026-judith-light-francis-huster-et-adam-scott-rejoignent-le-chemin-des-etoiles\/"},"wordCount":629,"publisher":{"@id":"https:\/\/www.sortir06.fr\/actualites\/#organization"},"image":{"@id":"https:\/\/www.sortir06.fr\/actualites\/arts-culture\/canneseries-2026-judith-light-francis-huster-et-adam-scott-rejoignent-le-chemin-des-etoiles\/#primaryimage"},"thumbnailUrl":"https:\/\/www.sortir06.fr\/actualites\/wp-content\/uploads\/2026\/04\/judith-light-cannes03.webp","keywords":["Cannes"],"articleSection":["Arts &amp; Culture"],"inLanguage":"fr-FR"},{"@type":"WebPage","@id":"https:\/\/www.sortir06.fr\/actualites\/arts-culture\/canneseries-2026-judith-light-francis-huster-et-adam-scott-rejoignent-le-chemin-des-etoiles\/","url":"https:\/\/www.sortir06.fr\/actualites\/arts-culture\/canneseries-2026-judith-light-francis-huster-et-adam-scott-rejoignent-le-chemin-des-etoiles\/","name":"CANNESERIES 2026 : Judith Light, Francis Huster et Adam Scott rejoignent le \"Chemin des Etoiles\"","isPartOf":{"@id":"https:\/\/www.sortir06.fr\/actualites\/#website"},"primaryImageOfPage":{"@id":"https:\/\/www.sortir06.fr\/actualites\/arts-culture\/canneseries-2026-judith-light-francis-huster-et-adam-scott-rejoignent-le-chemin-des-etoiles\/#primaryimage"},"image":{"@id":"https:\/\/www.sortir06.fr\/actualites\/arts-culture\/canneseries-2026-judith-light-francis-huster-et-adam-scott-rejoignent-le-chemin-des-etoiles\/#primaryimage"},"thumbnailUrl":"https:\/\/www.sortir06.fr\/actualites\/wp-content\/uploads\/2026\/04\/judith-light-cannes03.webp","datePublished":"2026-04-28T16:49:32+00:00","dateModified":"2026-04-28T17:49:52+00:00","breadcrumb":{"@id":"https:\/\/www.sortir06.fr\/actualites\/arts-culture\/canneseries-2026-judith-light-francis-huster-et-adam-scott-rejoignent-le-chemin-des-etoiles\/#breadcrumb"},"inLanguage":"fr-FR","potentialAction":[{"@type":"ReadAction","target":["https:\/\/www.sortir06.fr\/actualites\/arts-culture\/canneseries-2026-judith-light-francis-huster-et-adam-scott-rejoignent-le-chemin-des-etoiles\/"]}]},{"@type":"ImageObject","inLanguage":"fr-FR","@id":"https:\/\/www.sortir06.fr\/actualites\/arts-culture\/canneseries-2026-judith-light-francis-huster-et-adam-scott-rejoignent-le-chemin-des-etoiles\/#primaryimage","url":"https:\/\/www.sortir06.fr\/actualites\/wp-content\/uploads\/2026\/04\/judith-light-cannes03.webp","contentUrl":"https:\/\/www.sortir06.fr\/actualites\/wp-content\/uploads\/2026\/04\/judith-light-cannes03.webp","width":1200,"height":800,"caption":"CANNESERIES 2026 : Judith Light, Francis Huster et Adam Scott rejoignent le \"Chemin des Etoiles\""},{"@type":"BreadcrumbList","@id":"https:\/\/www.sortir06.fr\/actualites\/arts-culture\/canneseries-2026-judith-light-francis-huster-et-adam-scott-rejoignent-le-chemin-des-etoiles\/#breadcrumb","itemListElement":[{"@type":"ListItem","position":1,"name":"Accueil","item":"https:\/\/www.sortir06.fr\/actualites\/"},{"@type":"ListItem","position":2,"name":"CANNESERIES 2026 : Judith Light, Francis Huster et Adam Scott rejoignent le \u00ab\u00a0Chemin des Etoiles\u00a0\u00bb"}]},{"@type":"WebSite","@id":"https:\/\/www.sortir06.fr\/actualites\/#website","url":"https:\/\/www.sortir06.fr\/actualites\/","name":"Actualit\u00e9s C\u00f4te d\"Azur (06)","description":"","publisher":{"@id":"https:\/\/www.sortir06.fr\/actualites\/#organization"},"alternateName":"Retrouvez toutes les infos presse et news du d\u00e9partement des Alpes Maritimes","potentialAction":[{"@type":"SearchAction","target":{"@type":"EntryPoint","urlTemplate":"https:\/\/www.sortir06.fr\/actualites\/?s={search_term_string}"},"query-input":"required name=search_term_string"}],"inLanguage":"fr-FR"},{"@type":"Organization","@id":"https:\/\/www.sortir06.fr\/actualites\/#organization","name":"Sortir 06 Actualit\u00e9s","url":"https:\/\/www.sortir06.fr\/actualites\/","logo":{"@type":"ImageObject","inLanguage":"fr-FR","@id":"https:\/\/www.sortir06.fr\/actualites\/#\/schema\/logo\/image\/","url":"https:\/\/www.sortir06.fr\/actualites\/wp-content\/uploads\/2024\/08\/sortir06actualites-1.webp","contentUrl":"https:\/\/www.sortir06.fr\/actualites\/wp-content\/uploads\/2024\/08\/sortir06actualites-1.webp","width":1200,"height":375,"caption":"Sortir 06 Actualit\u00e9s"},"image":{"@id":"https:\/\/www.sortir06.fr\/actualites\/#\/schema\/logo\/image\/"}},{"@type":"Person","@id":"https:\/\/www.sortir06.fr\/actualites\/#\/schema\/person\/d1da1901725ffa2aebaf8209035b2308","name":"Melissa Musson","sameAs":["https:\/\/www.sortir06.fr\/actualites"],"url":"https:\/\/www.sortir06.fr\/actualites\/author\/admins06actu\/"}]}},"_links":{"self":[{"href":"https:\/\/www.sortir06.fr\/actualites\/wp-json\/wp\/v2\/posts\/2680","targetHints":{"allow":["GET"]}}],"collection":[{"href":"https:\/\/www.sortir06.fr\/actualites\/wp-json\/wp\/v2\/posts"}],"about":[{"href":"https:\/\/www.sortir06.fr\/actualites\/wp-json\/wp\/v2\/types\/post"}],"author":[{"embeddable":true,"href":"https:\/\/www.sortir06.fr\/actualites\/wp-json\/wp\/v2\/users\/1"}],"replies":[{"embeddable":true,"href":"https:\/\/www.sortir06.fr\/actualites\/wp-json\/wp\/v2\/comments?post=2680"}],"version-history":[{"count":13,"href":"https:\/\/www.sortir06.fr\/actualites\/wp-json\/wp\/v2\/posts\/2680\/revisions"}],"predecessor-version":[{"id":2703,"href":"https:\/\/www.sortir06.fr\/actualites\/wp-json\/wp\/v2\/posts\/2680\/revisions\/2703"}],"wp:featuredmedia":[{"embeddable":true,"href":"https:\/\/www.sortir06.fr\/actualites\/wp-json\/wp\/v2\/media\/2681"}],"wp:attachment":[{"href":"https:\/\/www.sortir06.fr\/actualites\/wp-json\/wp\/v2\/media?parent=2680"}],"wp:term":[{"taxonomy":"category","embeddable":true,"href":"https:\/\/www.sortir06.fr\/actualites\/wp-json\/wp\/v2\/categories?post=2680"},{"taxonomy":"post_tag","embeddable":true,"href":"https:\/\/www.sortir06.fr\/actualites\/wp-json\/wp\/v2\/tags?post=2680"}],"curies":[{"name":"wp","href":"https:\/\/api.w.org\/{rel}","templated":true}]}}