{"id":855,"date":"2024-08-31T22:46:38","date_gmt":"2024-08-31T20:46:38","guid":{"rendered":"https:\/\/www.sortir06.fr\/actualites\/?p=855"},"modified":"2024-09-16T13:22:49","modified_gmt":"2024-09-16T11:22:49","slug":"dinner-in-the-sky-lexperience-gastronomique-la-plus-vertigineuse-au-monde-debarque-aux-etoiles-de-mougins","status":"publish","type":"post","link":"https:\/\/www.sortir06.fr\/actualites\/tourisme\/dinner-in-the-sky-lexperience-gastronomique-la-plus-vertigineuse-au-monde-debarque-aux-etoiles-de-mougins\/","title":{"rendered":"Dinner in the Sky\u00ae, L\u2019exp\u00e9rience gastronomique la plus vertigineuse au monde d\u00e9barque aux \u00e9toiles de Mougins"},"content":{"rendered":"\t\t<div data-elementor-type=\"wp-post\" data-elementor-id=\"855\" class=\"elementor elementor-855\" data-elementor-post-type=\"post\">\n\t\t\t\t<div class=\"elementor-element elementor-element-634ab14 e-flex e-con-boxed e-con e-parent\" data-id=\"634ab14\" data-element_type=\"container\">\n\t\t\t\t\t<div class=\"e-con-inner\">\n\t\t\t\t<div class=\"elementor-element elementor-element-1ea8306 elementor-widget elementor-widget-text-editor\" data-id=\"1ea8306\" data-element_type=\"widget\" data-widget_type=\"text-editor.default\">\n\t\t\t\t<div class=\"elementor-widget-container\">\n\t\t\t<style>\/*! elementor - v3.23.0 - 05-08-2024 *\/\n.elementor-widget-text-editor.elementor-drop-cap-view-stacked .elementor-drop-cap{background-color:#69727d;color:#fff}.elementor-widget-text-editor.elementor-drop-cap-view-framed .elementor-drop-cap{color:#69727d;border:3px solid;background-color:transparent}.elementor-widget-text-editor:not(.elementor-drop-cap-view-default) .elementor-drop-cap{margin-top:8px}.elementor-widget-text-editor:not(.elementor-drop-cap-view-default) .elementor-drop-cap-letter{width:1em;height:1em}.elementor-widget-text-editor .elementor-drop-cap{float:left;text-align:center;line-height:1;font-size:50px}.elementor-widget-text-editor .elementor-drop-cap-letter{display:inline-block}<\/style>\t\t\t\t<p>Pr\u00eats \u00e0 d\u00e9coller pour une exp\u00e9rience gustative de haut vol, perch\u00e9s \u00e0 plus de 50 m\u00e8tres de hauteur ? Rendez-vous du 13 au 22 septembre 2024 \u00e0 Mougins qui accueillera pour la premi\u00e8re fois la c\u00e9l\u00e8bre table suspendue dans les airs de Dinner in the sky \u00ae.<br \/>Apr\u00e8s Paris, Rome, Beyrouth, Tokyo, Duba\u00ef, Rio ou encore Las Vegas, c\u2019est \u00e0 Mougins que Dinner in the sky\u00ae a d\u00e9cid\u00e9 de faire une halte \u00e0 l\u2019occasion de la 15e \u00e9dition du festival international de la Gastronomie \u00ab Les Etoiles de Mougins \u00bb (14 &amp; 15 septembre), ainsi que la semaine suivant l\u2019\u00e9v\u00e9nement.<\/p>\t\t\t\t\t\t<\/div>\n\t\t\t\t<\/div>\n\t\t\t\t\t<\/div>\n\t\t\t\t<\/div>\n\t\t<div class=\"elementor-element elementor-element-3254669 e-flex e-con-boxed e-con e-parent\" data-id=\"3254669\" data-element_type=\"container\">\n\t\t\t\t\t<div class=\"e-con-inner\">\n\t\t\t\t<div class=\"elementor-element elementor-element-7fc14a3 elementor-widget elementor-widget-text-editor\" data-id=\"7fc14a3\" data-element_type=\"widget\" data-widget_type=\"text-editor.default\">\n\t\t\t\t<div class=\"elementor-widget-container\">\n\t\t\t\t\t\t\t<p>Au programme : des d\u00e9jeuners, des pauses gourmandes, ou des diners priv\u00e9s autour d\u2019une table suspendue dans les airs au-dessus du village, offrant une vue \u00e9poustouflante \u00e0 360 \u00b0 sur Mougins, la baie de Cannes et l\u2019arri\u00e8re-pays. Au centre de la table volante pouvant accueillir une vingtaine de convives, un petit espace cuisine o\u00f9 de grands chefs pr\u00e9pareront et serviront en<br \/>direct des mets d\u2019exception ! Des exp\u00e9riences gastronomiques hors du commun, tant par le cadre dans lequel elles se d\u00e9roulent que par la relation de proximit\u00e9 instaur\u00e9e avec le chef qui cuisine directement sous les yeux des convives.<\/p>\t\t\t\t\t\t<\/div>\n\t\t\t\t<\/div>\n\t\t\t\t\t<\/div>\n\t\t\t\t<\/div>\n\t\t<div class=\"elementor-element elementor-element-b097b0f e-flex e-con-boxed e-con e-parent\" data-id=\"b097b0f\" data-element_type=\"container\">\n\t\t\t\t\t<div class=\"e-con-inner\">\n\t\t\t\t<div class=\"elementor-element elementor-element-454089e elementor-widget elementor-widget-heading\" data-id=\"454089e\" data-element_type=\"widget\" data-widget_type=\"heading.default\">\n\t\t\t\t<div class=\"elementor-widget-container\">\n\t\t\t<style>\/*! elementor - v3.23.0 - 05-08-2024 *\/\n.elementor-heading-title{padding:0;margin:0;line-height:1}.elementor-widget-heading .elementor-heading-title[class*=elementor-size-]>a{color:inherit;font-size:inherit;line-height:inherit}.elementor-widget-heading .elementor-heading-title.elementor-size-small{font-size:15px}.elementor-widget-heading .elementor-heading-title.elementor-size-medium{font-size:19px}.elementor-widget-heading .elementor-heading-title.elementor-size-large{font-size:29px}.elementor-widget-heading .elementor-heading-title.elementor-size-xl{font-size:39px}.elementor-widget-heading .elementor-heading-title.elementor-size-xxl{font-size:59px}<\/style><h2 class=\"elementor-heading-title elementor-size-default\">Dinner in the sky\u00ae sera \u00e0 Mougins d<\/span>u 13 au 22 septembre<\/h2>\t\t<\/div>\n\t\t\t\t<\/div>\n\t\t\t\t\t<\/div>\n\t\t\t\t<\/div>\n\t\t<div class=\"elementor-element elementor-element-f85584a e-flex e-con-boxed e-con e-parent\" data-id=\"f85584a\" data-element_type=\"container\">\n\t\t\t\t\t<div class=\"e-con-inner\">\n\t\t\t\t<div class=\"elementor-element elementor-element-c4fe540 elementor-widget elementor-widget-text-editor\" data-id=\"c4fe540\" data-element_type=\"widget\" data-widget_type=\"text-editor.default\">\n\t\t\t\t<div class=\"elementor-widget-container\">\n\t\t\t\t\t\t\t<ul><li>2 d\u00e9jeuners par jour ( 295\u20ac \/ personne<\/li><li>2 pauses gourmande par jour (150\u20ac \/ personne)<\/li><li>2 diners par jour (295\u20ac \/ personne<\/li><\/ul><p>Au total, 770 personnes pourront d\u00e9guster les meilleurs mets, la t\u00eate dans les \u00e9toiles de Mougins !<\/p>\t\t\t\t\t\t<\/div>\n\t\t\t\t<\/div>\n\t\t\t\t\t<\/div>\n\t\t\t\t<\/div>\n\t\t<div class=\"elementor-element elementor-element-db162ee e-flex e-con-boxed e-con e-parent\" data-id=\"db162ee\" data-element_type=\"container\">\n\t\t\t\t\t<div class=\"e-con-inner\">\n\t\t\t\t<div class=\"elementor-element elementor-element-34a8329 elementor-widget elementor-widget-image\" data-id=\"34a8329\" data-element_type=\"widget\" data-widget_type=\"image.default\">\n\t\t\t\t<div class=\"elementor-widget-container\">\n\t\t\t<style>\/*! elementor - v3.23.0 - 05-08-2024 *\/\n.elementor-widget-image{text-align:center}.elementor-widget-image a{display:inline-block}.elementor-widget-image a img[src$=\".svg\"]{width:48px}.elementor-widget-image img{vertical-align:middle;display:inline-block}<\/style>\t\t\t\t\t\t\t\t\t\t<img fetchpriority=\"high\" decoding=\"async\" width=\"1024\" height=\"771\" src=\"https:\/\/www.sortir06.fr\/actualites\/wp-content\/uploads\/2024\/08\/dinner-in-the-sky-1-1024x771.webp\" class=\"attachment-large size-large wp-image-864\" alt=\"Dinner in the Sky\u00ae, L\u2019exp\u00e9rience gastronomique la plus vertigineuse au monde d\u00e9barque aux \u00e9toiles de Mougins\" srcset=\"https:\/\/www.sortir06.fr\/actualites\/wp-content\/uploads\/2024\/08\/dinner-in-the-sky-1-1024x771.webp 1024w, https:\/\/www.sortir06.fr\/actualites\/wp-content\/uploads\/2024\/08\/dinner-in-the-sky-1-300x226.webp 300w, https:\/\/www.sortir06.fr\/actualites\/wp-content\/uploads\/2024\/08\/dinner-in-the-sky-1-768x579.webp 768w, https:\/\/www.sortir06.fr\/actualites\/wp-content\/uploads\/2024\/08\/dinner-in-the-sky-1.webp 1200w\" sizes=\"(max-width: 1024px) 100vw, 1024px\" \/>\t\t\t\t\t\t\t\t\t\t\t\t\t<\/div>\n\t\t\t\t<\/div>\n\t\t\t\t\t<\/div>\n\t\t\t\t<\/div>\n\t\t<div class=\"elementor-element elementor-element-779a44d e-flex e-con-boxed e-con e-parent\" data-id=\"779a44d\" data-element_type=\"container\">\n\t\t\t\t\t<div class=\"e-con-inner\">\n\t\t\t\t<div class=\"elementor-element elementor-element-1cb9761 elementor-widget elementor-widget-heading\" data-id=\"1cb9761\" data-element_type=\"widget\" data-widget_type=\"heading.default\">\n\t\t\t\t<div class=\"elementor-widget-container\">\n\t\t\t<h2 class=\"elementor-heading-title elementor-size-default\">Les chefs qui s'envoleront avec les convives<\/h2>\t\t<\/div>\n\t\t\t\t<\/div>\n\t\t\t\t\t<\/div>\n\t\t\t\t<\/div>\n\t\t<div class=\"elementor-element elementor-element-2bec3f4 e-flex e-con-boxed e-con e-parent\" data-id=\"2bec3f4\" data-element_type=\"container\">\n\t\t\t\t\t<div class=\"e-con-inner\">\n\t\t\t\t<div class=\"elementor-element elementor-element-b336ab3 elementor-widget elementor-widget-text-editor\" data-id=\"b336ab3\" data-element_type=\"widget\" data-widget_type=\"text-editor.default\">\n\t\t\t\t<div class=\"elementor-widget-container\">\n\t\t\t\t\t\t\t<p><strong>Davy Tissot<\/strong>, MOF &amp; Bocuse d\u2019or 2021<br \/><strong>St\u00e9phane Buron<\/strong>, chef MOF 2** du Chabichou \u00e0 Courchevel<br \/><strong>Beno\u00eet Sinthon<\/strong>, chef 2** du restaurant Il Gallo d\u2019Oro \u00e0 Mad\u00e8re<br \/><strong>Justin Schmitt,<\/strong> chef 1* au Ch\u00e2teau Eza<br \/><strong>Jean-Marc Bessire<\/strong>, chef 1* du Cigalon \u00e0 Gen\u00e8ve<br \/><strong>Julien Roucheteau,<\/strong> chef 1* de La R\u00e9serve de Beaulieu<br \/><strong>Steve Morrachini,<\/strong> chef p\u00e2tissier \u00e0 La passag\u00e8re 1*, h\u00f4tel Belles Rives, Antibes<br \/><strong>Eric Finon<\/strong>, MOF p\u00e2tissier, Len\u00f4tre<br \/><strong>Philippe Joannes<\/strong>, MOF<br \/><strong>Fr\u00e9d\u00e9ric Jaulnault,<\/strong> MOF Primeur<br \/><strong>Christian Camprini,<\/strong> MOF chocolatier<br \/><strong>Jacques Rolancy<\/strong>, MOF, La Table du Moulin<br \/><strong>Denis F\u00e9tisson<\/strong>, chef de La place de Mougins<br \/><strong>Geoffroy Szamburski<\/strong> chef &amp; <strong>Lucas Simoncini<\/strong> chef p\u00e2tissier du Royal Riviera de Saint-Jean<br \/>Cap Ferrat<br \/><strong>Pierrick Cizeron<\/strong>, chef du Mondrian \u00e0 Cannes<br \/><strong>S\u00e9bastien Zunino<\/strong>, chef de l\u2019Amandier de Mougins<br \/><strong>Romain Antoine,<\/strong>\u00a0chef du Mas Candille \u00e0 Mougins<br \/><strong>Mathieu Dorlac<\/strong>, chef du Majestic Barri\u00e8re \u00e0 Cannes<br \/><strong>Yoric Ti\u00e8che<\/strong> du Four Seasons Grand H\u00f4tel Cap Ferrat<br \/><strong>Bruno Laffargue<\/strong>, chef p\u00e2tissier<br \/><strong>Emmanuel Ruz<\/strong>, chef \u00e0 Pontal de Maceio Fortim, Br\u00e9sil et <strong>Xavier Malendran<\/strong> chef La Flora<br \/>Mougins ;<br \/><strong>Akhara Chay<\/strong>, chef de La Vague de Saint-Paul<br \/><strong>Nicolas Decherchi<\/strong>, chef \u00e0 Le Rep\u00e8re Mandelieu-la-Napoule<br \/><strong>Basile Arnaud<\/strong>, chef \u00e0 h\u00f4tel Le Suquet, Cannes<br \/><strong>Shahar Dahan<\/strong> &amp; <strong>Wagner Spadacio<\/strong> &amp; chef et champion du monde de sushis \u00e0 The Niwaki,<br \/>Monaco<br \/><strong>Laurent Poulet<\/strong>, chef \u00e0 Mougins<br \/><strong>David et No\u00ebl Faure<\/strong>, chefs de Sens\u00f4riel<br \/><strong>Julie Milici,<\/strong> cheffe \u00e0 Monaco<br \/><strong>Yves Terrillon<\/strong> de \u00ab La cuisine des fleurs \u00bb \u00e0 Antibes,<br \/><strong>Morgan Ricci<\/strong>, Rhums Famille Ricci \u00e0 Mougins,<br \/><strong>Victor Delpierre<\/strong>, champion du monde de cocktails et<strong> Christophe Bout\u00e8s,<\/strong>\u00a0artisan boulanger<br \/>Gault &amp; Millau \u2026<\/p>\t\t\t\t\t\t<\/div>\n\t\t\t\t<\/div>\n\t\t\t\t\t<\/div>\n\t\t\t\t<\/div>\n\t\t<div class=\"elementor-element elementor-element-c1b80f3 e-flex e-con-boxed e-con e-parent\" data-id=\"c1b80f3\" data-element_type=\"container\">\n\t\t\t\t\t<div class=\"e-con-inner\">\n\t\t\t\t<div class=\"elementor-element elementor-element-643d824 elementor-widget elementor-widget-heading\" data-id=\"643d824\" data-element_type=\"widget\" data-widget_type=\"heading.default\">\n\t\t\t\t<div class=\"elementor-widget-container\">\n\t\t\t<h2 class=\"elementor-heading-title elementor-size-default\">Le concept Dinner in the Sky est belge <\/h2>\t\t<\/div>\n\t\t\t\t<\/div>\n\t\t\t\t\t<\/div>\n\t\t\t\t<\/div>\n\t\t<div class=\"elementor-element elementor-element-13104a4 e-flex e-con-boxed e-con e-parent\" data-id=\"13104a4\" data-element_type=\"container\">\n\t\t\t\t\t<div class=\"e-con-inner\">\n\t\t\t\t<div class=\"elementor-element elementor-element-b88432d elementor-widget elementor-widget-text-editor\" data-id=\"b88432d\" data-element_type=\"widget\" data-widget_type=\"text-editor.default\">\n\t\t\t\t<div class=\"elementor-widget-container\">\n\t\t\t\t\t\t\t<p>C&rsquo;est une histoire surr\u00e9aliste comme la Belgique les aime tant\u2026 Il y a 15 ans, The Fungroup, soci\u00e9t\u00e9 sp\u00e9cialis\u00e9e dans les attractions li\u00e9es aux grues et Hakuna Matata, agence de communication sp\u00e9cialis\u00e9e en gastronomie, s&rsquo;associent et r\u00e9alisent un r\u00eave d\u2019enfant: une table volante baptis\u00e9e \u00ab Dinner in the Sky \u00bb, autour de laquelle ont pris place pour l\u2019occasion 22 Jeunes Restaurateurs d\u2019Europe coiff\u00e9s de leur toque blanche.<br \/>Quinze ans plus tard, Dinner in the Sky\u00ae sillonne chaque ann\u00e9e les cieux de plus de 60 pays\u2026 L\u2019Europe bien s\u00fbr, mais aussi l\u2019Australie, l\u2019Inde, Duba\u00ef, l\u2019Afrique du Sud, le Br\u00e9sil, les \u00c9tats-Unis, le Canada, le Japon, la Colombie, le Mexique.<br \/>Des d\u00eeners incroyables ont \u00e9t\u00e9 r\u00e9alis\u00e9s &#8211; par exemple celui organis\u00e9 dans le ciel de Monaco pour le Prince Albert avec Jo\u00ebl Robuchon aux commandes, le chef le plus \u00e9toil\u00e9 de France &#8211; mais aussi plus de 1.000 \u00e9v\u00e9nements, chacun unique en leur genre, de Paris \u00e0 Las Vegas en<br \/>passant par Sydney, Le Cap, Londres ou encore Sao Paulo.<\/p><p>Les plus belles \u00e9toiles de la gastronomie ont pris place derri\u00e8re les fourneaux : de Pierre Gagnaire \u00e0 Marc Veyrat, d\u2019Yves Mattagne \u00e0 Sergio Herman, de Dani Garcia \u00e0 Paco Roncero,<br \/>d\u2019Alain Passard \u00e0 Yannick Alleno,\u2026<br \/>Les lieux les plus magiques ont \u00e9t\u00e9 survol\u00e9s : le Strip de Vegas, les jardins de l\u2019H\u00f4tel King David, la Marina de Duba\u00ef, les collines de la Villa Borghese, le circuit de Spa Francorchamps, les Rives<br \/>du Saint-Laurent, la plage de Copacabana, la baie de Cape Town\u2026<br \/>Les plus grands media se sont int\u00e9ress\u00e9s au concept : ABC, NBC, TF1, le Herald Tribune, le Monde, le Frankfurter Algemein, People Magazine, Elle, Forbes\u2026 De c\u00e9l\u00e8bres personnalit\u00e9s qui s\u2019y sont attabl\u00e9es : le Prince de Su\u00e8de, la pr\u00e9sentatrice Japonaise Hiromi Iwasaki, le maire de Las Vegas Oscar B. Goodman\u2026<\/p>\t\t\t\t\t\t<\/div>\n\t\t\t\t<\/div>\n\t\t\t\t\t<\/div>\n\t\t\t\t<\/div>\n\t\t<div class=\"elementor-element elementor-element-a910811 e-flex e-con-boxed e-con e-parent\" data-id=\"a910811\" data-element_type=\"container\">\n\t\t\t\t\t<div class=\"e-con-inner\">\n\t\t\t\t<div class=\"elementor-element elementor-element-5626904 elementor-widget elementor-widget-text-editor\" data-id=\"5626904\" data-element_type=\"widget\" data-widget_type=\"text-editor.default\">\n\t\t\t\t<div class=\"elementor-widget-container\">\n\t\t\t\t\t\t\t<p><a href=\"https:\/\/www.dinnerinthesky.fr\/mougins\/#home\">https:\/\/www.dinnerinthesky.fr\/<\/a><\/p>\t\t\t\t\t\t<\/div>\n\t\t\t\t<\/div>\n\t\t\t\t\t<\/div>\n\t\t\t\t<\/div>\n\t\t\t\t<\/div>\n\t\t\n\n<div class=\"kk-star-ratings kksr-auto kksr-align-center kksr-valign-bottom\"\n    data-payload='{&quot;align&quot;:&quot;center&quot;,&quot;id&quot;:&quot;855&quot;,&quot;slug&quot;:&quot;default&quot;,&quot;valign&quot;:&quot;bottom&quot;,&quot;ignore&quot;:&quot;&quot;,&quot;reference&quot;:&quot;auto&quot;,&quot;class&quot;:&quot;&quot;,&quot;count&quot;:&quot;3&quot;,&quot;legendonly&quot;:&quot;&quot;,&quot;readonly&quot;:&quot;&quot;,&quot;score&quot;:&quot;5&quot;,&quot;starsonly&quot;:&quot;&quot;,&quot;best&quot;:&quot;5&quot;,&quot;gap&quot;:&quot;5&quot;,&quot;greet&quot;:&quot;Vous aimez ?&quot;,&quot;legend&quot;:&quot;5\\\/5 - (3 votes)&quot;,&quot;size&quot;:&quot;24&quot;,&quot;title&quot;:&quot;Dinner in the Sky\u00ae, L\u2019exp\u00e9rience gastronomique la plus vertigineuse au monde d\u00e9barque aux \u00e9toiles de Mougins&quot;,&quot;width&quot;:&quot;142.5&quot;,&quot;_legend&quot;:&quot;{score}\\\/{best} - ({count} {votes})&quot;,&quot;font_factor&quot;:&quot;1.25&quot;}'>\n            \n<div class=\"kksr-stars\">\n    \n<div class=\"kksr-stars-inactive\">\n            <div class=\"kksr-star\" data-star=\"1\" style=\"padding-right: 5px\">\n            \n\n<div class=\"kksr-icon\" style=\"width: 24px; height: 24px;\"><\/div>\n        <\/div>\n            <div class=\"kksr-star\" data-star=\"2\" style=\"padding-right: 5px\">\n            \n\n<div class=\"kksr-icon\" style=\"width: 24px; height: 24px;\"><\/div>\n        <\/div>\n            <div class=\"kksr-star\" data-star=\"3\" style=\"padding-right: 5px\">\n            \n\n<div class=\"kksr-icon\" style=\"width: 24px; height: 24px;\"><\/div>\n        <\/div>\n            <div class=\"kksr-star\" data-star=\"4\" style=\"padding-right: 5px\">\n            \n\n<div class=\"kksr-icon\" style=\"width: 24px; height: 24px;\"><\/div>\n        <\/div>\n            <div class=\"kksr-star\" data-star=\"5\" style=\"padding-right: 5px\">\n            \n\n<div class=\"kksr-icon\" style=\"width: 24px; height: 24px;\"><\/div>\n        <\/div>\n    <\/div>\n    \n<div class=\"kksr-stars-active\" style=\"width: 142.5px;\">\n            <div class=\"kksr-star\" style=\"padding-right: 5px\">\n            \n\n<div class=\"kksr-icon\" style=\"width: 24px; height: 24px;\"><\/div>\n        <\/div>\n            <div class=\"kksr-star\" style=\"padding-right: 5px\">\n            \n\n<div class=\"kksr-icon\" style=\"width: 24px; height: 24px;\"><\/div>\n        <\/div>\n            <div class=\"kksr-star\" style=\"padding-right: 5px\">\n            \n\n<div class=\"kksr-icon\" style=\"width: 24px; height: 24px;\"><\/div>\n        <\/div>\n            <div class=\"kksr-star\" style=\"padding-right: 5px\">\n            \n\n<div class=\"kksr-icon\" style=\"width: 24px; height: 24px;\"><\/div>\n        <\/div>\n            <div class=\"kksr-star\" style=\"padding-right: 5px\">\n            \n\n<div class=\"kksr-icon\" style=\"width: 24px; height: 24px;\"><\/div>\n        <\/div>\n    <\/div>\n<\/div>\n                \n\n<div class=\"kksr-legend\" style=\"font-size: 19.2px;\">\n            5\/5 - (3 votes)    <\/div>\n    <\/div>\n","protected":false},"excerpt":{"rendered":"<p>Pr\u00eats \u00e0 d\u00e9coller pour une exp\u00e9rience gustative de haut vol, perch\u00e9s \u00e0 plus de 50 m\u00e8tres de hauteur ? Rendez-vous [&hellip;]<\/p>\n","protected":false},"author":1,"featured_media":864,"comment_status":"closed","ping_status":"closed","sticky":false,"template":"","format":"standard","meta":{"site-sidebar-layout":"default","site-content-layout":"","ast-site-content-layout":"","site-content-style":"default","site-sidebar-style":"default","ast-global-header-display":"","ast-banner-title-visibility":"","ast-main-header-display":"","ast-hfb-above-header-display":"","ast-hfb-below-header-display":"","ast-hfb-mobile-header-display":"","site-post-title":"","ast-breadcrumbs-content":"","ast-featured-img":"","footer-sml-layout":"","theme-transparent-header-meta":"","adv-header-id-meta":"","stick-header-meta":"","header-above-stick-meta":"","header-main-stick-meta":"","header-below-stick-meta":"","astra-migrate-meta-layouts":"default","ast-page-background-enabled":"default","ast-page-background-meta":{"desktop":{"background-color":"var(--ast-global-color-4)","background-image":"","background-repeat":"repeat","background-position":"center center","background-size":"auto","background-attachment":"scroll","background-type":"","background-media":"","overlay-type":"","overlay-color":"","overlay-opacity":"","overlay-gradient":""},"tablet":{"background-color":"","background-image":"","background-repeat":"repeat","background-position":"center center","background-size":"auto","background-attachment":"scroll","background-type":"","background-media":"","overlay-type":"","overlay-color":"","overlay-opacity":"","overlay-gradient":""},"mobile":{"background-color":"","background-image":"","background-repeat":"repeat","background-position":"center center","background-size":"auto","background-attachment":"scroll","background-type":"","background-media":"","overlay-type":"","overlay-color":"","overlay-opacity":"","overlay-gradient":""}},"ast-content-background-meta":{"desktop":{"background-color":"var(--ast-global-color-5)","background-image":"","background-repeat":"repeat","background-position":"center center","background-size":"auto","background-attachment":"scroll","background-type":"","background-media":"","overlay-type":"","overlay-color":"","overlay-opacity":"","overlay-gradient":""},"tablet":{"background-color":"var(--ast-global-color-5)","background-image":"","background-repeat":"repeat","background-position":"center center","background-size":"auto","background-attachment":"scroll","background-type":"","background-media":"","overlay-type":"","overlay-color":"","overlay-opacity":"","overlay-gradient":""},"mobile":{"background-color":"var(--ast-global-color-5)","background-image":"","background-repeat":"repeat","background-position":"center center","background-size":"auto","background-attachment":"scroll","background-type":"","background-media":"","overlay-type":"","overlay-color":"","overlay-opacity":"","overlay-gradient":""}},"footnotes":""},"categories":[180],"tags":[99],"class_list":["post-855","post","type-post","status-publish","format-standard","has-post-thumbnail","hentry","category-tourisme","tag-mougins"],"yoast_head":"<!-- This site is optimized with the Yoast SEO plugin v23.2 - https:\/\/yoast.com\/wordpress\/plugins\/seo\/ -->\n<title>Dinner in the Sky\u00ae, L\u2019exp\u00e9rience gastronomique la plus vertigineuse au monde d\u00e9barque aux \u00e9toiles de Mougins<\/title>\n<meta name=\"robots\" content=\"index, follow, max-snippet:-1, max-image-preview:large, max-video-preview:-1\" \/>\n<link rel=\"canonical\" href=\"https:\/\/www.sortir06.fr\/actualites\/tourisme\/dinner-in-the-sky-lexperience-gastronomique-la-plus-vertigineuse-au-monde-debarque-aux-etoiles-de-mougins\/\" \/>\n<meta property=\"og:locale\" content=\"fr_FR\" \/>\n<meta property=\"og:type\" content=\"article\" \/>\n<meta property=\"og:title\" content=\"Dinner in the Sky\u00ae, L\u2019exp\u00e9rience gastronomique la plus vertigineuse au monde d\u00e9barque aux \u00e9toiles de Mougins\" \/>\n<meta property=\"og:description\" content=\"Pr\u00eats \u00e0 d\u00e9coller pour une exp\u00e9rience gustative de haut vol, perch\u00e9s \u00e0 plus de 50 m\u00e8tres de hauteur ? Rendez-vous [&hellip;]\" \/>\n<meta property=\"og:url\" content=\"https:\/\/www.sortir06.fr\/actualites\/tourisme\/dinner-in-the-sky-lexperience-gastronomique-la-plus-vertigineuse-au-monde-debarque-aux-etoiles-de-mougins\/\" \/>\n<meta property=\"og:site_name\" content=\"Actualit\u00e9s du 06 \/ Infos Presse\" \/>\n<meta property=\"article:published_time\" content=\"2024-08-31T20:46:38+00:00\" \/>\n<meta property=\"article:modified_time\" content=\"2024-09-16T11:22:49+00:00\" \/>\n<meta property=\"og:image\" content=\"https:\/\/www.sortir06.fr\/actualites\/wp-content\/uploads\/2024\/08\/dinner-in-the-sky-1.webp\" \/>\n\t<meta property=\"og:image:width\" content=\"1200\" \/>\n\t<meta property=\"og:image:height\" content=\"904\" \/>\n\t<meta property=\"og:image:type\" content=\"image\/webp\" \/>\n<meta name=\"author\" content=\"Melissa Musson\" \/>\n<meta name=\"twitter:card\" content=\"summary_large_image\" \/>\n<meta name=\"twitter:label1\" content=\"\u00c9crit par\" \/>\n\t<meta name=\"twitter:data1\" content=\"Melissa Musson\" \/>\n\t<meta name=\"twitter:label2\" content=\"Dur\u00e9e de lecture estim\u00e9e\" \/>\n\t<meta name=\"twitter:data2\" content=\"5 minutes\" \/>\n<script type=\"application\/ld+json\" class=\"yoast-schema-graph\">{\"@context\":\"https:\/\/schema.org\",\"@graph\":[{\"@type\":\"Article\",\"@id\":\"https:\/\/www.sortir06.fr\/actualites\/tourisme\/dinner-in-the-sky-lexperience-gastronomique-la-plus-vertigineuse-au-monde-debarque-aux-etoiles-de-mougins\/#article\",\"isPartOf\":{\"@id\":\"https:\/\/www.sortir06.fr\/actualites\/tourisme\/dinner-in-the-sky-lexperience-gastronomique-la-plus-vertigineuse-au-monde-debarque-aux-etoiles-de-mougins\/\"},\"author\":{\"name\":\"Melissa Musson\",\"@id\":\"https:\/\/www.sortir06.fr\/actualites\/#\/schema\/person\/d1da1901725ffa2aebaf8209035b2308\"},\"headline\":\"Dinner in the Sky\u00ae, L\u2019exp\u00e9rience gastronomique la plus vertigineuse au monde d\u00e9barque aux \u00e9toiles de Mougins\",\"datePublished\":\"2024-08-31T20:46:38+00:00\",\"dateModified\":\"2024-09-16T11:22:49+00:00\",\"mainEntityOfPage\":{\"@id\":\"https:\/\/www.sortir06.fr\/actualites\/tourisme\/dinner-in-the-sky-lexperience-gastronomique-la-plus-vertigineuse-au-monde-debarque-aux-etoiles-de-mougins\/\"},\"wordCount\":865,\"publisher\":{\"@id\":\"https:\/\/www.sortir06.fr\/actualites\/#organization\"},\"image\":{\"@id\":\"https:\/\/www.sortir06.fr\/actualites\/tourisme\/dinner-in-the-sky-lexperience-gastronomique-la-plus-vertigineuse-au-monde-debarque-aux-etoiles-de-mougins\/#primaryimage\"},\"thumbnailUrl\":\"https:\/\/www.sortir06.fr\/actualites\/wp-content\/uploads\/2024\/08\/dinner-in-the-sky-1.webp\",\"keywords\":[\"Mougins\"],\"articleSection\":[\"Tourisme\"],\"inLanguage\":\"fr-FR\"},{\"@type\":\"WebPage\",\"@id\":\"https:\/\/www.sortir06.fr\/actualites\/tourisme\/dinner-in-the-sky-lexperience-gastronomique-la-plus-vertigineuse-au-monde-debarque-aux-etoiles-de-mougins\/\",\"url\":\"https:\/\/www.sortir06.fr\/actualites\/tourisme\/dinner-in-the-sky-lexperience-gastronomique-la-plus-vertigineuse-au-monde-debarque-aux-etoiles-de-mougins\/\",\"name\":\"Dinner in the Sky\u00ae, L\u2019exp\u00e9rience gastronomique la plus vertigineuse au monde d\u00e9barque aux \u00e9toiles de Mougins\",\"isPartOf\":{\"@id\":\"https:\/\/www.sortir06.fr\/actualites\/#website\"},\"primaryImageOfPage\":{\"@id\":\"https:\/\/www.sortir06.fr\/actualites\/tourisme\/dinner-in-the-sky-lexperience-gastronomique-la-plus-vertigineuse-au-monde-debarque-aux-etoiles-de-mougins\/#primaryimage\"},\"image\":{\"@id\":\"https:\/\/www.sortir06.fr\/actualites\/tourisme\/dinner-in-the-sky-lexperience-gastronomique-la-plus-vertigineuse-au-monde-debarque-aux-etoiles-de-mougins\/#primaryimage\"},\"thumbnailUrl\":\"https:\/\/www.sortir06.fr\/actualites\/wp-content\/uploads\/2024\/08\/dinner-in-the-sky-1.webp\",\"datePublished\":\"2024-08-31T20:46:38+00:00\",\"dateModified\":\"2024-09-16T11:22:49+00:00\",\"breadcrumb\":{\"@id\":\"https:\/\/www.sortir06.fr\/actualites\/tourisme\/dinner-in-the-sky-lexperience-gastronomique-la-plus-vertigineuse-au-monde-debarque-aux-etoiles-de-mougins\/#breadcrumb\"},\"inLanguage\":\"fr-FR\",\"potentialAction\":[{\"@type\":\"ReadAction\",\"target\":[\"https:\/\/www.sortir06.fr\/actualites\/tourisme\/dinner-in-the-sky-lexperience-gastronomique-la-plus-vertigineuse-au-monde-debarque-aux-etoiles-de-mougins\/\"]}]},{\"@type\":\"ImageObject\",\"inLanguage\":\"fr-FR\",\"@id\":\"https:\/\/www.sortir06.fr\/actualites\/tourisme\/dinner-in-the-sky-lexperience-gastronomique-la-plus-vertigineuse-au-monde-debarque-aux-etoiles-de-mougins\/#primaryimage\",\"url\":\"https:\/\/www.sortir06.fr\/actualites\/wp-content\/uploads\/2024\/08\/dinner-in-the-sky-1.webp\",\"contentUrl\":\"https:\/\/www.sortir06.fr\/actualites\/wp-content\/uploads\/2024\/08\/dinner-in-the-sky-1.webp\",\"width\":1200,\"height\":904,\"caption\":\"Dinner in the Sky\u00ae, L\u2019exp\u00e9rience gastronomique la plus vertigineuse au monde d\u00e9barque aux \u00e9toiles de Mougins\"},{\"@type\":\"BreadcrumbList\",\"@id\":\"https:\/\/www.sortir06.fr\/actualites\/tourisme\/dinner-in-the-sky-lexperience-gastronomique-la-plus-vertigineuse-au-monde-debarque-aux-etoiles-de-mougins\/#breadcrumb\",\"itemListElement\":[{\"@type\":\"ListItem\",\"position\":1,\"name\":\"Accueil\",\"item\":\"https:\/\/www.sortir06.fr\/actualites\/\"},{\"@type\":\"ListItem\",\"position\":2,\"name\":\"Dinner in the Sky\u00ae, L\u2019exp\u00e9rience gastronomique la plus vertigineuse au monde d\u00e9barque aux \u00e9toiles de Mougins\"}]},{\"@type\":\"WebSite\",\"@id\":\"https:\/\/www.sortir06.fr\/actualites\/#website\",\"url\":\"https:\/\/www.sortir06.fr\/actualites\/\",\"name\":\"Actualit\u00e9s C\u00f4te d\\\"Azur (06)\",\"description\":\"\",\"publisher\":{\"@id\":\"https:\/\/www.sortir06.fr\/actualites\/#organization\"},\"alternateName\":\"Retrouvez toutes les infos presse et news du d\u00e9partement des Alpes Maritimes\",\"potentialAction\":[{\"@type\":\"SearchAction\",\"target\":{\"@type\":\"EntryPoint\",\"urlTemplate\":\"https:\/\/www.sortir06.fr\/actualites\/?s={search_term_string}\"},\"query-input\":\"required name=search_term_string\"}],\"inLanguage\":\"fr-FR\"},{\"@type\":\"Organization\",\"@id\":\"https:\/\/www.sortir06.fr\/actualites\/#organization\",\"name\":\"Sortir 06 Actualit\u00e9s\",\"url\":\"https:\/\/www.sortir06.fr\/actualites\/\",\"logo\":{\"@type\":\"ImageObject\",\"inLanguage\":\"fr-FR\",\"@id\":\"https:\/\/www.sortir06.fr\/actualites\/#\/schema\/logo\/image\/\",\"url\":\"https:\/\/www.sortir06.fr\/actualites\/wp-content\/uploads\/2024\/08\/sortir06actualites-1.webp\",\"contentUrl\":\"https:\/\/www.sortir06.fr\/actualites\/wp-content\/uploads\/2024\/08\/sortir06actualites-1.webp\",\"width\":1200,\"height\":375,\"caption\":\"Sortir 06 Actualit\u00e9s\"},\"image\":{\"@id\":\"https:\/\/www.sortir06.fr\/actualites\/#\/schema\/logo\/image\/\"}},{\"@type\":\"Person\",\"@id\":\"https:\/\/www.sortir06.fr\/actualites\/#\/schema\/person\/d1da1901725ffa2aebaf8209035b2308\",\"name\":\"Melissa Musson\",\"sameAs\":[\"https:\/\/www.sortir06.fr\/actualites\"],\"url\":\"https:\/\/www.sortir06.fr\/actualites\/author\/admins06actu\/\"}]}<\/script>\n<!-- \/ Yoast SEO plugin. -->","yoast_head_json":{"title":"Dinner in the Sky\u00ae, L\u2019exp\u00e9rience gastronomique la plus vertigineuse au monde d\u00e9barque aux \u00e9toiles de Mougins","robots":{"index":"index","follow":"follow","max-snippet":"max-snippet:-1","max-image-preview":"max-image-preview:large","max-video-preview":"max-video-preview:-1"},"canonical":"https:\/\/www.sortir06.fr\/actualites\/tourisme\/dinner-in-the-sky-lexperience-gastronomique-la-plus-vertigineuse-au-monde-debarque-aux-etoiles-de-mougins\/","og_locale":"fr_FR","og_type":"article","og_title":"Dinner in the Sky\u00ae, L\u2019exp\u00e9rience gastronomique la plus vertigineuse au monde d\u00e9barque aux \u00e9toiles de Mougins","og_description":"Pr\u00eats \u00e0 d\u00e9coller pour une exp\u00e9rience gustative de haut vol, perch\u00e9s \u00e0 plus de 50 m\u00e8tres de hauteur ? Rendez-vous [&hellip;]","og_url":"https:\/\/www.sortir06.fr\/actualites\/tourisme\/dinner-in-the-sky-lexperience-gastronomique-la-plus-vertigineuse-au-monde-debarque-aux-etoiles-de-mougins\/","og_site_name":"Actualit\u00e9s du 06 \/ Infos Presse","article_published_time":"2024-08-31T20:46:38+00:00","article_modified_time":"2024-09-16T11:22:49+00:00","og_image":[{"width":1200,"height":904,"url":"https:\/\/www.sortir06.fr\/actualites\/wp-content\/uploads\/2024\/08\/dinner-in-the-sky-1.webp","type":"image\/webp"}],"author":"Melissa Musson","twitter_card":"summary_large_image","twitter_misc":{"\u00c9crit par":"Melissa Musson","Dur\u00e9e de lecture estim\u00e9e":"5 minutes"},"schema":{"@context":"https:\/\/schema.org","@graph":[{"@type":"Article","@id":"https:\/\/www.sortir06.fr\/actualites\/tourisme\/dinner-in-the-sky-lexperience-gastronomique-la-plus-vertigineuse-au-monde-debarque-aux-etoiles-de-mougins\/#article","isPartOf":{"@id":"https:\/\/www.sortir06.fr\/actualites\/tourisme\/dinner-in-the-sky-lexperience-gastronomique-la-plus-vertigineuse-au-monde-debarque-aux-etoiles-de-mougins\/"},"author":{"name":"Melissa Musson","@id":"https:\/\/www.sortir06.fr\/actualites\/#\/schema\/person\/d1da1901725ffa2aebaf8209035b2308"},"headline":"Dinner in the Sky\u00ae, L\u2019exp\u00e9rience gastronomique la plus vertigineuse au monde d\u00e9barque aux \u00e9toiles de Mougins","datePublished":"2024-08-31T20:46:38+00:00","dateModified":"2024-09-16T11:22:49+00:00","mainEntityOfPage":{"@id":"https:\/\/www.sortir06.fr\/actualites\/tourisme\/dinner-in-the-sky-lexperience-gastronomique-la-plus-vertigineuse-au-monde-debarque-aux-etoiles-de-mougins\/"},"wordCount":865,"publisher":{"@id":"https:\/\/www.sortir06.fr\/actualites\/#organization"},"image":{"@id":"https:\/\/www.sortir06.fr\/actualites\/tourisme\/dinner-in-the-sky-lexperience-gastronomique-la-plus-vertigineuse-au-monde-debarque-aux-etoiles-de-mougins\/#primaryimage"},"thumbnailUrl":"https:\/\/www.sortir06.fr\/actualites\/wp-content\/uploads\/2024\/08\/dinner-in-the-sky-1.webp","keywords":["Mougins"],"articleSection":["Tourisme"],"inLanguage":"fr-FR"},{"@type":"WebPage","@id":"https:\/\/www.sortir06.fr\/actualites\/tourisme\/dinner-in-the-sky-lexperience-gastronomique-la-plus-vertigineuse-au-monde-debarque-aux-etoiles-de-mougins\/","url":"https:\/\/www.sortir06.fr\/actualites\/tourisme\/dinner-in-the-sky-lexperience-gastronomique-la-plus-vertigineuse-au-monde-debarque-aux-etoiles-de-mougins\/","name":"Dinner in the Sky\u00ae, L\u2019exp\u00e9rience gastronomique la plus vertigineuse au monde d\u00e9barque aux \u00e9toiles de Mougins","isPartOf":{"@id":"https:\/\/www.sortir06.fr\/actualites\/#website"},"primaryImageOfPage":{"@id":"https:\/\/www.sortir06.fr\/actualites\/tourisme\/dinner-in-the-sky-lexperience-gastronomique-la-plus-vertigineuse-au-monde-debarque-aux-etoiles-de-mougins\/#primaryimage"},"image":{"@id":"https:\/\/www.sortir06.fr\/actualites\/tourisme\/dinner-in-the-sky-lexperience-gastronomique-la-plus-vertigineuse-au-monde-debarque-aux-etoiles-de-mougins\/#primaryimage"},"thumbnailUrl":"https:\/\/www.sortir06.fr\/actualites\/wp-content\/uploads\/2024\/08\/dinner-in-the-sky-1.webp","datePublished":"2024-08-31T20:46:38+00:00","dateModified":"2024-09-16T11:22:49+00:00","breadcrumb":{"@id":"https:\/\/www.sortir06.fr\/actualites\/tourisme\/dinner-in-the-sky-lexperience-gastronomique-la-plus-vertigineuse-au-monde-debarque-aux-etoiles-de-mougins\/#breadcrumb"},"inLanguage":"fr-FR","potentialAction":[{"@type":"ReadAction","target":["https:\/\/www.sortir06.fr\/actualites\/tourisme\/dinner-in-the-sky-lexperience-gastronomique-la-plus-vertigineuse-au-monde-debarque-aux-etoiles-de-mougins\/"]}]},{"@type":"ImageObject","inLanguage":"fr-FR","@id":"https:\/\/www.sortir06.fr\/actualites\/tourisme\/dinner-in-the-sky-lexperience-gastronomique-la-plus-vertigineuse-au-monde-debarque-aux-etoiles-de-mougins\/#primaryimage","url":"https:\/\/www.sortir06.fr\/actualites\/wp-content\/uploads\/2024\/08\/dinner-in-the-sky-1.webp","contentUrl":"https:\/\/www.sortir06.fr\/actualites\/wp-content\/uploads\/2024\/08\/dinner-in-the-sky-1.webp","width":1200,"height":904,"caption":"Dinner in the Sky\u00ae, L\u2019exp\u00e9rience gastronomique la plus vertigineuse au monde d\u00e9barque aux \u00e9toiles de Mougins"},{"@type":"BreadcrumbList","@id":"https:\/\/www.sortir06.fr\/actualites\/tourisme\/dinner-in-the-sky-lexperience-gastronomique-la-plus-vertigineuse-au-monde-debarque-aux-etoiles-de-mougins\/#breadcrumb","itemListElement":[{"@type":"ListItem","position":1,"name":"Accueil","item":"https:\/\/www.sortir06.fr\/actualites\/"},{"@type":"ListItem","position":2,"name":"Dinner in the Sky\u00ae, L\u2019exp\u00e9rience gastronomique la plus vertigineuse au monde d\u00e9barque aux \u00e9toiles de Mougins"}]},{"@type":"WebSite","@id":"https:\/\/www.sortir06.fr\/actualites\/#website","url":"https:\/\/www.sortir06.fr\/actualites\/","name":"Actualit\u00e9s C\u00f4te d\"Azur (06)","description":"","publisher":{"@id":"https:\/\/www.sortir06.fr\/actualites\/#organization"},"alternateName":"Retrouvez toutes les infos presse et news du d\u00e9partement des Alpes Maritimes","potentialAction":[{"@type":"SearchAction","target":{"@type":"EntryPoint","urlTemplate":"https:\/\/www.sortir06.fr\/actualites\/?s={search_term_string}"},"query-input":"required name=search_term_string"}],"inLanguage":"fr-FR"},{"@type":"Organization","@id":"https:\/\/www.sortir06.fr\/actualites\/#organization","name":"Sortir 06 Actualit\u00e9s","url":"https:\/\/www.sortir06.fr\/actualites\/","logo":{"@type":"ImageObject","inLanguage":"fr-FR","@id":"https:\/\/www.sortir06.fr\/actualites\/#\/schema\/logo\/image\/","url":"https:\/\/www.sortir06.fr\/actualites\/wp-content\/uploads\/2024\/08\/sortir06actualites-1.webp","contentUrl":"https:\/\/www.sortir06.fr\/actualites\/wp-content\/uploads\/2024\/08\/sortir06actualites-1.webp","width":1200,"height":375,"caption":"Sortir 06 Actualit\u00e9s"},"image":{"@id":"https:\/\/www.sortir06.fr\/actualites\/#\/schema\/logo\/image\/"}},{"@type":"Person","@id":"https:\/\/www.sortir06.fr\/actualites\/#\/schema\/person\/d1da1901725ffa2aebaf8209035b2308","name":"Melissa Musson","sameAs":["https:\/\/www.sortir06.fr\/actualites"],"url":"https:\/\/www.sortir06.fr\/actualites\/author\/admins06actu\/"}]}},"_links":{"self":[{"href":"https:\/\/www.sortir06.fr\/actualites\/wp-json\/wp\/v2\/posts\/855","targetHints":{"allow":["GET"]}}],"collection":[{"href":"https:\/\/www.sortir06.fr\/actualites\/wp-json\/wp\/v2\/posts"}],"about":[{"href":"https:\/\/www.sortir06.fr\/actualites\/wp-json\/wp\/v2\/types\/post"}],"author":[{"embeddable":true,"href":"https:\/\/www.sortir06.fr\/actualites\/wp-json\/wp\/v2\/users\/1"}],"replies":[{"embeddable":true,"href":"https:\/\/www.sortir06.fr\/actualites\/wp-json\/wp\/v2\/comments?post=855"}],"version-history":[{"count":13,"href":"https:\/\/www.sortir06.fr\/actualites\/wp-json\/wp\/v2\/posts\/855\/revisions"}],"predecessor-version":[{"id":975,"href":"https:\/\/www.sortir06.fr\/actualites\/wp-json\/wp\/v2\/posts\/855\/revisions\/975"}],"wp:featuredmedia":[{"embeddable":true,"href":"https:\/\/www.sortir06.fr\/actualites\/wp-json\/wp\/v2\/media\/864"}],"wp:attachment":[{"href":"https:\/\/www.sortir06.fr\/actualites\/wp-json\/wp\/v2\/media?parent=855"}],"wp:term":[{"taxonomy":"category","embeddable":true,"href":"https:\/\/www.sortir06.fr\/actualites\/wp-json\/wp\/v2\/categories?post=855"},{"taxonomy":"post_tag","embeddable":true,"href":"https:\/\/www.sortir06.fr\/actualites\/wp-json\/wp\/v2\/tags?post=855"}],"curies":[{"name":"wp","href":"https:\/\/api.w.org\/{rel}","templated":true}]}}