{"id":872,"date":"2024-09-03T13:28:08","date_gmt":"2024-09-03T11:28:08","guid":{"rendered":"https:\/\/www.sortir06.fr\/actualites\/?p=872"},"modified":"2025-05-29T13:24:00","modified_gmt":"2025-05-29T11:24:00","slug":"dimanche-22-septembre-2024-un-instant-vers-soi-une-journee-sous-le-signe-du-bien-etre-au-chateau-de-cremat","status":"publish","type":"post","link":"https:\/\/www.sortir06.fr\/actualites\/tourisme\/dimanche-22-septembre-2024-un-instant-vers-soi-une-journee-sous-le-signe-du-bien-etre-au-chateau-de-cremat\/","title":{"rendered":"Dimanche 22 septembre 2024 : Un instant vers Soi &#8211; Une journ\u00e9e sous le signe du bien \u00eatre au Ch\u00e2teau de Cr\u00e9mat"},"content":{"rendered":"\t\t<div data-elementor-type=\"wp-post\" data-elementor-id=\"872\" class=\"elementor elementor-872\" data-elementor-post-type=\"post\">\n\t\t\t\t<div class=\"elementor-element elementor-element-1b92701 e-flex e-con-boxed e-con e-parent\" data-id=\"1b92701\" data-element_type=\"container\">\n\t\t\t\t\t<div class=\"e-con-inner\">\n\t\t\t\t<div class=\"elementor-element elementor-element-322dde5 elementor-widget elementor-widget-text-editor\" data-id=\"322dde5\" data-element_type=\"widget\" data-widget_type=\"text-editor.default\">\n\t\t\t\t<div class=\"elementor-widget-container\">\n\t\t\t<style>\/*! elementor - v3.23.0 - 05-08-2024 *\/\n.elementor-widget-text-editor.elementor-drop-cap-view-stacked .elementor-drop-cap{background-color:#69727d;color:#fff}.elementor-widget-text-editor.elementor-drop-cap-view-framed .elementor-drop-cap{color:#69727d;border:3px solid;background-color:transparent}.elementor-widget-text-editor:not(.elementor-drop-cap-view-default) .elementor-drop-cap{margin-top:8px}.elementor-widget-text-editor:not(.elementor-drop-cap-view-default) .elementor-drop-cap-letter{width:1em;height:1em}.elementor-widget-text-editor .elementor-drop-cap{float:left;text-align:center;line-height:1;font-size:50px}.elementor-widget-text-editor .elementor-drop-cap-letter{display:inline-block}<\/style>\t\t\t\t<p>La rentr\u00e9e est toujours l\u2019occasion de prendre de bonnes r\u00e9solutions \u00e0 commencer par prendre soin de soi. L\u2019embl\u00e9matique Ch\u00e2teau de Cr\u00e9mat, nich\u00e9 au c\u0153ur des collines de Bellet \u00e0 Nice, l\u2019a bien compris et cr\u00e9e l\u2019\u00e9v\u00e8nement en organisant sa premi\u00e8re journ\u00e9e baptis\u00e9e \u00ab Un instant vers soi \u00bb*.<br \/>Rendez-vous est ainsi donn\u00e9 le dimanche 22 septembre pour une parenth\u00e8se d\u2019exception plac\u00e9e sous le signe de la d\u00e9tente, du bien-\u00eatre et du d\u00e9veloppement personnel.<br \/>Tout au long de la journ\u00e9e, de nombreux ateliers, des cours ainsi que des conf\u00e9rences seront propos\u00e9s autour de th\u00e9matiques vari\u00e9es : Pilates, yoga vinyasa, danse afro, atelier soin visage japonais &amp; auto-massage, ballet barre yoga, astrologie, confiance en soi, cartomancie, art th\u00e9rapie, live cooking\u2026 et bien d\u2019autres activit\u00e9s.<\/p>\t\t\t\t\t\t<\/div>\n\t\t\t\t<\/div>\n\t\t\t\t\t<\/div>\n\t\t\t\t<\/div>\n\t\t<div class=\"elementor-element elementor-element-d33e7e6 e-flex e-con-boxed e-con e-parent\" data-id=\"d33e7e6\" data-element_type=\"container\">\n\t\t\t\t\t<div class=\"e-con-inner\">\n\t\t\t\t<div class=\"elementor-element elementor-element-32d1686 elementor-widget elementor-widget-image\" data-id=\"32d1686\" data-element_type=\"widget\" data-widget_type=\"image.default\">\n\t\t\t\t<div class=\"elementor-widget-container\">\n\t\t\t<style>\/*! elementor - v3.23.0 - 05-08-2024 *\/\n.elementor-widget-image{text-align:center}.elementor-widget-image a{display:inline-block}.elementor-widget-image a img[src$=\".svg\"]{width:48px}.elementor-widget-image img{vertical-align:middle;display:inline-block}<\/style>\t\t\t\t\t\t\t\t\t\t<img fetchpriority=\"high\" decoding=\"async\" width=\"724\" height=\"1024\" src=\"https:\/\/www.sortir06.fr\/actualites\/wp-content\/uploads\/2024\/09\/Journee-bien-etre-_un-moment-a-soi_-724x1024.webp\" class=\"attachment-large size-large wp-image-874\" alt=\"Dimanche 22 septembre 2024 : Un instant vers Soi - Une journ\u00e9e sous le signe du bien \u00eatre au Ch\u00e2teau de Cr\u00e9mat \u00e0 Nice\" srcset=\"https:\/\/www.sortir06.fr\/actualites\/wp-content\/uploads\/2024\/09\/Journee-bien-etre-_un-moment-a-soi_-724x1024.webp 724w, https:\/\/www.sortir06.fr\/actualites\/wp-content\/uploads\/2024\/09\/Journee-bien-etre-_un-moment-a-soi_-212x300.webp 212w, https:\/\/www.sortir06.fr\/actualites\/wp-content\/uploads\/2024\/09\/Journee-bien-etre-_un-moment-a-soi_-768x1086.webp 768w, https:\/\/www.sortir06.fr\/actualites\/wp-content\/uploads\/2024\/09\/Journee-bien-etre-_un-moment-a-soi_-1086x1536.webp 1086w, https:\/\/www.sortir06.fr\/actualites\/wp-content\/uploads\/2024\/09\/Journee-bien-etre-_un-moment-a-soi_-1448x2048.webp 1448w, https:\/\/www.sortir06.fr\/actualites\/wp-content\/uploads\/2024\/09\/Journee-bien-etre-_un-moment-a-soi_-scaled.webp 1810w\" sizes=\"(max-width: 724px) 100vw, 724px\" \/>\t\t\t\t\t\t\t\t\t\t\t\t\t<\/div>\n\t\t\t\t<\/div>\n\t\t\t\t\t<\/div>\n\t\t\t\t<\/div>\n\t\t<div class=\"elementor-element elementor-element-dbebe4f e-flex e-con-boxed e-con e-parent\" data-id=\"dbebe4f\" data-element_type=\"container\">\n\t\t\t\t\t<div class=\"e-con-inner\">\n\t\t\t\t<div class=\"elementor-element elementor-element-a4faffd elementor-widget elementor-widget-heading\" data-id=\"a4faffd\" data-element_type=\"widget\" data-widget_type=\"heading.default\">\n\t\t\t\t<div class=\"elementor-widget-container\">\n\t\t\t<style>\/*! elementor - v3.23.0 - 05-08-2024 *\/\n.elementor-heading-title{padding:0;margin:0;line-height:1}.elementor-widget-heading .elementor-heading-title[class*=elementor-size-]>a{color:inherit;font-size:inherit;line-height:inherit}.elementor-widget-heading .elementor-heading-title.elementor-size-small{font-size:15px}.elementor-widget-heading .elementor-heading-title.elementor-size-medium{font-size:19px}.elementor-widget-heading .elementor-heading-title.elementor-size-large{font-size:29px}.elementor-widget-heading .elementor-heading-title.elementor-size-xl{font-size:39px}.elementor-widget-heading .elementor-heading-title.elementor-size-xxl{font-size:59px}<\/style><h2 class=\"elementor-heading-title elementor-size-default\">Ateliers, cours et conf\u00e9rences<\/h2>\t\t<\/div>\n\t\t\t\t<\/div>\n\t\t\t\t\t<\/div>\n\t\t\t\t<\/div>\n\t\t<div class=\"elementor-element elementor-element-86d883e e-flex e-con-boxed e-con e-parent\" data-id=\"86d883e\" data-element_type=\"container\">\n\t\t\t\t\t<div class=\"e-con-inner\">\n\t\t\t\t<div class=\"elementor-element elementor-element-2880248 elementor-widget elementor-widget-text-editor\" data-id=\"2880248\" data-element_type=\"widget\" data-widget_type=\"text-editor.default\">\n\t\t\t\t<div class=\"elementor-widget-container\">\n\t\t\t\t\t\t\t<p>De nombreux cr\u00e9ateurs seront aussi pr\u00e9sents pour l\u2019occasion. Des visites guid\u00e9es du ch\u00e2teau ainsi que des balades en 2CV dans les vignes avec d\u00e9gustation de vin viendront compl\u00e9ter cette programmation in\u00e9dite.<br \/>C\u00f4t\u00e9 prix, le Pass journ\u00e9e est propos\u00e9 \u00e0 7\u20ac. Ce tarif inclut l\u2019acc\u00e8s gratuit aux activit\u00e9s sur r\u00e9servation : Yoga, Pilates, Danse Afro, Ballet Sculpt, Conf\u00e9rences, Cartomancie, Live Cooking Vegan. D\u2019autres ateliers sont en suppl\u00e9ment et ouverts sur r\u00e9servation \u00e9galement.<br \/>L\u2019occasion de (re)d\u00e9couvrir cet endroit iconique sous des angles diff\u00e9rents et \u00e0 travers des animations.<\/p>\t\t\t\t\t\t<\/div>\n\t\t\t\t<\/div>\n\t\t\t\t\t<\/div>\n\t\t\t\t<\/div>\n\t\t<div class=\"elementor-element elementor-element-1b2189f e-flex e-con-boxed e-con e-parent\" data-id=\"1b2189f\" data-element_type=\"container\">\n\t\t\t\t\t<div class=\"e-con-inner\">\n\t\t\t\t<div class=\"elementor-element elementor-element-327ae85 elementor-widget elementor-widget-heading\" data-id=\"327ae85\" data-element_type=\"widget\" data-widget_type=\"heading.default\">\n\t\t\t\t<div class=\"elementor-widget-container\">\n\t\t\t<h2 class=\"elementor-heading-title elementor-size-default\">A propos du Ch\u00e2teau de Cr\u00e9mat<\/h2>\t\t<\/div>\n\t\t\t\t<\/div>\n\t\t\t\t\t<\/div>\n\t\t\t\t<\/div>\n\t\t<div class=\"elementor-element elementor-element-9c1bfc0 e-flex e-con-boxed e-con e-parent\" data-id=\"9c1bfc0\" data-element_type=\"container\">\n\t\t\t\t\t<div class=\"e-con-inner\">\n\t\t\t\t<div class=\"elementor-element elementor-element-b0780cb elementor-widget elementor-widget-text-editor\" data-id=\"b0780cb\" data-element_type=\"widget\" data-widget_type=\"text-editor.default\">\n\t\t\t\t<div class=\"elementor-widget-container\">\n\t\t\t\t\t\t\t<p>Sur les hauteurs de Nice, le Ch\u00e2teau de Cr\u00e9mat est le fleuron de la prestigieuse appellation de Bellet. Cr\u00e9\u00e9e en 1941, l&rsquo;appellation \u00ab Bellet \u00bb est la seule AOP implant\u00e9e int\u00e9gralement dans les murs d\u2019une grande agglom\u00e9ration. Le vignoble du Ch\u00e2teau de Cr\u00e9mat s&rsquo;\u00e9tend sur les collines de Cr\u00e9mat, St Sauveur et Saquier.<br \/>Actuellement, 10 hectares de vignes sont exploit\u00e9s entre 200 et 300 m\u00e8tres d&rsquo;altitude et toute la production est certifi\u00e9e biologique.<br \/>Construite en 1906 par un modeste marchand ni\u00e7ois, la c\u00e9l\u00e8bre b\u00e2tisse n&rsquo;a cess\u00e9 d&rsquo;\u00e9voluer jusqu&rsquo;\u00e0 son rachat en 2017 par une famille d\u2019industriels fran\u00e7ais qui se passionne pour les vignobles et la r\u00e9gion. Fi\u00e8re de cet h\u00e9ritage unique, elle offre au Ch\u00e2teau de Cr\u00e9mat un tout nouveau souffle avec notamment la r\u00e9novation des salles, le respect des couleurs ni\u00e7oises avec une nouvelle identit\u00e9 ext\u00e9rieure ocre ainsi que la d\u00e9coration des int\u00e9rieurs dans un style \u00ab\u00a0ann\u00e9es folles\u00a0\u00bb. Le Ch\u00e2teau a, en effet, \u00e9t\u00e9 am\u00e9nag\u00e9 avec le mobilier du Ritz, c\u00e9l\u00e8bre palace parisien, lors d\u2019une vente aux ench\u00e8res.<br \/>Aujourd&rsquo;hui, l&rsquo;\u00e9tablissement est devenu un lieu de vie \u00e9v\u00e9nementiel pris\u00e9 des Ni\u00e7ois avec des concerts et show case priv\u00e9s (The Avener, Clara Luciani, Jenifer) mais aussi des week-ends d\u00e9couverte comme des journ\u00e9es portes ouvertes ou encore l&rsquo;\u00e9v\u00e9nement l&rsquo;Art de la F\u00eate qui f\u00e9d\u00e8re chaque ann\u00e9e plus de 30 exposants azur\u00e9ens (artistes, chefs, entrepreneurs).<\/p>\t\t\t\t\t\t<\/div>\n\t\t\t\t<\/div>\n\t\t\t\t\t<\/div>\n\t\t\t\t<\/div>\n\t\t<div class=\"elementor-element elementor-element-9f0c39c e-flex e-con-boxed e-con e-parent\" data-id=\"9f0c39c\" data-element_type=\"container\">\n\t\t\t\t\t<div class=\"e-con-inner\">\n\t\t\t\t<div class=\"elementor-element elementor-element-bae6b71 elementor-widget elementor-widget-text-editor\" data-id=\"bae6b71\" data-element_type=\"widget\" data-widget_type=\"text-editor.default\">\n\t\t\t\t<div class=\"elementor-widget-container\">\n\t\t\t\t\t\t\t<p>Tarif : 7\u20ac \/ personne<\/p><p><strong>De 9h \u00e0 18h<\/strong><\/p><p><strong>Ch\u00e2teau de Cr\u00e9mat<\/strong><br \/>442 Chemin de Cr\u00e9mat<br \/>06200 Nice<br \/>T\u00e9l. : 04 92 15 12 15<br \/><a href=\"https:\/\/chateaucremat.com\/\" target=\"_blank\" rel=\"noopener\">https:\/\/chateaucremat.com\/<\/a><\/p><p><a href=\"https:\/\/www.sortir06.fr\/sorties-sur-la-cote-dazur\/activites-et-visites\/chateau-de-cremat\/\" target=\"_blank\" rel=\"noopener\">En savoir plus sur le Ch\u00e2teau de Cr\u00e9mat<\/a><\/p>\t\t\t\t\t\t<\/div>\n\t\t\t\t<\/div>\n\t\t\t\t\t<\/div>\n\t\t\t\t<\/div>\n\t\t<div class=\"elementor-element elementor-element-8e828e3 e-flex e-con-boxed e-con e-parent\" data-id=\"8e828e3\" data-element_type=\"container\">\n\t\t\t\t\t<div class=\"e-con-inner\">\n\t\t\t\t<div class=\"elementor-element elementor-element-1af8614 elementor-arrows-position-inside elementor-pagination-position-outside elementor-widget elementor-widget-image-carousel\" data-id=\"1af8614\" data-element_type=\"widget\" data-settings=\"{&quot;slides_to_show&quot;:&quot;1&quot;,&quot;navigation&quot;:&quot;both&quot;,&quot;autoplay&quot;:&quot;yes&quot;,&quot;pause_on_hover&quot;:&quot;yes&quot;,&quot;pause_on_interaction&quot;:&quot;yes&quot;,&quot;autoplay_speed&quot;:5000,&quot;infinite&quot;:&quot;yes&quot;,&quot;effect&quot;:&quot;slide&quot;,&quot;speed&quot;:500}\" data-widget_type=\"image-carousel.default\">\n\t\t\t\t<div class=\"elementor-widget-container\">\n\t\t\t<style>\/*! elementor - v3.23.0 - 05-08-2024 *\/\n.elementor-widget-image-carousel .swiper,.elementor-widget-image-carousel .swiper-container{position:static}.elementor-widget-image-carousel .swiper-container .swiper-slide figure,.elementor-widget-image-carousel .swiper .swiper-slide figure{line-height:inherit}.elementor-widget-image-carousel .swiper-slide{text-align:center}.elementor-image-carousel-wrapper:not(.swiper-container-initialized):not(.swiper-initialized) .swiper-slide{max-width:calc(100% \/ var(--e-image-carousel-slides-to-show, 3))}<\/style>\t\t<div class=\"elementor-image-carousel-wrapper swiper\" dir=\"ltr\">\n\t\t\t<div class=\"elementor-image-carousel swiper-wrapper\" aria-live=\"off\">\n\t\t\t\t\t\t\t\t<div class=\"swiper-slide\" role=\"group\" aria-roledescription=\"slide\" aria-label=\"1 sur 7\"><figure class=\"swiper-slide-inner\"><img decoding=\"async\" class=\"swiper-slide-image\" src=\"https:\/\/www.sortir06.fr\/actualites\/wp-content\/uploads\/2024\/09\/chateau-cremat-01.jpg\" alt=\"Dimanche 22 septembre 2024 : Un instant vers Soi - Une journ\u00e9e sous le signe du bien \u00eatre au Ch\u00e2teau de Cr\u00e9mat\" \/><\/figure><\/div><div class=\"swiper-slide\" role=\"group\" aria-roledescription=\"slide\" aria-label=\"2 sur 7\"><figure class=\"swiper-slide-inner\"><img decoding=\"async\" class=\"swiper-slide-image\" src=\"https:\/\/www.sortir06.fr\/actualites\/wp-content\/uploads\/2024\/09\/chateau-cremat-02.jpg\" alt=\"Dimanche 22 septembre 2024 : Un instant vers Soi - Une journ\u00e9e sous le signe du bien \u00eatre au Ch\u00e2teau de Cr\u00e9mat\" \/><\/figure><\/div><div class=\"swiper-slide\" role=\"group\" aria-roledescription=\"slide\" aria-label=\"3 sur 7\"><figure class=\"swiper-slide-inner\"><img decoding=\"async\" class=\"swiper-slide-image\" src=\"https:\/\/www.sortir06.fr\/actualites\/wp-content\/uploads\/2024\/09\/chateau-cremat-03.jpg\" alt=\"Chateau de Cremat Nice\" \/><\/figure><\/div><div class=\"swiper-slide\" role=\"group\" aria-roledescription=\"slide\" aria-label=\"4 sur 7\"><figure class=\"swiper-slide-inner\"><img decoding=\"async\" class=\"swiper-slide-image\" src=\"https:\/\/www.sortir06.fr\/actualites\/wp-content\/uploads\/2024\/09\/chateau-cremat-04.jpg\" alt=\"Dimanche 22 septembre 2024 : Un instant vers Soi - Une journ\u00e9e sous le signe du bien \u00eatre au Ch\u00e2teau de Cr\u00e9mat\" \/><\/figure><\/div><div class=\"swiper-slide\" role=\"group\" aria-roledescription=\"slide\" aria-label=\"5 sur 7\"><figure class=\"swiper-slide-inner\"><img decoding=\"async\" class=\"swiper-slide-image\" src=\"https:\/\/www.sortir06.fr\/actualites\/wp-content\/uploads\/2024\/09\/chateau-cremat-05.jpg\" alt=\"Dimanche 22 septembre 2024 : Un instant vers Soi - Une journ\u00e9e sous le signe du bien \u00eatre au Ch\u00e2teau de Cr\u00e9mat\" \/><\/figure><\/div><div class=\"swiper-slide\" role=\"group\" aria-roledescription=\"slide\" aria-label=\"6 sur 7\"><figure class=\"swiper-slide-inner\"><img decoding=\"async\" class=\"swiper-slide-image\" src=\"https:\/\/www.sortir06.fr\/actualites\/wp-content\/uploads\/2024\/09\/chateau-cremat-06.jpg\" alt=\"Dimanche 22 septembre 2024 : Un instant vers Soi - Une journ\u00e9e sous le signe du bien \u00eatre au Ch\u00e2teau de Cr\u00e9mat\" \/><\/figure><\/div><div class=\"swiper-slide\" role=\"group\" aria-roledescription=\"slide\" aria-label=\"7 sur 7\"><figure class=\"swiper-slide-inner\"><img decoding=\"async\" class=\"swiper-slide-image\" src=\"https:\/\/www.sortir06.fr\/actualites\/wp-content\/uploads\/2024\/09\/chateau-cremat-07.jpg\" alt=\"Dimanche 22 septembre 2024 : Un instant vers Soi - Une journ\u00e9e sous le signe du bien \u00eatre au Ch\u00e2teau de Cr\u00e9mat\" \/><\/figure><\/div>\t\t\t<\/div>\n\t\t\t\t\t\t\t\t\t\t\t\t<div class=\"elementor-swiper-button elementor-swiper-button-prev\" role=\"button\" tabindex=\"0\">\n\t\t\t\t\t\t<svg aria-hidden=\"true\" class=\"e-font-icon-svg e-fas-chevron-circle-left\" viewBox=\"0 0 512 512\" xmlns=\"http:\/\/www.w3.org\/2000\/svg\"><path d=\"M256 504C119 504 8 393 8 256S119 8 256 8s248 111 248 248-111 248-248 248zM142.1 273l135.5 135.5c9.4 9.4 24.6 9.4 33.9 0l17-17c9.4-9.4 9.4-24.6 0-33.9L226.9 256l101.6-101.6c9.4-9.4 9.4-24.6 0-33.9l-17-17c-9.4-9.4-24.6-9.4-33.9 0L142.1 239c-9.4 9.4-9.4 24.6 0 34z\"><\/path><\/svg>\t\t\t\t\t<\/div>\n\t\t\t\t\t<div class=\"elementor-swiper-button elementor-swiper-button-next\" role=\"button\" tabindex=\"0\">\n\t\t\t\t\t\t<svg aria-hidden=\"true\" class=\"e-font-icon-svg e-fas-chevron-circle-right\" viewBox=\"0 0 512 512\" xmlns=\"http:\/\/www.w3.org\/2000\/svg\"><path d=\"M256 8c137 0 248 111 248 248S393 504 256 504 8 393 8 256 119 8 256 8zm113.9 231L234.4 103.5c-9.4-9.4-24.6-9.4-33.9 0l-17 17c-9.4 9.4-9.4 24.6 0 33.9L285.1 256 183.5 357.6c-9.4 9.4-9.4 24.6 0 33.9l17 17c9.4 9.4 24.6 9.4 33.9 0L369.9 273c9.4-9.4 9.4-24.6 0-34z\"><\/path><\/svg>\t\t\t\t\t<\/div>\n\t\t\t\t\n\t\t\t\t\t\t\t\t\t<div class=\"swiper-pagination\"><\/div>\n\t\t\t\t\t\t\t\t\t<\/div>\n\t\t\t\t<\/div>\n\t\t\t\t<\/div>\n\t\t\t\t\t<\/div>\n\t\t\t\t<\/div>\n\t\t\t\t<\/div>\n\t\t\n\n<div class=\"kk-star-ratings kksr-auto kksr-align-center kksr-valign-bottom\"\n    data-payload='{&quot;align&quot;:&quot;center&quot;,&quot;id&quot;:&quot;872&quot;,&quot;slug&quot;:&quot;default&quot;,&quot;valign&quot;:&quot;bottom&quot;,&quot;ignore&quot;:&quot;&quot;,&quot;reference&quot;:&quot;auto&quot;,&quot;class&quot;:&quot;&quot;,&quot;count&quot;:&quot;1&quot;,&quot;legendonly&quot;:&quot;&quot;,&quot;readonly&quot;:&quot;&quot;,&quot;score&quot;:&quot;5&quot;,&quot;starsonly&quot;:&quot;&quot;,&quot;best&quot;:&quot;5&quot;,&quot;gap&quot;:&quot;5&quot;,&quot;greet&quot;:&quot;Vous aimez ?&quot;,&quot;legend&quot;:&quot;5\\\/5 - (1 vote)&quot;,&quot;size&quot;:&quot;24&quot;,&quot;title&quot;:&quot;Dimanche 22 septembre 2024 : Un instant vers Soi - Une journ\u00e9e sous le signe du bien \u00eatre au Ch\u00e2teau de Cr\u00e9mat&quot;,&quot;width&quot;:&quot;142.5&quot;,&quot;_legend&quot;:&quot;{score}\\\/{best} - ({count} {votes})&quot;,&quot;font_factor&quot;:&quot;1.25&quot;}'>\n            \n<div class=\"kksr-stars\">\n    \n<div class=\"kksr-stars-inactive\">\n            <div class=\"kksr-star\" data-star=\"1\" style=\"padding-right: 5px\">\n            \n\n<div class=\"kksr-icon\" style=\"width: 24px; height: 24px;\"><\/div>\n        <\/div>\n            <div class=\"kksr-star\" data-star=\"2\" style=\"padding-right: 5px\">\n            \n\n<div class=\"kksr-icon\" style=\"width: 24px; height: 24px;\"><\/div>\n        <\/div>\n            <div class=\"kksr-star\" data-star=\"3\" style=\"padding-right: 5px\">\n            \n\n<div class=\"kksr-icon\" style=\"width: 24px; height: 24px;\"><\/div>\n        <\/div>\n            <div class=\"kksr-star\" data-star=\"4\" style=\"padding-right: 5px\">\n            \n\n<div class=\"kksr-icon\" style=\"width: 24px; height: 24px;\"><\/div>\n        <\/div>\n            <div class=\"kksr-star\" data-star=\"5\" style=\"padding-right: 5px\">\n            \n\n<div class=\"kksr-icon\" style=\"width: 24px; height: 24px;\"><\/div>\n        <\/div>\n    <\/div>\n    \n<div class=\"kksr-stars-active\" style=\"width: 142.5px;\">\n            <div class=\"kksr-star\" style=\"padding-right: 5px\">\n            \n\n<div class=\"kksr-icon\" style=\"width: 24px; height: 24px;\"><\/div>\n        <\/div>\n            <div class=\"kksr-star\" style=\"padding-right: 5px\">\n            \n\n<div class=\"kksr-icon\" style=\"width: 24px; height: 24px;\"><\/div>\n        <\/div>\n            <div class=\"kksr-star\" style=\"padding-right: 5px\">\n            \n\n<div class=\"kksr-icon\" style=\"width: 24px; height: 24px;\"><\/div>\n        <\/div>\n            <div class=\"kksr-star\" style=\"padding-right: 5px\">\n            \n\n<div class=\"kksr-icon\" style=\"width: 24px; height: 24px;\"><\/div>\n        <\/div>\n            <div class=\"kksr-star\" style=\"padding-right: 5px\">\n            \n\n<div class=\"kksr-icon\" style=\"width: 24px; height: 24px;\"><\/div>\n        <\/div>\n    <\/div>\n<\/div>\n                \n\n<div class=\"kksr-legend\" style=\"font-size: 19.2px;\">\n            5\/5 - (1 vote)    <\/div>\n    <\/div>\n","protected":false},"excerpt":{"rendered":"<p>La rentr\u00e9e est toujours l\u2019occasion de prendre de bonnes r\u00e9solutions \u00e0 commencer par prendre soin de soi. L\u2019embl\u00e9matique Ch\u00e2teau de [&hellip;]<\/p>\n","protected":false},"author":1,"featured_media":879,"comment_status":"closed","ping_status":"closed","sticky":false,"template":"","format":"standard","meta":{"site-sidebar-layout":"default","site-content-layout":"","ast-site-content-layout":"","site-content-style":"default","site-sidebar-style":"default","ast-global-header-display":"","ast-banner-title-visibility":"","ast-main-header-display":"","ast-hfb-above-header-display":"","ast-hfb-below-header-display":"","ast-hfb-mobile-header-display":"","site-post-title":"","ast-breadcrumbs-content":"","ast-featured-img":"","footer-sml-layout":"","theme-transparent-header-meta":"","adv-header-id-meta":"","stick-header-meta":"","header-above-stick-meta":"","header-main-stick-meta":"","header-below-stick-meta":"","astra-migrate-meta-layouts":"default","ast-page-background-enabled":"default","ast-page-background-meta":{"desktop":{"background-color":"var(--ast-global-color-4)","background-image":"","background-repeat":"repeat","background-position":"center center","background-size":"auto","background-attachment":"scroll","background-type":"","background-media":"","overlay-type":"","overlay-color":"","overlay-opacity":"","overlay-gradient":""},"tablet":{"background-color":"","background-image":"","background-repeat":"repeat","background-position":"center center","background-size":"auto","background-attachment":"scroll","background-type":"","background-media":"","overlay-type":"","overlay-color":"","overlay-opacity":"","overlay-gradient":""},"mobile":{"background-color":"","background-image":"","background-repeat":"repeat","background-position":"center center","background-size":"auto","background-attachment":"scroll","background-type":"","background-media":"","overlay-type":"","overlay-color":"","overlay-opacity":"","overlay-gradient":""}},"ast-content-background-meta":{"desktop":{"background-color":"var(--ast-global-color-5)","background-image":"","background-repeat":"repeat","background-position":"center center","background-size":"auto","background-attachment":"scroll","background-type":"","background-media":"","overlay-type":"","overlay-color":"","overlay-opacity":"","overlay-gradient":""},"tablet":{"background-color":"var(--ast-global-color-5)","background-image":"","background-repeat":"repeat","background-position":"center center","background-size":"auto","background-attachment":"scroll","background-type":"","background-media":"","overlay-type":"","overlay-color":"","overlay-opacity":"","overlay-gradient":""},"mobile":{"background-color":"var(--ast-global-color-5)","background-image":"","background-repeat":"repeat","background-position":"center center","background-size":"auto","background-attachment":"scroll","background-type":"","background-media":"","overlay-type":"","overlay-color":"","overlay-opacity":"","overlay-gradient":""}},"footnotes":""},"categories":[180],"tags":[101],"class_list":["post-872","post","type-post","status-publish","format-standard","has-post-thumbnail","hentry","category-tourisme","tag-nice"],"yoast_head":"<!-- This site is optimized with the Yoast SEO plugin v23.2 - https:\/\/yoast.com\/wordpress\/plugins\/seo\/ -->\n<title>Dimanche 22 septembre 2024 : Un instant vers Soi - Une journ\u00e9e sous le signe du bien \u00eatre au Ch\u00e2teau de Cr\u00e9mat<\/title>\n<meta name=\"robots\" content=\"index, follow, max-snippet:-1, max-image-preview:large, max-video-preview:-1\" \/>\n<link rel=\"canonical\" href=\"https:\/\/www.sortir06.fr\/actualites\/tourisme\/dimanche-22-septembre-2024-un-instant-vers-soi-une-journee-sous-le-signe-du-bien-etre-au-chateau-de-cremat\/\" \/>\n<meta property=\"og:locale\" content=\"fr_FR\" \/>\n<meta property=\"og:type\" content=\"article\" \/>\n<meta property=\"og:title\" content=\"Dimanche 22 septembre 2024 : Un instant vers Soi - Une journ\u00e9e sous le signe du bien \u00eatre au Ch\u00e2teau de Cr\u00e9mat\" \/>\n<meta property=\"og:description\" content=\"La rentr\u00e9e est toujours l\u2019occasion de prendre de bonnes r\u00e9solutions \u00e0 commencer par prendre soin de soi. L\u2019embl\u00e9matique Ch\u00e2teau de [&hellip;]\" \/>\n<meta property=\"og:url\" content=\"https:\/\/www.sortir06.fr\/actualites\/tourisme\/dimanche-22-septembre-2024-un-instant-vers-soi-une-journee-sous-le-signe-du-bien-etre-au-chateau-de-cremat\/\" \/>\n<meta property=\"og:site_name\" content=\"Actualit\u00e9s du 06 \/ Infos Presse\" \/>\n<meta property=\"article:published_time\" content=\"2024-09-03T11:28:08+00:00\" \/>\n<meta property=\"article:modified_time\" content=\"2025-05-29T11:24:00+00:00\" \/>\n<meta property=\"og:image\" content=\"https:\/\/www.sortir06.fr\/actualites\/wp-content\/uploads\/2024\/09\/chateau-cremat-03.jpg\" \/>\n\t<meta property=\"og:image:width\" content=\"1200\" \/>\n\t<meta property=\"og:image:height\" content=\"904\" \/>\n\t<meta property=\"og:image:type\" content=\"image\/jpeg\" \/>\n<meta name=\"author\" content=\"Melissa Musson\" \/>\n<meta name=\"twitter:card\" content=\"summary_large_image\" \/>\n<meta name=\"twitter:label1\" content=\"\u00c9crit par\" \/>\n\t<meta name=\"twitter:data1\" content=\"Melissa Musson\" \/>\n\t<meta name=\"twitter:label2\" content=\"Dur\u00e9e de lecture estim\u00e9e\" \/>\n\t<meta name=\"twitter:data2\" content=\"5 minutes\" \/>\n<script type=\"application\/ld+json\" class=\"yoast-schema-graph\">{\"@context\":\"https:\/\/schema.org\",\"@graph\":[{\"@type\":\"Article\",\"@id\":\"https:\/\/www.sortir06.fr\/actualites\/tourisme\/dimanche-22-septembre-2024-un-instant-vers-soi-une-journee-sous-le-signe-du-bien-etre-au-chateau-de-cremat\/#article\",\"isPartOf\":{\"@id\":\"https:\/\/www.sortir06.fr\/actualites\/tourisme\/dimanche-22-septembre-2024-un-instant-vers-soi-une-journee-sous-le-signe-du-bien-etre-au-chateau-de-cremat\/\"},\"author\":{\"name\":\"Melissa Musson\",\"@id\":\"https:\/\/www.sortir06.fr\/actualites\/#\/schema\/person\/d1da1901725ffa2aebaf8209035b2308\"},\"headline\":\"Dimanche 22 septembre 2024 : Un instant vers Soi &#8211; Une journ\u00e9e sous le signe du bien \u00eatre au Ch\u00e2teau de Cr\u00e9mat\",\"datePublished\":\"2024-09-03T11:28:08+00:00\",\"dateModified\":\"2025-05-29T11:24:00+00:00\",\"mainEntityOfPage\":{\"@id\":\"https:\/\/www.sortir06.fr\/actualites\/tourisme\/dimanche-22-septembre-2024-un-instant-vers-soi-une-journee-sous-le-signe-du-bien-etre-au-chateau-de-cremat\/\"},\"wordCount\":577,\"publisher\":{\"@id\":\"https:\/\/www.sortir06.fr\/actualites\/#organization\"},\"image\":{\"@id\":\"https:\/\/www.sortir06.fr\/actualites\/tourisme\/dimanche-22-septembre-2024-un-instant-vers-soi-une-journee-sous-le-signe-du-bien-etre-au-chateau-de-cremat\/#primaryimage\"},\"thumbnailUrl\":\"https:\/\/www.sortir06.fr\/actualites\/wp-content\/uploads\/2024\/09\/chateau-cremat-03.jpg\",\"keywords\":[\"Nice\"],\"articleSection\":[\"Tourisme\"],\"inLanguage\":\"fr-FR\"},{\"@type\":\"WebPage\",\"@id\":\"https:\/\/www.sortir06.fr\/actualites\/tourisme\/dimanche-22-septembre-2024-un-instant-vers-soi-une-journee-sous-le-signe-du-bien-etre-au-chateau-de-cremat\/\",\"url\":\"https:\/\/www.sortir06.fr\/actualites\/tourisme\/dimanche-22-septembre-2024-un-instant-vers-soi-une-journee-sous-le-signe-du-bien-etre-au-chateau-de-cremat\/\",\"name\":\"Dimanche 22 septembre 2024 : Un instant vers Soi - Une journ\u00e9e sous le signe du bien \u00eatre au Ch\u00e2teau de Cr\u00e9mat\",\"isPartOf\":{\"@id\":\"https:\/\/www.sortir06.fr\/actualites\/#website\"},\"primaryImageOfPage\":{\"@id\":\"https:\/\/www.sortir06.fr\/actualites\/tourisme\/dimanche-22-septembre-2024-un-instant-vers-soi-une-journee-sous-le-signe-du-bien-etre-au-chateau-de-cremat\/#primaryimage\"},\"image\":{\"@id\":\"https:\/\/www.sortir06.fr\/actualites\/tourisme\/dimanche-22-septembre-2024-un-instant-vers-soi-une-journee-sous-le-signe-du-bien-etre-au-chateau-de-cremat\/#primaryimage\"},\"thumbnailUrl\":\"https:\/\/www.sortir06.fr\/actualites\/wp-content\/uploads\/2024\/09\/chateau-cremat-03.jpg\",\"datePublished\":\"2024-09-03T11:28:08+00:00\",\"dateModified\":\"2025-05-29T11:24:00+00:00\",\"breadcrumb\":{\"@id\":\"https:\/\/www.sortir06.fr\/actualites\/tourisme\/dimanche-22-septembre-2024-un-instant-vers-soi-une-journee-sous-le-signe-du-bien-etre-au-chateau-de-cremat\/#breadcrumb\"},\"inLanguage\":\"fr-FR\",\"potentialAction\":[{\"@type\":\"ReadAction\",\"target\":[\"https:\/\/www.sortir06.fr\/actualites\/tourisme\/dimanche-22-septembre-2024-un-instant-vers-soi-une-journee-sous-le-signe-du-bien-etre-au-chateau-de-cremat\/\"]}]},{\"@type\":\"ImageObject\",\"inLanguage\":\"fr-FR\",\"@id\":\"https:\/\/www.sortir06.fr\/actualites\/tourisme\/dimanche-22-septembre-2024-un-instant-vers-soi-une-journee-sous-le-signe-du-bien-etre-au-chateau-de-cremat\/#primaryimage\",\"url\":\"https:\/\/www.sortir06.fr\/actualites\/wp-content\/uploads\/2024\/09\/chateau-cremat-03.jpg\",\"contentUrl\":\"https:\/\/www.sortir06.fr\/actualites\/wp-content\/uploads\/2024\/09\/chateau-cremat-03.jpg\",\"width\":1200,\"height\":904,\"caption\":\"Chateau de Cremat Nice\"},{\"@type\":\"BreadcrumbList\",\"@id\":\"https:\/\/www.sortir06.fr\/actualites\/tourisme\/dimanche-22-septembre-2024-un-instant-vers-soi-une-journee-sous-le-signe-du-bien-etre-au-chateau-de-cremat\/#breadcrumb\",\"itemListElement\":[{\"@type\":\"ListItem\",\"position\":1,\"name\":\"Accueil\",\"item\":\"https:\/\/www.sortir06.fr\/actualites\/\"},{\"@type\":\"ListItem\",\"position\":2,\"name\":\"Dimanche 22 septembre 2024 : Un instant vers Soi &#8211; Une journ\u00e9e sous le signe du bien \u00eatre au Ch\u00e2teau de Cr\u00e9mat\"}]},{\"@type\":\"WebSite\",\"@id\":\"https:\/\/www.sortir06.fr\/actualites\/#website\",\"url\":\"https:\/\/www.sortir06.fr\/actualites\/\",\"name\":\"Actualit\u00e9s C\u00f4te d\\\"Azur (06)\",\"description\":\"\",\"publisher\":{\"@id\":\"https:\/\/www.sortir06.fr\/actualites\/#organization\"},\"alternateName\":\"Retrouvez toutes les infos presse et news du d\u00e9partement des Alpes Maritimes\",\"potentialAction\":[{\"@type\":\"SearchAction\",\"target\":{\"@type\":\"EntryPoint\",\"urlTemplate\":\"https:\/\/www.sortir06.fr\/actualites\/?s={search_term_string}\"},\"query-input\":\"required name=search_term_string\"}],\"inLanguage\":\"fr-FR\"},{\"@type\":\"Organization\",\"@id\":\"https:\/\/www.sortir06.fr\/actualites\/#organization\",\"name\":\"Sortir 06 Actualit\u00e9s\",\"url\":\"https:\/\/www.sortir06.fr\/actualites\/\",\"logo\":{\"@type\":\"ImageObject\",\"inLanguage\":\"fr-FR\",\"@id\":\"https:\/\/www.sortir06.fr\/actualites\/#\/schema\/logo\/image\/\",\"url\":\"https:\/\/www.sortir06.fr\/actualites\/wp-content\/uploads\/2024\/08\/sortir06actualites-1.webp\",\"contentUrl\":\"https:\/\/www.sortir06.fr\/actualites\/wp-content\/uploads\/2024\/08\/sortir06actualites-1.webp\",\"width\":1200,\"height\":375,\"caption\":\"Sortir 06 Actualit\u00e9s\"},\"image\":{\"@id\":\"https:\/\/www.sortir06.fr\/actualites\/#\/schema\/logo\/image\/\"}},{\"@type\":\"Person\",\"@id\":\"https:\/\/www.sortir06.fr\/actualites\/#\/schema\/person\/d1da1901725ffa2aebaf8209035b2308\",\"name\":\"Melissa Musson\",\"sameAs\":[\"https:\/\/www.sortir06.fr\/actualites\"],\"url\":\"https:\/\/www.sortir06.fr\/actualites\/author\/admins06actu\/\"}]}<\/script>\n<!-- \/ Yoast SEO plugin. -->","yoast_head_json":{"title":"Dimanche 22 septembre 2024 : Un instant vers Soi - Une journ\u00e9e sous le signe du bien \u00eatre au Ch\u00e2teau de Cr\u00e9mat","robots":{"index":"index","follow":"follow","max-snippet":"max-snippet:-1","max-image-preview":"max-image-preview:large","max-video-preview":"max-video-preview:-1"},"canonical":"https:\/\/www.sortir06.fr\/actualites\/tourisme\/dimanche-22-septembre-2024-un-instant-vers-soi-une-journee-sous-le-signe-du-bien-etre-au-chateau-de-cremat\/","og_locale":"fr_FR","og_type":"article","og_title":"Dimanche 22 septembre 2024 : Un instant vers Soi - Une journ\u00e9e sous le signe du bien \u00eatre au Ch\u00e2teau de Cr\u00e9mat","og_description":"La rentr\u00e9e est toujours l\u2019occasion de prendre de bonnes r\u00e9solutions \u00e0 commencer par prendre soin de soi. L\u2019embl\u00e9matique Ch\u00e2teau de [&hellip;]","og_url":"https:\/\/www.sortir06.fr\/actualites\/tourisme\/dimanche-22-septembre-2024-un-instant-vers-soi-une-journee-sous-le-signe-du-bien-etre-au-chateau-de-cremat\/","og_site_name":"Actualit\u00e9s du 06 \/ Infos Presse","article_published_time":"2024-09-03T11:28:08+00:00","article_modified_time":"2025-05-29T11:24:00+00:00","og_image":[{"width":1200,"height":904,"url":"https:\/\/www.sortir06.fr\/actualites\/wp-content\/uploads\/2024\/09\/chateau-cremat-03.jpg","type":"image\/jpeg"}],"author":"Melissa Musson","twitter_card":"summary_large_image","twitter_misc":{"\u00c9crit par":"Melissa Musson","Dur\u00e9e de lecture estim\u00e9e":"5 minutes"},"schema":{"@context":"https:\/\/schema.org","@graph":[{"@type":"Article","@id":"https:\/\/www.sortir06.fr\/actualites\/tourisme\/dimanche-22-septembre-2024-un-instant-vers-soi-une-journee-sous-le-signe-du-bien-etre-au-chateau-de-cremat\/#article","isPartOf":{"@id":"https:\/\/www.sortir06.fr\/actualites\/tourisme\/dimanche-22-septembre-2024-un-instant-vers-soi-une-journee-sous-le-signe-du-bien-etre-au-chateau-de-cremat\/"},"author":{"name":"Melissa Musson","@id":"https:\/\/www.sortir06.fr\/actualites\/#\/schema\/person\/d1da1901725ffa2aebaf8209035b2308"},"headline":"Dimanche 22 septembre 2024 : Un instant vers Soi &#8211; Une journ\u00e9e sous le signe du bien \u00eatre au Ch\u00e2teau de Cr\u00e9mat","datePublished":"2024-09-03T11:28:08+00:00","dateModified":"2025-05-29T11:24:00+00:00","mainEntityOfPage":{"@id":"https:\/\/www.sortir06.fr\/actualites\/tourisme\/dimanche-22-septembre-2024-un-instant-vers-soi-une-journee-sous-le-signe-du-bien-etre-au-chateau-de-cremat\/"},"wordCount":577,"publisher":{"@id":"https:\/\/www.sortir06.fr\/actualites\/#organization"},"image":{"@id":"https:\/\/www.sortir06.fr\/actualites\/tourisme\/dimanche-22-septembre-2024-un-instant-vers-soi-une-journee-sous-le-signe-du-bien-etre-au-chateau-de-cremat\/#primaryimage"},"thumbnailUrl":"https:\/\/www.sortir06.fr\/actualites\/wp-content\/uploads\/2024\/09\/chateau-cremat-03.jpg","keywords":["Nice"],"articleSection":["Tourisme"],"inLanguage":"fr-FR"},{"@type":"WebPage","@id":"https:\/\/www.sortir06.fr\/actualites\/tourisme\/dimanche-22-septembre-2024-un-instant-vers-soi-une-journee-sous-le-signe-du-bien-etre-au-chateau-de-cremat\/","url":"https:\/\/www.sortir06.fr\/actualites\/tourisme\/dimanche-22-septembre-2024-un-instant-vers-soi-une-journee-sous-le-signe-du-bien-etre-au-chateau-de-cremat\/","name":"Dimanche 22 septembre 2024 : Un instant vers Soi - Une journ\u00e9e sous le signe du bien \u00eatre au Ch\u00e2teau de Cr\u00e9mat","isPartOf":{"@id":"https:\/\/www.sortir06.fr\/actualites\/#website"},"primaryImageOfPage":{"@id":"https:\/\/www.sortir06.fr\/actualites\/tourisme\/dimanche-22-septembre-2024-un-instant-vers-soi-une-journee-sous-le-signe-du-bien-etre-au-chateau-de-cremat\/#primaryimage"},"image":{"@id":"https:\/\/www.sortir06.fr\/actualites\/tourisme\/dimanche-22-septembre-2024-un-instant-vers-soi-une-journee-sous-le-signe-du-bien-etre-au-chateau-de-cremat\/#primaryimage"},"thumbnailUrl":"https:\/\/www.sortir06.fr\/actualites\/wp-content\/uploads\/2024\/09\/chateau-cremat-03.jpg","datePublished":"2024-09-03T11:28:08+00:00","dateModified":"2025-05-29T11:24:00+00:00","breadcrumb":{"@id":"https:\/\/www.sortir06.fr\/actualites\/tourisme\/dimanche-22-septembre-2024-un-instant-vers-soi-une-journee-sous-le-signe-du-bien-etre-au-chateau-de-cremat\/#breadcrumb"},"inLanguage":"fr-FR","potentialAction":[{"@type":"ReadAction","target":["https:\/\/www.sortir06.fr\/actualites\/tourisme\/dimanche-22-septembre-2024-un-instant-vers-soi-une-journee-sous-le-signe-du-bien-etre-au-chateau-de-cremat\/"]}]},{"@type":"ImageObject","inLanguage":"fr-FR","@id":"https:\/\/www.sortir06.fr\/actualites\/tourisme\/dimanche-22-septembre-2024-un-instant-vers-soi-une-journee-sous-le-signe-du-bien-etre-au-chateau-de-cremat\/#primaryimage","url":"https:\/\/www.sortir06.fr\/actualites\/wp-content\/uploads\/2024\/09\/chateau-cremat-03.jpg","contentUrl":"https:\/\/www.sortir06.fr\/actualites\/wp-content\/uploads\/2024\/09\/chateau-cremat-03.jpg","width":1200,"height":904,"caption":"Chateau de Cremat Nice"},{"@type":"BreadcrumbList","@id":"https:\/\/www.sortir06.fr\/actualites\/tourisme\/dimanche-22-septembre-2024-un-instant-vers-soi-une-journee-sous-le-signe-du-bien-etre-au-chateau-de-cremat\/#breadcrumb","itemListElement":[{"@type":"ListItem","position":1,"name":"Accueil","item":"https:\/\/www.sortir06.fr\/actualites\/"},{"@type":"ListItem","position":2,"name":"Dimanche 22 septembre 2024 : Un instant vers Soi &#8211; Une journ\u00e9e sous le signe du bien \u00eatre au Ch\u00e2teau de Cr\u00e9mat"}]},{"@type":"WebSite","@id":"https:\/\/www.sortir06.fr\/actualites\/#website","url":"https:\/\/www.sortir06.fr\/actualites\/","name":"Actualit\u00e9s C\u00f4te d\"Azur (06)","description":"","publisher":{"@id":"https:\/\/www.sortir06.fr\/actualites\/#organization"},"alternateName":"Retrouvez toutes les infos presse et news du d\u00e9partement des Alpes Maritimes","potentialAction":[{"@type":"SearchAction","target":{"@type":"EntryPoint","urlTemplate":"https:\/\/www.sortir06.fr\/actualites\/?s={search_term_string}"},"query-input":"required name=search_term_string"}],"inLanguage":"fr-FR"},{"@type":"Organization","@id":"https:\/\/www.sortir06.fr\/actualites\/#organization","name":"Sortir 06 Actualit\u00e9s","url":"https:\/\/www.sortir06.fr\/actualites\/","logo":{"@type":"ImageObject","inLanguage":"fr-FR","@id":"https:\/\/www.sortir06.fr\/actualites\/#\/schema\/logo\/image\/","url":"https:\/\/www.sortir06.fr\/actualites\/wp-content\/uploads\/2024\/08\/sortir06actualites-1.webp","contentUrl":"https:\/\/www.sortir06.fr\/actualites\/wp-content\/uploads\/2024\/08\/sortir06actualites-1.webp","width":1200,"height":375,"caption":"Sortir 06 Actualit\u00e9s"},"image":{"@id":"https:\/\/www.sortir06.fr\/actualites\/#\/schema\/logo\/image\/"}},{"@type":"Person","@id":"https:\/\/www.sortir06.fr\/actualites\/#\/schema\/person\/d1da1901725ffa2aebaf8209035b2308","name":"Melissa Musson","sameAs":["https:\/\/www.sortir06.fr\/actualites"],"url":"https:\/\/www.sortir06.fr\/actualites\/author\/admins06actu\/"}]}},"_links":{"self":[{"href":"https:\/\/www.sortir06.fr\/actualites\/wp-json\/wp\/v2\/posts\/872","targetHints":{"allow":["GET"]}}],"collection":[{"href":"https:\/\/www.sortir06.fr\/actualites\/wp-json\/wp\/v2\/posts"}],"about":[{"href":"https:\/\/www.sortir06.fr\/actualites\/wp-json\/wp\/v2\/types\/post"}],"author":[{"embeddable":true,"href":"https:\/\/www.sortir06.fr\/actualites\/wp-json\/wp\/v2\/users\/1"}],"replies":[{"embeddable":true,"href":"https:\/\/www.sortir06.fr\/actualites\/wp-json\/wp\/v2\/comments?post=872"}],"version-history":[{"count":13,"href":"https:\/\/www.sortir06.fr\/actualites\/wp-json\/wp\/v2\/posts\/872\/revisions"}],"predecessor-version":[{"id":1501,"href":"https:\/\/www.sortir06.fr\/actualites\/wp-json\/wp\/v2\/posts\/872\/revisions\/1501"}],"wp:featuredmedia":[{"embeddable":true,"href":"https:\/\/www.sortir06.fr\/actualites\/wp-json\/wp\/v2\/media\/879"}],"wp:attachment":[{"href":"https:\/\/www.sortir06.fr\/actualites\/wp-json\/wp\/v2\/media?parent=872"}],"wp:term":[{"taxonomy":"category","embeddable":true,"href":"https:\/\/www.sortir06.fr\/actualites\/wp-json\/wp\/v2\/categories?post=872"},{"taxonomy":"post_tag","embeddable":true,"href":"https:\/\/www.sortir06.fr\/actualites\/wp-json\/wp\/v2\/tags?post=872"}],"curies":[{"name":"wp","href":"https:\/\/api.w.org\/{rel}","templated":true}]}}